{"id":69033,"date":"2022-09-28T01:30:00","date_gmt":"2022-09-28T04:30:00","guid":{"rendered":"http:\/\/blogdoeloiltoncajuhy.com.br\/site\/?p=69033"},"modified":"2022-09-27T17:34:42","modified_gmt":"2022-09-27T20:34:42","slug":"saudade-em-28-de-setembro-nasceu-o-cantor-tim-maia","status":"publish","type":"post","link":"https:\/\/blogdoeloiltoncajuhy.com.br\/site\/saudade-em-28-de-setembro-nasceu-o-cantor-tim-maia\/","title":{"rendered":"Saudade: Em 28 de setembro nasceu o cantor Tim Maia"},"content":{"rendered":"\n<p><strong>Sebasti\u00e3o Rodrigues Maia<\/strong> (Rio de Janeiro, 28 de setembro de 1942 \u2014 Niter\u00f3i, 15 de mar\u00e7o de 1998). Foi um cantor, compositor, maestro, produtor musical, instrumentista e empres\u00e1rio brasileiro, respons\u00e1vel pela introdu\u00e7\u00e3o dos g\u00eaneros soul e funk na m\u00fasica popular brasileira e reconhecido como um dos maiores \u00edcones da m\u00fasica no Brasil.<\/p>\n\n\n\n<figure class=\"wp-block-image aligncenter size-large is-resized\"><a href=\"https:\/\/i0.wp.com\/blogdoeloiltoncajuhy.com.br\/site\/wp-content\/uploads\/2015\/09\/tim-maia.jpg\"><img data-recalc-dims=\"1\" fetchpriority=\"high\" decoding=\"async\" src=\"https:\/\/i0.wp.com\/blogdoeloiltoncajuhy.com.br\/site\/wp-content\/uploads\/2015\/09\/tim-maia.jpg?resize=504%2C568\" alt=\"\" class=\"wp-image-4378\" width=\"504\" height=\"568\" srcset=\"https:\/\/i0.wp.com\/blogdoeloiltoncajuhy.com.br\/site\/wp-content\/uploads\/2015\/09\/tim-maia.jpg?resize=907%2C1024&amp;ssl=1 907w, https:\/\/i0.wp.com\/blogdoeloiltoncajuhy.com.br\/site\/wp-content\/uploads\/2015\/09\/tim-maia.jpg?resize=266%2C300&amp;ssl=1 266w, https:\/\/i0.wp.com\/blogdoeloiltoncajuhy.com.br\/site\/wp-content\/uploads\/2015\/09\/tim-maia.jpg?resize=221%2C250&amp;ssl=1 221w, https:\/\/i0.wp.com\/blogdoeloiltoncajuhy.com.br\/site\/wp-content\/uploads\/2015\/09\/tim-maia.jpg?w=1063&amp;ssl=1 1063w\" sizes=\"(max-width: 504px) 100vw, 504px\" \/><\/a><\/figure>\n\n\n\n<p>Nasceu e cresceu na cidade do Rio de Janeiro, onde, durante a juventude, conviveu com Jorge Ben Jor e Erasmo Carlos. Em 1957, fundou o grupo The Sputniks, no qual cantou junto a Roberto Carlos. Em 1959, emigrou para os Estados Unidos, onde teve seus primeiros contatos com o soul, vindo a ser preso e deportado por roubo e porte de drogas. Em 1970, gravou seu primeiro \u00e1lbum, intitulado <strong>Tim Maia<\/strong> que, rapidamente, tornou-se um sucesso com m\u00fasicas como <em>&#8220;Azul da Cor do Mar&#8221;<\/em> e <em>&#8220;Primavera&#8221;<\/em>.<\/p>\n\n\n\n<p>Nos tr\u00eas anos seguintes, lan\u00e7ou v\u00e1rios discos hom\u00f4nimos, fazendo sucesso com can\u00e7\u00f5es como <em>&#8220;N\u00e3o Quero Dinheiro (S\u00f3 Quero Amar)&#8221;<\/em> e <em>&#8220;Gostava Tanto de Voc\u00ea&#8221;<\/em>. De julho de 1974 a 25 de setembro de 1975, lan\u00e7ou dois discos, com destaque para <em>&#8220;Que Beleza&#8221;<\/em> e <em>&#8220;O Caminho do Bem&#8221;<\/em>.<\/p>\n\n\n\n<p>Em seguida, lan\u00e7ou sucessos como <em>&#8220;Descobridor dos Sete Mares&#8221;<\/em> e <em>&#8220;Me D\u00ea Motivo&#8221;<\/em>. Muitas de suas m\u00fasicas foram gravadas sob a editora Seroma e a gravadora Vit\u00f3ria R\u00e9gia Discos, sendo um dos primeiros artistas independentes do Brasil. Ganhou o apelido de &#8220;s\u00edndico do Brasil&#8221; de seu amigo Jorge Ben Jor na m\u00fasica W\/Brasil.<\/p>\n\n\n\n<figure class=\"wp-block-image aligncenter size-full is-resized\"><a href=\"https:\/\/i0.wp.com\/blogdoeloiltoncajuhy.com.br\/site\/wp-content\/uploads\/2022\/09\/tim-maia-15471.png\"><img data-recalc-dims=\"1\" decoding=\"async\" src=\"https:\/\/i0.wp.com\/blogdoeloiltoncajuhy.com.br\/site\/wp-content\/uploads\/2022\/09\/tim-maia-15471.png?resize=573%2C430\" alt=\"\" class=\"wp-image-69034\" width=\"573\" height=\"430\" srcset=\"https:\/\/i0.wp.com\/blogdoeloiltoncajuhy.com.br\/site\/wp-content\/uploads\/2022\/09\/tim-maia-15471.png?w=1024&amp;ssl=1 1024w, https:\/\/i0.wp.com\/blogdoeloiltoncajuhy.com.br\/site\/wp-content\/uploads\/2022\/09\/tim-maia-15471.png?resize=300%2C225&amp;ssl=1 300w, https:\/\/i0.wp.com\/blogdoeloiltoncajuhy.com.br\/site\/wp-content\/uploads\/2022\/09\/tim-maia-15471.png?resize=768%2C576&amp;ssl=1 768w\" sizes=\"(max-width: 573px) 100vw, 573px\" \/><\/a><\/figure>\n\n\n\n<p>Na d\u00e9cada de 1990, diversos problemas assolaram a vida do cantor: problemas com as Organiza\u00e7\u00f5es Globo e a sa\u00fade prec\u00e1ria, devido ao uso constante de drogas e ao agravamento de seu grau de obesidade. Sem condi\u00e7\u00f5es de realizar uma apresenta\u00e7\u00e3o no Teatro Municipal de Niter\u00f3i, saiu em uma ambul\u00e2ncia e, ap\u00f3s duas paradas cardiorrespirat\u00f3rias, morreu em 15 de mar\u00e7o de 1998.<\/p>\n\n\n\n<p>\u00c9 amplo seu legado \u00e0 hist\u00f3ria da m\u00fasica brasileira, e sua obra veio a influenciar diversos artistas, como seu sobrinho Ed Motta e seu filho L\u00e9o Maia (tamb\u00e9m cantores). A revista Rolling Stone Brasil classificou Tim Maia como o maior cantor brasileiro de todos os tempos, e tamb\u00e9m como o 9\u00ba maior artista da m\u00fasica brasileira.<\/p>\n","protected":false},"excerpt":{"rendered":"<p>Sebasti\u00e3o Rodrigues Maia (Rio de Janeiro, 28 de setembro de 1942 \u2014 Niter\u00f3i, 15 de mar\u00e7o de 1998). Foi um cantor, compositor, maestro, produtor musical, instrumentista e empres\u00e1rio brasileiro, respons\u00e1vel pela introdu\u00e7\u00e3o dos g\u00eaneros soul e funk na m\u00fasica popular brasileira e reconhecido como um dos maiores \u00edcones da m\u00fasica no Brasil. Nasceu e cresceu [&hellip;]<\/p>\n","protected":false},"author":2,"featured_media":69035,"comment_status":"open","ping_status":"open","sticky":false,"template":"","format":"standard","meta":{"_acf_changed":false,"_monsterinsights_skip_tracking":false,"_monsterinsights_sitenote_active":false,"_monsterinsights_sitenote_note":"","_monsterinsights_sitenote_category":0,"_jetpack_memberships_contains_paid_content":false,"footnotes":"","jetpack_publicize_message":"","jetpack_publicize_feature_enabled":true,"jetpack_social_post_already_shared":true,"jetpack_social_options":{"image_generator_settings":{"template":"highway","default_image_id":0,"font":"","enabled":false},"version":2}},"categories":[12],"tags":[],"class_list":["post-69033","post","type-post","status-publish","format-standard","has-post-thumbnail","hentry","category-gente-que-faz-a-nossa-historia"],"acf":[],"jetpack_publicize_connections":[],"jetpack_featured_media_url":"https:\/\/i0.wp.com\/blogdoeloiltoncajuhy.com.br\/site\/wp-content\/uploads\/2022\/09\/TimMaia-DI01575.jpg?fit=400%2C400&ssl=1","jetpack_sharing_enabled":true,"publishpress_future_workflow_manual_trigger":{"enabledWorkflows":[]},"_links":{"self":[{"href":"https:\/\/blogdoeloiltoncajuhy.com.br\/site\/wp-json\/wp\/v2\/posts\/69033","targetHints":{"allow":["GET"]}}],"collection":[{"href":"https:\/\/blogdoeloiltoncajuhy.com.br\/site\/wp-json\/wp\/v2\/posts"}],"about":[{"href":"https:\/\/blogdoeloiltoncajuhy.com.br\/site\/wp-json\/wp\/v2\/types\/post"}],"author":[{"embeddable":true,"href":"https:\/\/blogdoeloiltoncajuhy.com.br\/site\/wp-json\/wp\/v2\/users\/2"}],"replies":[{"embeddable":true,"href":"https:\/\/blogdoeloiltoncajuhy.com.br\/site\/wp-json\/wp\/v2\/comments?post=69033"}],"version-history":[{"count":2,"href":"https:\/\/blogdoeloiltoncajuhy.com.br\/site\/wp-json\/wp\/v2\/posts\/69033\/revisions"}],"predecessor-version":[{"id":69037,"href":"https:\/\/blogdoeloiltoncajuhy.com.br\/site\/wp-json\/wp\/v2\/posts\/69033\/revisions\/69037"}],"wp:featuredmedia":[{"embeddable":true,"href":"https:\/\/blogdoeloiltoncajuhy.com.br\/site\/wp-json\/wp\/v2\/media\/69035"}],"wp:attachment":[{"href":"https:\/\/blogdoeloiltoncajuhy.com.br\/site\/wp-json\/wp\/v2\/media?parent=69033"}],"wp:term":[{"taxonomy":"category","embeddable":true,"href":"https:\/\/blogdoeloiltoncajuhy.com.br\/site\/wp-json\/wp\/v2\/categories?post=69033"},{"taxonomy":"post_tag","embeddable":true,"href":"https:\/\/blogdoeloiltoncajuhy.com.br\/site\/wp-json\/wp\/v2\/tags?post=69033"}],"curies":[{"name":"wp","href":"https:\/\/api.w.org\/{rel}","templated":true}]}}