{"id":69030,"date":"2022-09-28T00:20:00","date_gmt":"2022-09-28T03:20:00","guid":{"rendered":"http:\/\/blogdoeloiltoncajuhy.com.br\/site\/?p=69030"},"modified":"2022-09-27T17:23:04","modified_gmt":"2022-09-27T20:23:04","slug":"28-de-setembro-dia-mundial-de-luta-contra-a-raiva","status":"publish","type":"post","link":"https:\/\/blogdoeloiltoncajuhy.com.br\/site\/28-de-setembro-dia-mundial-de-luta-contra-a-raiva\/","title":{"rendered":"28 de setembro &#8211; Dia Mundial de Luta contra a Raiva"},"content":{"rendered":"\n<figure class=\"wp-block-image aligncenter size-full is-resized\"><a href=\"https:\/\/i0.wp.com\/blogdoeloiltoncajuhy.com.br\/site\/wp-content\/uploads\/2017\/11\/feira-de-animais.jpg\"><img data-recalc-dims=\"1\" fetchpriority=\"high\" decoding=\"async\" src=\"https:\/\/i0.wp.com\/blogdoeloiltoncajuhy.com.br\/site\/wp-content\/uploads\/2017\/11\/feira-de-animais.jpg?resize=608%2C333\" alt=\"\" class=\"wp-image-21544\" width=\"608\" height=\"333\" srcset=\"https:\/\/i0.wp.com\/blogdoeloiltoncajuhy.com.br\/site\/wp-content\/uploads\/2017\/11\/feira-de-animais.jpg?w=480&amp;ssl=1 480w, https:\/\/i0.wp.com\/blogdoeloiltoncajuhy.com.br\/site\/wp-content\/uploads\/2017\/11\/feira-de-animais.jpg?resize=300%2C164&amp;ssl=1 300w, https:\/\/i0.wp.com\/blogdoeloiltoncajuhy.com.br\/site\/wp-content\/uploads\/2017\/11\/feira-de-animais.jpg?resize=250%2C137&amp;ssl=1 250w\" sizes=\"(max-width: 608px) 100vw, 608px\" \/><\/a><\/figure>\n\n\n\n<p>O <strong>Dia Mundial de Luta contra a Raiva<\/strong> tem o intuito de conscientizar sobre as consequ\u00eancias da raiva humana e animal, e explicar a maneira de preveni-la. A data foi escolhida em homenagem a Louis Pasteur, que produziu a primeira vacina contra a raiva.<\/p>\n\n\n\n<p>A raiva \u00e9 uma infec\u00e7\u00e3o viral que \u00e9 transmitida pela saliva de animais infectados, geralmente atrav\u00e9s de mordidas e arranh\u00f5es. Ap\u00f3s o contato com a pele lesionada, o v\u00edrus entra no corpo e chega ao c\u00e9rebro, causando incha\u00e7o ou inflama\u00e7\u00e3o. A maioria dos casos fatais ocorre em crian\u00e7as.<\/p>\n\n\n\n<p>Os principais sintomas em humanos s\u00e3o: inquietude e perturba\u00e7\u00e3o do sono, queima\u00e7\u00e3o, formigamento e dor no local da mordida, febre e crises convulsivas. O per\u00edodo, que \u00e9 chamado de incuba\u00e7\u00e3o, entre a infec\u00e7\u00e3o e manifesta\u00e7\u00e3o da doen\u00e7a varia de dez dias a sete anos. Logo ap\u00f3s apresentar os sintomas, a doen\u00e7a \u00e9 quase sempre fatal.<\/p>\n\n\n\n<p>O Sistema \u00danico de Sa\u00fade (SUS) disponibiliza vacinas e soros antirr\u00e1bicos que s\u00e3o prescritos pelo m\u00e9dico ou enfermeiro. Uma das estrat\u00e9gias mais importantes para o controle da doen\u00e7a \u00e9 a efic\u00e1cia das vacinas para as pessoas e os animais. Por isso, a import\u00e2ncia da vacina\u00e7\u00e3o, al\u00e9m das pessoas, nos animais dom\u00e9sticos.<\/p>\n","protected":false},"excerpt":{"rendered":"<p>O Dia Mundial de Luta contra a Raiva tem o intuito de conscientizar sobre as consequ\u00eancias da raiva humana e animal, e explicar a maneira de preveni-la. A data foi escolhida em homenagem a Louis Pasteur, que produziu a primeira vacina contra a raiva. A raiva \u00e9 uma infec\u00e7\u00e3o viral que \u00e9 transmitida pela saliva [&hellip;]<\/p>\n","protected":false},"author":2,"featured_media":18815,"comment_status":"open","ping_status":"open","sticky":false,"template":"","format":"standard","meta":{"_acf_changed":false,"_monsterinsights_skip_tracking":false,"_monsterinsights_sitenote_active":false,"_monsterinsights_sitenote_note":"","_monsterinsights_sitenote_category":0,"_jetpack_memberships_contains_paid_content":false,"footnotes":"","jetpack_publicize_message":"","jetpack_publicize_feature_enabled":true,"jetpack_social_post_already_shared":true,"jetpack_social_options":{"image_generator_settings":{"template":"highway","default_image_id":0,"font":"","enabled":false},"version":2}},"categories":[5],"tags":[],"class_list":["post-69030","post","type-post","status-publish","format-standard","has-post-thumbnail","hentry","category-cotidiano"],"acf":[],"jetpack_publicize_connections":[],"jetpack_featured_media_url":"https:\/\/i0.wp.com\/blogdoeloiltoncajuhy.com.br\/site\/wp-content\/uploads\/2017\/07\/Caes-e-Gatos-1-e1500381744635.jpg?fit=500%2C295&ssl=1","jetpack_sharing_enabled":true,"publishpress_future_workflow_manual_trigger":{"enabledWorkflows":[]},"_links":{"self":[{"href":"https:\/\/blogdoeloiltoncajuhy.com.br\/site\/wp-json\/wp\/v2\/posts\/69030","targetHints":{"allow":["GET"]}}],"collection":[{"href":"https:\/\/blogdoeloiltoncajuhy.com.br\/site\/wp-json\/wp\/v2\/posts"}],"about":[{"href":"https:\/\/blogdoeloiltoncajuhy.com.br\/site\/wp-json\/wp\/v2\/types\/post"}],"author":[{"embeddable":true,"href":"https:\/\/blogdoeloiltoncajuhy.com.br\/site\/wp-json\/wp\/v2\/users\/2"}],"replies":[{"embeddable":true,"href":"https:\/\/blogdoeloiltoncajuhy.com.br\/site\/wp-json\/wp\/v2\/comments?post=69030"}],"version-history":[{"count":2,"href":"https:\/\/blogdoeloiltoncajuhy.com.br\/site\/wp-json\/wp\/v2\/posts\/69030\/revisions"}],"predecessor-version":[{"id":69032,"href":"https:\/\/blogdoeloiltoncajuhy.com.br\/site\/wp-json\/wp\/v2\/posts\/69030\/revisions\/69032"}],"wp:featuredmedia":[{"embeddable":true,"href":"https:\/\/blogdoeloiltoncajuhy.com.br\/site\/wp-json\/wp\/v2\/media\/18815"}],"wp:attachment":[{"href":"https:\/\/blogdoeloiltoncajuhy.com.br\/site\/wp-json\/wp\/v2\/media?parent=69030"}],"wp:term":[{"taxonomy":"category","embeddable":true,"href":"https:\/\/blogdoeloiltoncajuhy.com.br\/site\/wp-json\/wp\/v2\/categories?post=69030"},{"taxonomy":"post_tag","embeddable":true,"href":"https:\/\/blogdoeloiltoncajuhy.com.br\/site\/wp-json\/wp\/v2\/tags?post=69030"}],"curies":[{"name":"wp","href":"https:\/\/api.w.org\/{rel}","templated":true}]}}