{"id":66627,"date":"2022-07-19T09:25:23","date_gmt":"2022-07-19T12:25:23","guid":{"rendered":"http:\/\/blogdoeloiltoncajuhy.com.br\/site\/?p=66627"},"modified":"2022-07-19T10:56:22","modified_gmt":"2022-07-19T13:56:22","slug":"preso-por-matar-jovem-a-pedradas-na-bahia-disse-a-policia-que-tinha-relacionamento-com-vitima","status":"publish","type":"post","link":"https:\/\/blogdoeloiltoncajuhy.com.br\/site\/preso-por-matar-jovem-a-pedradas-na-bahia-disse-a-policia-que-tinha-relacionamento-com-vitima\/","title":{"rendered":"Preso por matar jovem a pedradas na Bahia disse \u00e0 pol\u00edcia que tinha relacionamento com v\u00edtima"},"content":{"rendered":"\n<p class=\"has-text-align-center has-medium-font-size\"><em>Homem confessou crime e disse que o cometeu ap\u00f3s uma discuss\u00e3o do casal.<\/em><\/p>\n\n\n\n<p>Atualizado em 19 de julho de 2022 \u00e0s 10h55.<\/p>\n\n\n\n<figure class=\"wp-block-image aligncenter size-full is-resized\"><a href=\"https:\/\/i0.wp.com\/blogdoeloiltoncajuhy.com.br\/site\/wp-content\/uploads\/2022\/07\/CF_Lucas-Felipe.webp\"><img data-recalc-dims=\"1\" fetchpriority=\"high\" decoding=\"async\" src=\"https:\/\/i0.wp.com\/blogdoeloiltoncajuhy.com.br\/site\/wp-content\/uploads\/2022\/07\/CF_Lucas-Felipe.webp?resize=492%2C485\" alt=\"\" class=\"wp-image-66628\" width=\"492\" height=\"485\" srcset=\"https:\/\/i0.wp.com\/blogdoeloiltoncajuhy.com.br\/site\/wp-content\/uploads\/2022\/07\/CF_Lucas-Felipe.webp?w=984&amp;ssl=1 984w, https:\/\/i0.wp.com\/blogdoeloiltoncajuhy.com.br\/site\/wp-content\/uploads\/2022\/07\/CF_Lucas-Felipe.webp?resize=300%2C295&amp;ssl=1 300w, https:\/\/i0.wp.com\/blogdoeloiltoncajuhy.com.br\/site\/wp-content\/uploads\/2022\/07\/CF_Lucas-Felipe.webp?resize=768%2C756&amp;ssl=1 768w\" sizes=\"(max-width: 492px) 100vw, 492px\" \/><\/a><figcaption><sub>Homem \u00e9 encontrado morto a pedradas dentro de clube social em Campo Formoso \u2014 Foto: Reprodu\u00e7\u00e3o\/Redes Sociais<\/sub><\/figcaption><\/figure>\n\n\n\n<p>O homem que foi preso por matar um jovem de 28 anos a pedradas na cidade de Campo Formoso, disse \u00e0 pol\u00edcia que tinha um relacionamento afetivo com a v\u00edtima. Ele confessou o crime e disse que o cometeu ap\u00f3s uma discuss\u00e3o do casal.<\/p>\n\n\n\n<p><strong>Lucas Felipe Viana de Santana<\/strong> foi encontrado morto no domingo (19), dentro de clube social. O homem foi preso em flagrante na segunda-feira (18). O nome dele n\u00e3o foi divulgado por causa da Lei de Abuso de Autoridade.<\/p>\n\n\n\n<p>A Pol\u00edcia Militar informou que recebeu informa\u00e7\u00f5es, por volta 16h20 de domingo, de que um homem estava morto dentro do clube. Ao chegarem ao local, os policiais encontraram o corpo com marcas de pedradas na cabe\u00e7a e no t\u00f3rax. Segundo a Pol\u00edcia Civil, que investiga o caso, al\u00e9m das pedradas, Lucas Felipe tamb\u00e9m foi espancado.<\/p>\n\n\n\n<p>O corpo dele foi levado para necropsia no Instituto M\u00e9dico Legal (IML), no Departamento de Pol\u00edcia T\u00e9cnica (DPT) em Senhor do Bonfim, munic\u00edpio na mesma regi\u00e3o. N\u00e3o h\u00e1 detalhes sobre o sepultamento de Lucas Felipe.<\/p>\n","protected":false},"excerpt":{"rendered":"<p>Homem confessou crime e disse que o cometeu ap\u00f3s uma discuss\u00e3o do casal. Atualizado em 19 de julho de 2022 \u00e0s 10h55. O homem que foi preso por matar um jovem de 28 anos a pedradas na cidade de Campo Formoso, disse \u00e0 pol\u00edcia que tinha um relacionamento afetivo com a v\u00edtima. Ele confessou o [&hellip;]<\/p>\n","protected":false},"author":2,"featured_media":66628,"comment_status":"open","ping_status":"open","sticky":false,"template":"","format":"standard","meta":{"_acf_changed":false,"_monsterinsights_skip_tracking":false,"_monsterinsights_sitenote_active":false,"_monsterinsights_sitenote_note":"","_monsterinsights_sitenote_category":0,"_jetpack_memberships_contains_paid_content":false,"footnotes":"","jetpack_publicize_message":"","jetpack_publicize_feature_enabled":true,"jetpack_social_post_already_shared":true,"jetpack_social_options":{"image_generator_settings":{"template":"highway","default_image_id":0,"font":"","enabled":false},"version":2}},"categories":[15],"tags":[],"class_list":["post-66627","post","type-post","status-publish","format-standard","has-post-thumbnail","hentry","category-policia"],"acf":[],"jetpack_publicize_connections":[],"jetpack_featured_media_url":"https:\/\/i0.wp.com\/blogdoeloiltoncajuhy.com.br\/site\/wp-content\/uploads\/2022\/07\/CF_Lucas-Felipe.webp?fit=984%2C969&ssl=1","jetpack_sharing_enabled":true,"publishpress_future_workflow_manual_trigger":{"enabledWorkflows":[]},"_links":{"self":[{"href":"https:\/\/blogdoeloiltoncajuhy.com.br\/site\/wp-json\/wp\/v2\/posts\/66627","targetHints":{"allow":["GET"]}}],"collection":[{"href":"https:\/\/blogdoeloiltoncajuhy.com.br\/site\/wp-json\/wp\/v2\/posts"}],"about":[{"href":"https:\/\/blogdoeloiltoncajuhy.com.br\/site\/wp-json\/wp\/v2\/types\/post"}],"author":[{"embeddable":true,"href":"https:\/\/blogdoeloiltoncajuhy.com.br\/site\/wp-json\/wp\/v2\/users\/2"}],"replies":[{"embeddable":true,"href":"https:\/\/blogdoeloiltoncajuhy.com.br\/site\/wp-json\/wp\/v2\/comments?post=66627"}],"version-history":[{"count":5,"href":"https:\/\/blogdoeloiltoncajuhy.com.br\/site\/wp-json\/wp\/v2\/posts\/66627\/revisions"}],"predecessor-version":[{"id":66651,"href":"https:\/\/blogdoeloiltoncajuhy.com.br\/site\/wp-json\/wp\/v2\/posts\/66627\/revisions\/66651"}],"wp:featuredmedia":[{"embeddable":true,"href":"https:\/\/blogdoeloiltoncajuhy.com.br\/site\/wp-json\/wp\/v2\/media\/66628"}],"wp:attachment":[{"href":"https:\/\/blogdoeloiltoncajuhy.com.br\/site\/wp-json\/wp\/v2\/media?parent=66627"}],"wp:term":[{"taxonomy":"category","embeddable":true,"href":"https:\/\/blogdoeloiltoncajuhy.com.br\/site\/wp-json\/wp\/v2\/categories?post=66627"},{"taxonomy":"post_tag","embeddable":true,"href":"https:\/\/blogdoeloiltoncajuhy.com.br\/site\/wp-json\/wp\/v2\/tags?post=66627"}],"curies":[{"name":"wp","href":"https:\/\/api.w.org\/{rel}","templated":true}]}}