{"id":66625,"date":"2022-07-19T09:14:16","date_gmt":"2022-07-19T12:14:16","guid":{"rendered":"http:\/\/blogdoeloiltoncajuhy.com.br\/site\/?p=66625"},"modified":"2022-07-19T09:14:18","modified_gmt":"2022-07-19T12:14:18","slug":"vereador-e-pre-candidato-a-deputado-estadual-emerson-penalva-diz-que-pesquisa-seculus-trouxe-a-turma-do-pt-de-volta-a-realidade","status":"publish","type":"post","link":"https:\/\/blogdoeloiltoncajuhy.com.br\/site\/vereador-e-pre-candidato-a-deputado-estadual-emerson-penalva-diz-que-pesquisa-seculus-trouxe-a-turma-do-pt-de-volta-a-realidade\/","title":{"rendered":"Vereador e pr\u00e9-candidato a deputado estadual Emerson Penalva diz que pesquisa S\u00e9culus &#8220;trouxe a turma do PT de volta \u00e0 realidade&#8221;"},"content":{"rendered":"\n<figure class=\"wp-block-image aligncenter size-full is-resized\"><a href=\"https:\/\/i0.wp.com\/blogdoeloiltoncajuhy.com.br\/site\/wp-content\/uploads\/2022\/06\/Emerson-Penalva-12062022.jpeg\"><img data-recalc-dims=\"1\" fetchpriority=\"high\" decoding=\"async\" src=\"https:\/\/i0.wp.com\/blogdoeloiltoncajuhy.com.br\/site\/wp-content\/uploads\/2022\/06\/Emerson-Penalva-12062022.jpeg?resize=414%2C466\" alt=\"\" class=\"wp-image-65778\" width=\"414\" height=\"466\" srcset=\"https:\/\/i0.wp.com\/blogdoeloiltoncajuhy.com.br\/site\/wp-content\/uploads\/2022\/06\/Emerson-Penalva-12062022.jpeg?w=828&amp;ssl=1 828w, https:\/\/i0.wp.com\/blogdoeloiltoncajuhy.com.br\/site\/wp-content\/uploads\/2022\/06\/Emerson-Penalva-12062022.jpeg?resize=267%2C300&amp;ssl=1 267w, https:\/\/i0.wp.com\/blogdoeloiltoncajuhy.com.br\/site\/wp-content\/uploads\/2022\/06\/Emerson-Penalva-12062022.jpeg?resize=768%2C864&amp;ssl=1 768w\" sizes=\"(max-width: 414px) 100vw, 414px\" \/><\/a><\/figure>\n\n\n\n<p>L\u00edder do PDT na C\u00e2mara Municipal de Salvador, o vereador Emerson Penalva afirmou nesta ter\u00e7a-feira (19) que a pesquisa S\u00e9culus para o governo da Bahia &#8220;trouxe a turma do PT de volta \u00e0 realidade&#8221;. &#8220;A fantasia alimentada por uma enquete manipulada durou pouco tempo e n\u00e3o resistiu \u00e0 primeira pesquisa s\u00e9ria ap\u00f3s o vexame condenado at\u00e9 pela Justi\u00e7a Eleitoral&#8221;, emendou.<\/p>\n\n\n\n<p>Segundo o levantamento, o pr\u00e9-candidato do Uni\u00e3o Brasil, ACM Neto, venceria o pleito no primeiro turno, mesmo quando os advers\u00e1rios s\u00e3o associados a apoiadores petistas. Sempre de forma independente, sem ter o nome associado a qualquer outro pol\u00edtico, o ex-prefeito lidera com 61,60% e 54,06%, a depender do cen\u00e1rio estimulado.<\/p>\n\n\n\n<p>&#8220;O sentimento nas ruas \u00e9 de mudan\u00e7a, pois a Bahia n\u00e3o aguenta mais ter os piores indicadores na seguran\u00e7a, na gera\u00e7\u00e3o de emprego e na educa\u00e7\u00e3o. Esse \u00e9 o legado do PT que a popula\u00e7\u00e3o quer dar um basta. E ACM Neto, como fez com Salvador, vai transformar a Bahia, declarou Penalva.<\/p>\n","protected":false},"excerpt":{"rendered":"<p>L\u00edder do PDT na C\u00e2mara Municipal de Salvador, o vereador Emerson Penalva afirmou nesta ter\u00e7a-feira (19) que a pesquisa S\u00e9culus para o governo da Bahia &#8220;trouxe a turma do PT de volta \u00e0 realidade&#8221;. &#8220;A fantasia alimentada por uma enquete manipulada durou pouco tempo e n\u00e3o resistiu \u00e0 primeira pesquisa s\u00e9ria ap\u00f3s o vexame condenado [&hellip;]<\/p>\n","protected":false},"author":2,"featured_media":64351,"comment_status":"open","ping_status":"open","sticky":false,"template":"","format":"standard","meta":{"_acf_changed":false,"_monsterinsights_skip_tracking":false,"_monsterinsights_sitenote_active":false,"_monsterinsights_sitenote_note":"","_monsterinsights_sitenote_category":0,"_jetpack_memberships_contains_paid_content":false,"footnotes":"","jetpack_publicize_message":"","jetpack_publicize_feature_enabled":true,"jetpack_social_post_already_shared":true,"jetpack_social_options":{"image_generator_settings":{"template":"highway","default_image_id":0,"font":"","enabled":false},"version":2}},"categories":[3],"tags":[],"class_list":["post-66625","post","type-post","status-publish","format-standard","has-post-thumbnail","hentry","category-politica"],"acf":[],"jetpack_publicize_connections":[],"jetpack_featured_media_url":"https:\/\/i0.wp.com\/blogdoeloiltoncajuhy.com.br\/site\/wp-content\/uploads\/2022\/04\/Emerson-Penalva-19042022.jpeg?fit=520%2C386&ssl=1","jetpack_sharing_enabled":true,"publishpress_future_workflow_manual_trigger":{"enabledWorkflows":[]},"_links":{"self":[{"href":"https:\/\/blogdoeloiltoncajuhy.com.br\/site\/wp-json\/wp\/v2\/posts\/66625","targetHints":{"allow":["GET"]}}],"collection":[{"href":"https:\/\/blogdoeloiltoncajuhy.com.br\/site\/wp-json\/wp\/v2\/posts"}],"about":[{"href":"https:\/\/blogdoeloiltoncajuhy.com.br\/site\/wp-json\/wp\/v2\/types\/post"}],"author":[{"embeddable":true,"href":"https:\/\/blogdoeloiltoncajuhy.com.br\/site\/wp-json\/wp\/v2\/users\/2"}],"replies":[{"embeddable":true,"href":"https:\/\/blogdoeloiltoncajuhy.com.br\/site\/wp-json\/wp\/v2\/comments?post=66625"}],"version-history":[{"count":1,"href":"https:\/\/blogdoeloiltoncajuhy.com.br\/site\/wp-json\/wp\/v2\/posts\/66625\/revisions"}],"predecessor-version":[{"id":66626,"href":"https:\/\/blogdoeloiltoncajuhy.com.br\/site\/wp-json\/wp\/v2\/posts\/66625\/revisions\/66626"}],"wp:featuredmedia":[{"embeddable":true,"href":"https:\/\/blogdoeloiltoncajuhy.com.br\/site\/wp-json\/wp\/v2\/media\/64351"}],"wp:attachment":[{"href":"https:\/\/blogdoeloiltoncajuhy.com.br\/site\/wp-json\/wp\/v2\/media?parent=66625"}],"wp:term":[{"taxonomy":"category","embeddable":true,"href":"https:\/\/blogdoeloiltoncajuhy.com.br\/site\/wp-json\/wp\/v2\/categories?post=66625"},{"taxonomy":"post_tag","embeddable":true,"href":"https:\/\/blogdoeloiltoncajuhy.com.br\/site\/wp-json\/wp\/v2\/tags?post=66625"}],"curies":[{"name":"wp","href":"https:\/\/api.w.org\/{rel}","templated":true}]}}