{"id":66619,"date":"2022-07-18T18:48:40","date_gmt":"2022-07-18T21:48:40","guid":{"rendered":"http:\/\/blogdoeloiltoncajuhy.com.br\/site\/?p=66619"},"modified":"2022-07-18T18:48:42","modified_gmt":"2022-07-18T21:48:42","slug":"vereador-e-pre-candidato-a-deputado-estadual-emerson-penalva-foi-o-unico-politico-a-defender-comunidades-lgbts-em-salvador","status":"publish","type":"post","link":"https:\/\/blogdoeloiltoncajuhy.com.br\/site\/vereador-e-pre-candidato-a-deputado-estadual-emerson-penalva-foi-o-unico-politico-a-defender-comunidades-lgbts-em-salvador\/","title":{"rendered":"Vereador e pr\u00e9-candidato a deputado estadual Emerson Penalva foi o \u00fanico pol\u00edtico a defender comunidades LGBTs em Salvador"},"content":{"rendered":"\n<figure class=\"wp-block-image aligncenter size-full\"><a href=\"https:\/\/i0.wp.com\/blogdoeloiltoncajuhy.com.br\/site\/wp-content\/uploads\/2022\/07\/IMG-20220718-WA0041.jpg\"><img data-recalc-dims=\"1\" fetchpriority=\"high\" decoding=\"async\" width=\"800\" height=\"570\" src=\"https:\/\/i0.wp.com\/blogdoeloiltoncajuhy.com.br\/site\/wp-content\/uploads\/2022\/07\/IMG-20220718-WA0041.jpg?resize=800%2C570\" alt=\"\" class=\"wp-image-66620\" srcset=\"https:\/\/i0.wp.com\/blogdoeloiltoncajuhy.com.br\/site\/wp-content\/uploads\/2022\/07\/IMG-20220718-WA0041.jpg?w=1024&amp;ssl=1 1024w, https:\/\/i0.wp.com\/blogdoeloiltoncajuhy.com.br\/site\/wp-content\/uploads\/2022\/07\/IMG-20220718-WA0041.jpg?resize=300%2C214&amp;ssl=1 300w, https:\/\/i0.wp.com\/blogdoeloiltoncajuhy.com.br\/site\/wp-content\/uploads\/2022\/07\/IMG-20220718-WA0041.jpg?resize=768%2C548&amp;ssl=1 768w\" sizes=\"(max-width: 800px) 100vw, 800px\" \/><\/a><\/figure>\n\n\n\n<p>A presidente da comunidade LGBTQIAP+ do bairro de S\u00e3o Crist\u00f3v\u00e3o, em Salvador, conhecida como Dricka do Acaraj\u00e9, exaltou a proatividade do vereador e pr\u00e9-candidato a deputado estadual, Emerson Penalva (PDT), sobre as a\u00e7\u00f5es voltadas para as pessoas do movimento.<\/p>\n\n\n\n<p>Segundo a l\u00edder, Penalva foi o \u00fanico pol\u00edtico que se empenhou para realizar a segunda parada LGBTQIAP+ do bairro, que aconteceu neste domingo (17). \u201c\u00c9 um momento \u00fanico e emocionante para n\u00f3s LGBTs do bairro de S\u00e3o Crist\u00f3v\u00e3o, receber aqui a \u00fanica pessoa que olhou para n\u00f3s, LGBTs deste bairro e que n\u00e3o exitou em abrir as portas para que n\u00f3s pud\u00e9ssemos, atrav\u00e9s de m\u00e9todos legais, realizar a segunda parada do orgulho LGBT do nosso bairro\u201d, declarou Dricka.<\/p>\n\n\n\n<p>Penalva destacou a import\u00e2ncia do evento para a comunidade. \u201cVale lembrar que segundo o Observat\u00f3rio de Mortes e Viol\u00eancias contra LGBTI+, o Brasil, pelo quarto ano consecutivo, \u00e9 o pa\u00eds que mais mata pessoas LGBTs no mundo. Dessa forma, a parada do orgulho LGBTQIAP+ \u00e9, sem d\u00favidas, um momento que serve como manifesta\u00e7\u00e3o contra a homofobia, transfobia e bifobia. Nela \u00e9 celebrada os direitos iguais, como o casamento entre pessoas do mesmo sexo e leis contra a discrimina\u00e7\u00e3o\u201d, ressaltou.<\/p>\n\n\n\n<p>Segundo a presidente da comunidade, muitos pol\u00edticos v\u00e3o \u00e0 regi\u00e3o \u201cs\u00f3 de conversa\u201d, enquanto, segundo ela, o vereador Emerson Penalva, \u201chonrou a palavra da comunidade LGBT de S\u00e3o Crist\u00f3v\u00e3o\u201d. \u201cEnquanto muitos falavam que iam nos apoiar, muitos vieram s\u00f3 de conversinha\u201d, concluiu Dricka.<\/p>\n","protected":false},"excerpt":{"rendered":"<p>A presidente da comunidade LGBTQIAP+ do bairro de S\u00e3o Crist\u00f3v\u00e3o, em Salvador, conhecida como Dricka do Acaraj\u00e9, exaltou a proatividade do vereador e pr\u00e9-candidato a deputado estadual, Emerson Penalva (PDT), sobre as a\u00e7\u00f5es voltadas para as pessoas do movimento. Segundo a l\u00edder, Penalva foi o \u00fanico pol\u00edtico que se empenhou para realizar a segunda parada [&hellip;]<\/p>\n","protected":false},"author":2,"featured_media":66620,"comment_status":"open","ping_status":"open","sticky":false,"template":"","format":"standard","meta":{"_acf_changed":false,"_monsterinsights_skip_tracking":false,"_monsterinsights_sitenote_active":false,"_monsterinsights_sitenote_note":"","_monsterinsights_sitenote_category":0,"_jetpack_memberships_contains_paid_content":false,"footnotes":"","jetpack_publicize_message":"","jetpack_publicize_feature_enabled":true,"jetpack_social_post_already_shared":true,"jetpack_social_options":{"image_generator_settings":{"template":"highway","default_image_id":0,"font":"","enabled":false},"version":2}},"categories":[3],"tags":[],"class_list":["post-66619","post","type-post","status-publish","format-standard","has-post-thumbnail","hentry","category-politica"],"acf":[],"jetpack_publicize_connections":[],"jetpack_featured_media_url":"https:\/\/i0.wp.com\/blogdoeloiltoncajuhy.com.br\/site\/wp-content\/uploads\/2022\/07\/IMG-20220718-WA0041.jpg?fit=1024%2C730&ssl=1","jetpack_sharing_enabled":true,"publishpress_future_workflow_manual_trigger":{"enabledWorkflows":[]},"_links":{"self":[{"href":"https:\/\/blogdoeloiltoncajuhy.com.br\/site\/wp-json\/wp\/v2\/posts\/66619","targetHints":{"allow":["GET"]}}],"collection":[{"href":"https:\/\/blogdoeloiltoncajuhy.com.br\/site\/wp-json\/wp\/v2\/posts"}],"about":[{"href":"https:\/\/blogdoeloiltoncajuhy.com.br\/site\/wp-json\/wp\/v2\/types\/post"}],"author":[{"embeddable":true,"href":"https:\/\/blogdoeloiltoncajuhy.com.br\/site\/wp-json\/wp\/v2\/users\/2"}],"replies":[{"embeddable":true,"href":"https:\/\/blogdoeloiltoncajuhy.com.br\/site\/wp-json\/wp\/v2\/comments?post=66619"}],"version-history":[{"count":1,"href":"https:\/\/blogdoeloiltoncajuhy.com.br\/site\/wp-json\/wp\/v2\/posts\/66619\/revisions"}],"predecessor-version":[{"id":66621,"href":"https:\/\/blogdoeloiltoncajuhy.com.br\/site\/wp-json\/wp\/v2\/posts\/66619\/revisions\/66621"}],"wp:featuredmedia":[{"embeddable":true,"href":"https:\/\/blogdoeloiltoncajuhy.com.br\/site\/wp-json\/wp\/v2\/media\/66620"}],"wp:attachment":[{"href":"https:\/\/blogdoeloiltoncajuhy.com.br\/site\/wp-json\/wp\/v2\/media?parent=66619"}],"wp:term":[{"taxonomy":"category","embeddable":true,"href":"https:\/\/blogdoeloiltoncajuhy.com.br\/site\/wp-json\/wp\/v2\/categories?post=66619"},{"taxonomy":"post_tag","embeddable":true,"href":"https:\/\/blogdoeloiltoncajuhy.com.br\/site\/wp-json\/wp\/v2\/tags?post=66619"}],"curies":[{"name":"wp","href":"https:\/\/api.w.org\/{rel}","templated":true}]}}