{"id":66610,"date":"2022-07-18T09:40:12","date_gmt":"2022-07-18T12:40:12","guid":{"rendered":"http:\/\/blogdoeloiltoncajuhy.com.br\/site\/?p=66610"},"modified":"2022-07-18T09:40:14","modified_gmt":"2022-07-18T12:40:14","slug":"ibge-avalia-saude-de-adolescentes-e-acende-alerta-a-saude-mental","status":"publish","type":"post","link":"https:\/\/blogdoeloiltoncajuhy.com.br\/site\/ibge-avalia-saude-de-adolescentes-e-acende-alerta-a-saude-mental\/","title":{"rendered":"IBGE avalia sa\u00fade de adolescentes e acende alerta \u00e0 sa\u00fade mental"},"content":{"rendered":"\n<p class=\"has-text-align-center has-medium-font-size\"><em>Pesquisa que avaliou dados de uma d\u00e9cada entre estudantes mostra crescente de insatisfa\u00e7\u00e3o com corpo, bullying e experimenta\u00e7\u00e3o de bebidas alc\u00f3olicas.<\/em><\/p>\n\n\n\n<figure class=\"wp-block-image aligncenter size-large\"><a href=\"https:\/\/i0.wp.com\/blogdoeloiltoncajuhy.com.br\/site\/wp-content\/uploads\/2022\/07\/estudantes_provas_selecao_do_programa_de_avaliacao_seriada.jpg\"><img data-recalc-dims=\"1\" fetchpriority=\"high\" decoding=\"async\" width=\"800\" height=\"479\" src=\"https:\/\/i0.wp.com\/blogdoeloiltoncajuhy.com.br\/site\/wp-content\/uploads\/2022\/07\/estudantes_provas_selecao_do_programa_de_avaliacao_seriada.jpg?resize=800%2C479\" alt=\"\" class=\"wp-image-66611\" srcset=\"https:\/\/i0.wp.com\/blogdoeloiltoncajuhy.com.br\/site\/wp-content\/uploads\/2022\/07\/estudantes_provas_selecao_do_programa_de_avaliacao_seriada.jpg?resize=1024%2C613&amp;ssl=1 1024w, https:\/\/i0.wp.com\/blogdoeloiltoncajuhy.com.br\/site\/wp-content\/uploads\/2022\/07\/estudantes_provas_selecao_do_programa_de_avaliacao_seriada.jpg?resize=300%2C179&amp;ssl=1 300w, https:\/\/i0.wp.com\/blogdoeloiltoncajuhy.com.br\/site\/wp-content\/uploads\/2022\/07\/estudantes_provas_selecao_do_programa_de_avaliacao_seriada.jpg?resize=768%2C459&amp;ssl=1 768w, https:\/\/i0.wp.com\/blogdoeloiltoncajuhy.com.br\/site\/wp-content\/uploads\/2022\/07\/estudantes_provas_selecao_do_programa_de_avaliacao_seriada.jpg?w=1170&amp;ssl=1 1170w\" sizes=\"(max-width: 800px) 100vw, 800px\" \/><\/a><figcaption><sub>Foto: Wilson Dias\/Ag\u00eancia Brasil<\/sub><\/figcaption><\/figure>\n\n\n\n<p>O Instituto Brasileiro de Geografia e Estat\u00edstica (IBGE) divulgou na semana passada diferentes dados sobre sa\u00fade e qualidade de vida de estudantes de 13 a 17 anos avaliados durante uma d\u00e9cada, entre 2009 e 2019. Entre os destaques, a pesquisa mostrou que esses alunos est\u00e3o mais insatisfeitos com pr\u00f3prio corpo, se sentem mais \u00a0inseguros no trajeto ou na escola, t\u00eam rela\u00e7\u00f5es sexuais mais cedo, usam menos preservativos, experimentaram mais bebidas alc\u00f3olicas e menos cigarros.<\/p>\n\n\n\n<p>Esses s\u00e3o alguns dos indicadores da Pesquisa Nacional de Sa\u00fade do Escolar (PeNSE). Segundo Marco Andreazzi, gerente do levantamento do IBGE, a an\u00e1lise dos resultados permite uma vis\u00e3o ampla dos contextos sociais dos escolares.&nbsp;<\/p>\n\n\n\n<p>\u201cPermite observar como estava a sa\u00fade desses adolescentes antes da pandemia e quais as tend\u00eancias, os motivos pelos quais deveriam se desenvolver estrat\u00e9gias de controle ou recupera\u00e7\u00e3o nas \u00e1reas mais fr\u00e1geis poss\u00edveis dessa popula\u00e7\u00e3o\u201d, afirma.<\/p>\n\n\n\n<p>O recorte da pesquisa foram alunos do nono ano do ensino fundamental. \u201cEssa faixa et\u00e1ria \u00e9 preconizada pela Organiza\u00e7\u00e3o Mundial da Sa\u00fade no sentido de estudar os fatores de risco e prote\u00e7\u00e3o analisadas na Pense que s\u00e3o fundamentais para o desenvolvimento de h\u00e1bitos e costumes e determinam a ocorr\u00eancia de doen\u00e7as cr\u00f4nicas degenerativas\u201d, explica Marco Andreazzi.<\/p>\n\n\n\n<p class=\"has-black-color has-text-color has-medium-font-size\"><strong>N\u00fameros<\/strong><\/p>\n\n\n\n<p>Dados sobre a sa\u00fade mental se destacam entre os n\u00fameros. Pouco mais de 40% dos estudantes questionados relataram j\u00e1 ter sofrido bullying, com provoca\u00e7\u00e3o ou intimida\u00e7\u00e3o, um aumento de quase 10 pontos percentuais quando comparado com 2009.\u00a0<\/p>\n\n\n\n<p>A pesquisa tamb\u00e9m questionou nesses anos se os adolescentes j\u00e1 faltaram \u00e0s aulas pelo menos um dia por se sentirem inseguros, ou no trajeto ou dentro da escola. A porcentagem dos alunos que responderam \u201csim\u201d \u00e0 pergunta dobrou: de 8,6% em 2009 para 17,3% em 2019. Gisele de Lucca, m\u00e3e de um adolescente de 16 anos, avalia que a instantaneidade de d\u00e9cadas marcadas pelo avan\u00e7o digital geram impactos significativos na sa\u00fade e no comportamento dos jovens estudantes.&nbsp;<\/p>\n\n\n\n<p>\u201cO meu filho hoje, na adolesc\u00eancia, tem uma exposi\u00e7\u00e3o muito maior ao contato da informa\u00e7\u00e3o. Eles t\u00eam muito mais acesso \u00e0 informa\u00e7\u00e3o e ela chega r\u00e1pido por meio dos mobiles, internet, tudo com facilidade. Mas eu vejo que a qualidade est\u00e1 indo muito contra a quantidade. Eles s\u00e3o expostos \u00e0 muita informa\u00e7\u00e3o, mas de baixa qualidade, que fazem eles tomarem certas decis\u00f5es que \u00e0s vezes n\u00e3o s\u00e3o compat\u00edveis com uma vida muito saud\u00e1vel\u201d, avalia.<\/p>\n\n\n\n<p>A m\u00e3e lembra ainda da exposi\u00e7\u00e3o dos adolescentes de hoje em dia com jogos online que tomam longas horas do dia, com ambientes virtuais sem muito controle para cyberbullying e outras caracter\u00edsticas atuais. \u201cA fonte de informa\u00e7\u00e3o que eles t\u00eam hoje s\u00e3o t\u00e3o diferentes que fazem os adolescentes tomarem essas decis\u00f5es t\u00e3o discrepantes com o autocuidado\u201d, diz.<\/p>\n\n\n\n<p>A pesquisa tamb\u00e9m mostra dados sobre preven\u00e7\u00e3o que dialogam com a opini\u00e3o de Gisele. Os adolescentes entrevistados foram perguntados ao longo dos \u00faltimos anos sobre o uso de preservativos na \u00faltima rela\u00e7\u00e3o sexual, caso tenham tido.&nbsp;<\/p>\n\n\n\n<p>Nas capitais do pa\u00eds, o percentual de escolares que usaram camisinha caiu entre 2009 a 2019. Entre 2009 e 2012, essa taxa subiu de 72,5% para 74%. Mas ela teve novas quedas em 2015, chegando a 63%, e em 2019, com 59%.<\/p>\n\n\n\n<p>Tamb\u00e9m preocupam as estat\u00edsticas sobre uso de subst\u00e2ncias ou il\u00edcitas ou proibidas para essa faixa et\u00e1ria. Quando perguntados se j\u00e1 experimentaram bebida alc\u00f3olica, a porcentagem dos que responderam \u201csim\u201d cresceu de 52,9% em 2012 para 63,2% em 2019, aumento ainda mais intenso entre as meninas, que sa\u00edram de 55% em 2012 para 67,4% em 2019. Para os meninos, o indicador foi de 50,4% em 2012 para 58,8% em 2019.<\/p>\n\n\n\n<p>A experimenta\u00e7\u00e3o ou exposi\u00e7\u00e3o ao uso de drogas tamb\u00e9m subiu, passando de 8,2% em 2009 para 12,1% em 2019. J\u00e1 a propor\u00e7\u00e3o de estudantes que consumiram cigarros ao menos em um ou dois dias nos 30 dias antes da pesquisa caiu: de 16,8% em 2009 para 13,1% em 2019.<\/p>\n","protected":false},"excerpt":{"rendered":"<p>Pesquisa que avaliou dados de uma d\u00e9cada entre estudantes mostra crescente de insatisfa\u00e7\u00e3o com corpo, bullying e experimenta\u00e7\u00e3o de bebidas alc\u00f3olicas. O Instituto Brasileiro de Geografia e Estat\u00edstica (IBGE) divulgou na semana passada diferentes dados sobre sa\u00fade e qualidade de vida de estudantes de 13 a 17 anos avaliados durante uma d\u00e9cada, entre 2009 e [&hellip;]<\/p>\n","protected":false},"author":2,"featured_media":66611,"comment_status":"open","ping_status":"open","sticky":false,"template":"","format":"standard","meta":{"_acf_changed":false,"_monsterinsights_skip_tracking":false,"_monsterinsights_sitenote_active":false,"_monsterinsights_sitenote_note":"","_monsterinsights_sitenote_category":0,"_jetpack_memberships_contains_paid_content":false,"footnotes":"","jetpack_publicize_message":"","jetpack_publicize_feature_enabled":true,"jetpack_social_post_already_shared":true,"jetpack_social_options":{"image_generator_settings":{"template":"highway","default_image_id":0,"font":"","enabled":false},"version":2}},"categories":[5],"tags":[],"class_list":["post-66610","post","type-post","status-publish","format-standard","has-post-thumbnail","hentry","category-cotidiano"],"acf":[],"jetpack_publicize_connections":[],"jetpack_featured_media_url":"https:\/\/i0.wp.com\/blogdoeloiltoncajuhy.com.br\/site\/wp-content\/uploads\/2022\/07\/estudantes_provas_selecao_do_programa_de_avaliacao_seriada.jpg?fit=1170%2C700&ssl=1","jetpack_sharing_enabled":true,"publishpress_future_workflow_manual_trigger":{"enabledWorkflows":[]},"_links":{"self":[{"href":"https:\/\/blogdoeloiltoncajuhy.com.br\/site\/wp-json\/wp\/v2\/posts\/66610","targetHints":{"allow":["GET"]}}],"collection":[{"href":"https:\/\/blogdoeloiltoncajuhy.com.br\/site\/wp-json\/wp\/v2\/posts"}],"about":[{"href":"https:\/\/blogdoeloiltoncajuhy.com.br\/site\/wp-json\/wp\/v2\/types\/post"}],"author":[{"embeddable":true,"href":"https:\/\/blogdoeloiltoncajuhy.com.br\/site\/wp-json\/wp\/v2\/users\/2"}],"replies":[{"embeddable":true,"href":"https:\/\/blogdoeloiltoncajuhy.com.br\/site\/wp-json\/wp\/v2\/comments?post=66610"}],"version-history":[{"count":2,"href":"https:\/\/blogdoeloiltoncajuhy.com.br\/site\/wp-json\/wp\/v2\/posts\/66610\/revisions"}],"predecessor-version":[{"id":66613,"href":"https:\/\/blogdoeloiltoncajuhy.com.br\/site\/wp-json\/wp\/v2\/posts\/66610\/revisions\/66613"}],"wp:featuredmedia":[{"embeddable":true,"href":"https:\/\/blogdoeloiltoncajuhy.com.br\/site\/wp-json\/wp\/v2\/media\/66611"}],"wp:attachment":[{"href":"https:\/\/blogdoeloiltoncajuhy.com.br\/site\/wp-json\/wp\/v2\/media?parent=66610"}],"wp:term":[{"taxonomy":"category","embeddable":true,"href":"https:\/\/blogdoeloiltoncajuhy.com.br\/site\/wp-json\/wp\/v2\/categories?post=66610"},{"taxonomy":"post_tag","embeddable":true,"href":"https:\/\/blogdoeloiltoncajuhy.com.br\/site\/wp-json\/wp\/v2\/tags?post=66610"}],"curies":[{"name":"wp","href":"https:\/\/api.w.org\/{rel}","templated":true}]}}