{"id":66602,"date":"2022-07-18T09:08:43","date_gmt":"2022-07-18T12:08:43","guid":{"rendered":"http:\/\/blogdoeloiltoncajuhy.com.br\/site\/?p=66602"},"modified":"2022-07-18T09:08:45","modified_gmt":"2022-07-18T12:08:45","slug":"wesley-safadao-fala-sobre-hernia-que-o-levou-a-cirurgia-nao-consegui-sentir-sensibilidade-nos-meus-testiculos","status":"publish","type":"post","link":"https:\/\/blogdoeloiltoncajuhy.com.br\/site\/wesley-safadao-fala-sobre-hernia-que-o-levou-a-cirurgia-nao-consegui-sentir-sensibilidade-nos-meus-testiculos\/","title":{"rendered":"Wesley Safad\u00e3o fala sobre h\u00e9rnia que o levou a cirurgia: &#8216;N\u00e3o consegui sentir sensibilidade nos meus test\u00edculos&#8217;"},"content":{"rendered":"\n<p class=\"has-text-align-center has-medium-font-size\"><em>H\u00e1 quatro semanas, o cantor teve que cancelar a agenda de shows por causa de uma h\u00e9rnia de disco. &#8216;Uma dor inexplic\u00e1vel&#8217;, diz ele.<\/em><\/p>\n\n\n\n<figure class=\"wp-block-image aligncenter size-large\"><a href=\"https:\/\/i0.wp.com\/blogdoeloiltoncajuhy.com.br\/site\/wp-content\/uploads\/2022\/07\/Wesley-Safadao-Fastastico-17072022-01.png\"><img data-recalc-dims=\"1\" fetchpriority=\"high\" decoding=\"async\" width=\"800\" height=\"440\" src=\"https:\/\/i0.wp.com\/blogdoeloiltoncajuhy.com.br\/site\/wp-content\/uploads\/2022\/07\/Wesley-Safadao-Fastastico-17072022-01.png?resize=800%2C440\" alt=\"\" class=\"wp-image-66603\" srcset=\"https:\/\/i0.wp.com\/blogdoeloiltoncajuhy.com.br\/site\/wp-content\/uploads\/2022\/07\/Wesley-Safadao-Fastastico-17072022-01.png?resize=1024%2C563&amp;ssl=1 1024w, https:\/\/i0.wp.com\/blogdoeloiltoncajuhy.com.br\/site\/wp-content\/uploads\/2022\/07\/Wesley-Safadao-Fastastico-17072022-01.png?resize=300%2C165&amp;ssl=1 300w, https:\/\/i0.wp.com\/blogdoeloiltoncajuhy.com.br\/site\/wp-content\/uploads\/2022\/07\/Wesley-Safadao-Fastastico-17072022-01.png?resize=768%2C422&amp;ssl=1 768w, https:\/\/i0.wp.com\/blogdoeloiltoncajuhy.com.br\/site\/wp-content\/uploads\/2022\/07\/Wesley-Safadao-Fastastico-17072022-01.png?w=1417&amp;ssl=1 1417w\" sizes=\"(max-width: 800px) 100vw, 800px\" \/><\/a><figcaption><sub>Safad\u00e3o se recupera de cirurgia de h\u00e9rnia de disco que deixou o cantor sem o movimento das pernas \u2014 Foto: Fant\u00e1stico<\/sub> <\/figcaption><\/figure>\n\n\n\n<p>Os f\u00e3s esperavam encontrar Wesley Safad\u00e3o nas festas de S\u00e3o Jo\u00e3o, mas foi tudo cancelado. Quatro semanas atr\u00e1s, o \u00eddolo do forr\u00f3 deu um susto nos f\u00e3s.<\/p>\n\n\n\n<figure class=\"wp-block-pullquote has-medium-font-size\"><blockquote><p><em>\u201cPara respirar, do\u00eda. Se eu quisesse encher o meu pulm\u00e3o, sentia dor. Eu sentia muitas, muitas pin\u00e7adas. Era na perna direita, era na perna esquerda\u201d, conta Safad\u00e3o.<\/em><\/p><\/blockquote><\/figure>\n\n\n\n<p>A crise foi na madrugada de s\u00e1bado, dia 25 de junho, no camarim, antes de um show no Rec\u00f4ncavo Baiano.<\/p>\n\n\n\n<p>A coluna dele j\u00e1 tinha travado quatros anos atr\u00e1s. Na \u00e9poca, ele descobriu que dois discos que servem para amortecer a coluna estavam danificados, com uma sali\u00eancia, na regi\u00e3o lombar. Dessa vez, o conte\u00fado de um desses discos extravasou e invadiu o canal que existe dentro da coluna, por onde passam os nervos que chegam \u00e0s pernas e \u00e0 regi\u00e3o p\u00e9lvica. Por isso Safad\u00e3o estava sentindo tanta dor.<\/p>\n\n\n\n<p>O m\u00e9dico realizou um procedimento chamado bloqueio. Injetou medica\u00e7\u00e3o e passou uma corrente de radiofrequ\u00eancia no local da les\u00e3o para diminuir a dor. Dois dias depois, Wesley se sentia melhor e decidiu voltar aos palcos.<\/p>\n\n\n\n<figure class=\"wp-block-pullquote has-medium-font-size\"><blockquote><p><em>\u201cEu posto uma foto nas redes sociais dizendo, \u2018gente, hoje tem show em Caruaru, em Pernambuco, no S\u00e3o Jo\u00e3o de Caruaru\u2019. Quando eu posto a foto, j\u00e1 n\u00e3o estava mais sentindo as minhas pernas, a\u00ed me segurei na escada. Fui descendo meio que pelos bra\u00e7os, apoiando, apoiando. E foi a primeira vez que n\u00e3o consegui sentir sensibilidade nos meus test\u00edculos. Aqui eu passei a m\u00e3o aqui, disse. \u2018Meu Deus, n\u00e3o estou sentindo nada\u2019\u201d, relembra Wesley.<\/em><\/p><\/blockquote><\/figure>\n\n\n\n<p class=\"has-black-color has-text-color has-medium-font-size\"><strong>V\u00e9rtebra a mais na lombar<\/strong><\/p>\n\n\n\n<p>Em torno de 90% dos casos, a h\u00e9rnia de disco \u00e9 tratada com repouso e fisioterapia. Mas Wesley n\u00e3o \u00e9 um cara comum\u2026 Nem no esqueleto. Ele tem uma v\u00e9rtebra a mais na coluna lombar. Algo presente em apenas 15% das pessoas. Essa sexta v\u00e9rtebra lombar deixa mais estreito o canal por onde passam os nervos, o que aumenta a chance de serem atingidos. Foi o que aconteceu com o cantor. Por isso ele n\u00e3o respondeu ao tratamento tradicional. Safad\u00e3o tinha que ser operado. E logo.<\/p>\n\n\n\n<p>Seis dias depois da cirurgia, a equipe do Fant\u00e1stico encontrou Wesley na casa dele. Desde janeiro, ele mora na grande S\u00e3o Paulo, a quase tr\u00eas mil quil\u00f4metros de Fortaleza. Foi l\u00e1 perto, na fazenda da fam\u00edlia, que Wesley soube que teria de ser operado.<\/p>\n\n\n\n<p>\u201cEu comecei a ter uma sensa\u00e7\u00e3o t\u00e3o ruim. \u2018Ser\u00e1 o meu \u00faltimo almo\u00e7o na fazenda? Ser\u00e1 que eu n\u00e3o vim para a fazenda para me despedir dos meus filhos?\u2019\u201d, relembra o cantor.<\/p>\n\n\n\n<figure class=\"wp-block-image aligncenter size-full is-resized\"><a href=\"https:\/\/i0.wp.com\/blogdoeloiltoncajuhy.com.br\/site\/wp-content\/uploads\/2022\/07\/Wesley-Safadao-Fastastico-17072022-02.webp\"><img data-recalc-dims=\"1\" decoding=\"async\" src=\"https:\/\/i0.wp.com\/blogdoeloiltoncajuhy.com.br\/site\/wp-content\/uploads\/2022\/07\/Wesley-Safadao-Fastastico-17072022-02.webp?resize=738%2C416\" alt=\"\" class=\"wp-image-66604\" width=\"738\" height=\"416\" srcset=\"https:\/\/i0.wp.com\/blogdoeloiltoncajuhy.com.br\/site\/wp-content\/uploads\/2022\/07\/Wesley-Safadao-Fastastico-17072022-02.webp?w=984&amp;ssl=1 984w, https:\/\/i0.wp.com\/blogdoeloiltoncajuhy.com.br\/site\/wp-content\/uploads\/2022\/07\/Wesley-Safadao-Fastastico-17072022-02.webp?resize=300%2C169&amp;ssl=1 300w, https:\/\/i0.wp.com\/blogdoeloiltoncajuhy.com.br\/site\/wp-content\/uploads\/2022\/07\/Wesley-Safadao-Fastastico-17072022-02.webp?resize=768%2C432&amp;ssl=1 768w\" sizes=\"(max-width: 738px) 100vw, 738px\" \/><\/a><figcaption><sub>Wesley Safad\u00e3o e Ernesto Paglia \u2014 Foto: Fant\u00e1stico<\/sub><\/figcaption><\/figure>\n\n\n\n<p>A recupera\u00e7\u00e3o de Safad\u00e3o depende de algo que ele n\u00e3o costuma fazer: andar devagar. Algo quase imposs\u00edvel para o cearense que faz 20, 30 shows por m\u00eas Brasil afora \u2014 e produz e coordena a maioria deles. Mas chegou a hora de pisar no freio.<\/p>\n\n\n\n<p>Wesley foi operado no Hospital S\u00edrio-Liban\u00eas de S\u00e3o Paulo pela equipe do neurocirurgi\u00e3o Francisco Sampaio.<\/p>\n\n\n\n<p>O rep\u00f3rter Ernesto Paglia acompanhou uma consulta do cantor. Wesley chegou todo safado, querendo voltar para o palco ainda nesta semana.<\/p>\n\n\n\n<p><strong>Ernesto Paglia:<\/strong> Quinze minutos de consulta, n\u00e3o passou muito disso. Era para tirar os pontos e para ver a resposta para a pergunta de Wesley Safad\u00e3o: posso subir no palco, doutor?<br><strong>Francisco Sampaio, m\u00e9dico:<\/strong> Seria uma irresponsabilidade, no m\u00ednimo, da minha parte liber\u00e1-lo neste momento para voltar aos palcos. Mas na semana que vem, com 15 dias e com a cicatriza\u00e7\u00e3o j\u00e1 bem avan\u00e7ada, ele tem 99,999% de chance de voltar.<br><strong>Wesley Safad\u00e3o:<\/strong> Fico triste porque queria muito voltar, mas como eu digo, confio muito em Deus, tudo tem um prop\u00f3sito, n\u00e9? \u00c9 como ele falou agora h\u00e1 pouco, eu acho que a prioridade \u00e9 cuidar da sua vida.<\/p>\n","protected":false},"excerpt":{"rendered":"<p>H\u00e1 quatro semanas, o cantor teve que cancelar a agenda de shows por causa de uma h\u00e9rnia de disco. &#8216;Uma dor inexplic\u00e1vel&#8217;, diz ele. Os f\u00e3s esperavam encontrar Wesley Safad\u00e3o nas festas de S\u00e3o Jo\u00e3o, mas foi tudo cancelado. Quatro semanas atr\u00e1s, o \u00eddolo do forr\u00f3 deu um susto nos f\u00e3s. \u201cPara respirar, do\u00eda. Se [&hellip;]<\/p>\n","protected":false},"author":2,"featured_media":66603,"comment_status":"open","ping_status":"open","sticky":false,"template":"","format":"standard","meta":{"_acf_changed":false,"_monsterinsights_skip_tracking":false,"_monsterinsights_sitenote_active":false,"_monsterinsights_sitenote_note":"","_monsterinsights_sitenote_category":0,"_jetpack_memberships_contains_paid_content":false,"footnotes":"","jetpack_publicize_message":"","jetpack_publicize_feature_enabled":true,"jetpack_social_post_already_shared":true,"jetpack_social_options":{"image_generator_settings":{"template":"highway","default_image_id":0,"font":"","enabled":false},"version":2}},"categories":[8],"tags":[],"class_list":["post-66602","post","type-post","status-publish","format-standard","has-post-thumbnail","hentry","category-cultura"],"acf":[],"jetpack_publicize_connections":[],"jetpack_featured_media_url":"https:\/\/i0.wp.com\/blogdoeloiltoncajuhy.com.br\/site\/wp-content\/uploads\/2022\/07\/Wesley-Safadao-Fastastico-17072022-01.png?fit=1417%2C779&ssl=1","jetpack_sharing_enabled":true,"publishpress_future_workflow_manual_trigger":{"enabledWorkflows":[]},"_links":{"self":[{"href":"https:\/\/blogdoeloiltoncajuhy.com.br\/site\/wp-json\/wp\/v2\/posts\/66602","targetHints":{"allow":["GET"]}}],"collection":[{"href":"https:\/\/blogdoeloiltoncajuhy.com.br\/site\/wp-json\/wp\/v2\/posts"}],"about":[{"href":"https:\/\/blogdoeloiltoncajuhy.com.br\/site\/wp-json\/wp\/v2\/types\/post"}],"author":[{"embeddable":true,"href":"https:\/\/blogdoeloiltoncajuhy.com.br\/site\/wp-json\/wp\/v2\/users\/2"}],"replies":[{"embeddable":true,"href":"https:\/\/blogdoeloiltoncajuhy.com.br\/site\/wp-json\/wp\/v2\/comments?post=66602"}],"version-history":[{"count":2,"href":"https:\/\/blogdoeloiltoncajuhy.com.br\/site\/wp-json\/wp\/v2\/posts\/66602\/revisions"}],"predecessor-version":[{"id":66606,"href":"https:\/\/blogdoeloiltoncajuhy.com.br\/site\/wp-json\/wp\/v2\/posts\/66602\/revisions\/66606"}],"wp:featuredmedia":[{"embeddable":true,"href":"https:\/\/blogdoeloiltoncajuhy.com.br\/site\/wp-json\/wp\/v2\/media\/66603"}],"wp:attachment":[{"href":"https:\/\/blogdoeloiltoncajuhy.com.br\/site\/wp-json\/wp\/v2\/media?parent=66602"}],"wp:term":[{"taxonomy":"category","embeddable":true,"href":"https:\/\/blogdoeloiltoncajuhy.com.br\/site\/wp-json\/wp\/v2\/categories?post=66602"},{"taxonomy":"post_tag","embeddable":true,"href":"https:\/\/blogdoeloiltoncajuhy.com.br\/site\/wp-json\/wp\/v2\/tags?post=66602"}],"curies":[{"name":"wp","href":"https:\/\/api.w.org\/{rel}","templated":true}]}}