{"id":66593,"date":"2022-07-18T08:05:18","date_gmt":"2022-07-18T11:05:18","guid":{"rendered":"http:\/\/blogdoeloiltoncajuhy.com.br\/site\/?p=66593"},"modified":"2022-07-18T08:05:19","modified_gmt":"2022-07-18T11:05:19","slug":"roberto-carlos-reage-a-repercussao-apos-mandar-fa-calar-a-boca-em-show-uma-coisa-atipica","status":"publish","type":"post","link":"https:\/\/blogdoeloiltoncajuhy.com.br\/site\/roberto-carlos-reage-a-repercussao-apos-mandar-fa-calar-a-boca-em-show-uma-coisa-atipica\/","title":{"rendered":"Roberto Carlos reage \u00e0 repercuss\u00e3o ap\u00f3s mandar f\u00e3 &#8220;calar a boca&#8221; em show: &#8220;Uma coisa at\u00edpica&#8221;"},"content":{"rendered":"\n<p class=\"has-text-align-center has-medium-font-size\"><em>Por meio de nota de sua assessoria de imprensa, Roberto Carlos se pronuncia sobre a repercuss\u00e3o de seu show no Rio de Janeiro.<\/em><\/p>\n\n\n\n<figure class=\"wp-block-image aligncenter size-full\"><a href=\"https:\/\/i0.wp.com\/blogdoeloiltoncajuhy.com.br\/site\/wp-content\/uploads\/2022\/07\/Roberto-Carlos-18072022.jpg\"><img data-recalc-dims=\"1\" fetchpriority=\"high\" decoding=\"async\" width=\"592\" height=\"582\" src=\"https:\/\/i0.wp.com\/blogdoeloiltoncajuhy.com.br\/site\/wp-content\/uploads\/2022\/07\/Roberto-Carlos-18072022.jpg?resize=592%2C582\" alt=\"\" class=\"wp-image-66594\" srcset=\"https:\/\/i0.wp.com\/blogdoeloiltoncajuhy.com.br\/site\/wp-content\/uploads\/2022\/07\/Roberto-Carlos-18072022.jpg?w=592&amp;ssl=1 592w, https:\/\/i0.wp.com\/blogdoeloiltoncajuhy.com.br\/site\/wp-content\/uploads\/2022\/07\/Roberto-Carlos-18072022.jpg?resize=300%2C295&amp;ssl=1 300w\" sizes=\"(max-width: 592px) 100vw, 592px\" \/><\/a><\/figure>\n\n\n\n<p>Na \u00faltima quarta-feira, 13, no Rio de Janeiro, durante apresenta\u00e7\u00e3o, o cantor Roberto Carlos mandou uma pessoa da plateia \u201ccalar a boca\u201d. Em seguida, o Rei distribuiu rosas, tradi\u00e7\u00e3o de seus shows, visivelmente incomodado.<\/p>\n\n\n\n<p>O seu assessor comentou o caso para O Globo: \u201cTudo o que Roberto faz gera au\u00ea. Mandei tudo o que saiu na m\u00eddia e na internet a respeito desse assunto. Roberto viu e n\u00e3o fez coment\u00e1rios. Foi mesmo uma coisa at\u00edpica. O que realmente o incomodou foi o fato de os f\u00e3s estarem atrapalhando o show\u201d, disse.<\/p>\n\n\n\n<p>A confus\u00e3o ocorreu, segundo a assessoria, pois o p\u00fablico se dirigiu \u00e0 frente do palco antes da hora, devido \u00e0 mudan\u00e7a de repert\u00f3rio para inclus\u00e3o da m\u00fasica \u201cCavalgada\u201d. O Rei chegou a alertar a plateia sobre isso: \u201cVoc\u00eas levantaram antes da hora\u201d.<\/p>\n\n\n\n<p>\u201cFoi uma avalanche de gente, numa casa com 3.500 pessoas na plateia. Por ser muito perfeccionista, Roberto quer fazer sempre uma apresenta\u00e7\u00e3o sublime. Com esse tumulto, ele ficou totalmente desconcentrado\u201d, contou o assessor do Rei.<\/p>\n","protected":false},"excerpt":{"rendered":"<p>Por meio de nota de sua assessoria de imprensa, Roberto Carlos se pronuncia sobre a repercuss\u00e3o de seu show no Rio de Janeiro. Na \u00faltima quarta-feira, 13, no Rio de Janeiro, durante apresenta\u00e7\u00e3o, o cantor Roberto Carlos mandou uma pessoa da plateia \u201ccalar a boca\u201d. Em seguida, o Rei distribuiu rosas, tradi\u00e7\u00e3o de seus shows, [&hellip;]<\/p>\n","protected":false},"author":2,"featured_media":20508,"comment_status":"open","ping_status":"open","sticky":false,"template":"","format":"standard","meta":{"_acf_changed":false,"_monsterinsights_skip_tracking":false,"_monsterinsights_sitenote_active":false,"_monsterinsights_sitenote_note":"","_monsterinsights_sitenote_category":0,"_jetpack_memberships_contains_paid_content":false,"footnotes":"","jetpack_publicize_message":"","jetpack_publicize_feature_enabled":true,"jetpack_social_post_already_shared":true,"jetpack_social_options":{"image_generator_settings":{"template":"highway","default_image_id":0,"font":"","enabled":false},"version":2}},"categories":[8],"tags":[],"class_list":["post-66593","post","type-post","status-publish","format-standard","has-post-thumbnail","hentry","category-cultura"],"acf":[],"jetpack_publicize_connections":[],"jetpack_featured_media_url":"https:\/\/i0.wp.com\/blogdoeloiltoncajuhy.com.br\/site\/wp-content\/uploads\/2017\/09\/roberto-carlos-1-e1506602530251.png?fit=560%2C327&ssl=1","jetpack_sharing_enabled":true,"publishpress_future_workflow_manual_trigger":{"enabledWorkflows":[]},"_links":{"self":[{"href":"https:\/\/blogdoeloiltoncajuhy.com.br\/site\/wp-json\/wp\/v2\/posts\/66593","targetHints":{"allow":["GET"]}}],"collection":[{"href":"https:\/\/blogdoeloiltoncajuhy.com.br\/site\/wp-json\/wp\/v2\/posts"}],"about":[{"href":"https:\/\/blogdoeloiltoncajuhy.com.br\/site\/wp-json\/wp\/v2\/types\/post"}],"author":[{"embeddable":true,"href":"https:\/\/blogdoeloiltoncajuhy.com.br\/site\/wp-json\/wp\/v2\/users\/2"}],"replies":[{"embeddable":true,"href":"https:\/\/blogdoeloiltoncajuhy.com.br\/site\/wp-json\/wp\/v2\/comments?post=66593"}],"version-history":[{"count":2,"href":"https:\/\/blogdoeloiltoncajuhy.com.br\/site\/wp-json\/wp\/v2\/posts\/66593\/revisions"}],"predecessor-version":[{"id":66596,"href":"https:\/\/blogdoeloiltoncajuhy.com.br\/site\/wp-json\/wp\/v2\/posts\/66593\/revisions\/66596"}],"wp:featuredmedia":[{"embeddable":true,"href":"https:\/\/blogdoeloiltoncajuhy.com.br\/site\/wp-json\/wp\/v2\/media\/20508"}],"wp:attachment":[{"href":"https:\/\/blogdoeloiltoncajuhy.com.br\/site\/wp-json\/wp\/v2\/media?parent=66593"}],"wp:term":[{"taxonomy":"category","embeddable":true,"href":"https:\/\/blogdoeloiltoncajuhy.com.br\/site\/wp-json\/wp\/v2\/categories?post=66593"},{"taxonomy":"post_tag","embeddable":true,"href":"https:\/\/blogdoeloiltoncajuhy.com.br\/site\/wp-json\/wp\/v2\/tags?post=66593"}],"curies":[{"name":"wp","href":"https:\/\/api.w.org\/{rel}","templated":true}]}}