{"id":66588,"date":"2022-07-17T21:37:54","date_gmt":"2022-07-18T00:37:54","guid":{"rendered":"http:\/\/blogdoeloiltoncajuhy.com.br\/site\/?p=66588"},"modified":"2022-07-17T21:37:55","modified_gmt":"2022-07-18T00:37:55","slug":"bahia-tem-mais-de-17-mil-casos-ativos-de-covid-19-estado-registra-409-novos-casos-e-7-mortes-em-24h","status":"publish","type":"post","link":"https:\/\/blogdoeloiltoncajuhy.com.br\/site\/bahia-tem-mais-de-17-mil-casos-ativos-de-covid-19-estado-registra-409-novos-casos-e-7-mortes-em-24h\/","title":{"rendered":"Bahia tem mais de 17 mil casos ativos de Covid-19; estado registra 409 novos casos e 7 mortes em 24h"},"content":{"rendered":"\n<p class=\"has-text-align-center has-medium-font-size\"><em>Boletim epidemiol\u00f3gico deste domingo registra 2.560 pacientes recuperados.<\/em><\/p>\n\n\n\n<figure class=\"wp-block-image aligncenter size-full is-resized\"><a href=\"https:\/\/i0.wp.com\/blogdoeloiltoncajuhy.com.br\/site\/wp-content\/uploads\/2022\/07\/teste-covid.webp\"><img data-recalc-dims=\"1\" fetchpriority=\"high\" decoding=\"async\" src=\"https:\/\/i0.wp.com\/blogdoeloiltoncajuhy.com.br\/site\/wp-content\/uploads\/2022\/07\/teste-covid.webp?resize=621%2C350\" alt=\"\" class=\"wp-image-66589\" width=\"621\" height=\"350\" srcset=\"https:\/\/i0.wp.com\/blogdoeloiltoncajuhy.com.br\/site\/wp-content\/uploads\/2022\/07\/teste-covid.webp?w=984&amp;ssl=1 984w, https:\/\/i0.wp.com\/blogdoeloiltoncajuhy.com.br\/site\/wp-content\/uploads\/2022\/07\/teste-covid.webp?resize=300%2C169&amp;ssl=1 300w, https:\/\/i0.wp.com\/blogdoeloiltoncajuhy.com.br\/site\/wp-content\/uploads\/2022\/07\/teste-covid.webp?resize=768%2C432&amp;ssl=1 768w\" sizes=\"(max-width: 621px) 100vw, 621px\" \/><\/a><figcaption><sub>Bahia tem mais de 17 mil casos ativos de Covid-19 \u2014 Foto: TV Di\u00e1rio\/Reprodu\u00e7\u00e3o<\/sub><\/figcaption><\/figure>\n\n\n\n<p>A Bahia registrou, nas \u00faltimas 24 horas, 409 casos de Covid-19 e sete mortes pela doen\u00e7a de acordo com o boletim publicado pela Secretaria da Sa\u00fade do estado (Sesab) neste domingo (17). Al\u00e9m disso, o estado contabiliza 17.140 pessoas com o v\u00edrus ativo.<\/p>\n\n\n\n<p>Dos 1.633.447 casos confirmados desde o in\u00edcio da pandemia, 1.586.122 s\u00e3o considerados recuperados e 30.185 morreram. Os dados ainda podem sofrer altera\u00e7\u00f5es.<\/p>\n\n\n\n<p>O boletim deste domingo ainda contabiliza 1.931.579 casos descartados, 354.475 em investiga\u00e7\u00e3o e 66.778 profissionais da sa\u00fade confirmados para Covid-19.<\/p>\n\n\n\n<p>Estes dados representam notifica\u00e7\u00f5es oficiais compiladas pela Diretoria de Vigil\u00e2ncia Epidemiol\u00f3gica em Sa\u00fade da Bahia (Divep-BA), com as vigil\u00e2ncias municipais e as bases de dados do Minist\u00e9rio da Sa\u00fade at\u00e9 as 17h deste domingo.<\/p>\n\n\n\n<p>Todos os detalhes sobre o boletim epidemiol\u00f3gico podem ser conferidos na plataforma disponibilizada pela Sesab na internet ou pela Central Integrada de Comando e Controle da Sa\u00fade do \u00f3rg\u00e3o.<\/p>\n\n\n\n<p class=\"has-black-color has-text-color has-medium-font-size\"><strong>Vacina\u00e7\u00e3o<\/strong><\/p>\n\n\n\n<figure class=\"wp-block-image aligncenter size-full is-resized\"><a href=\"https:\/\/i0.wp.com\/blogdoeloiltoncajuhy.com.br\/site\/wp-content\/uploads\/2022\/07\/Corona-vacinacao.webp\"><img data-recalc-dims=\"1\" decoding=\"async\" src=\"https:\/\/i0.wp.com\/blogdoeloiltoncajuhy.com.br\/site\/wp-content\/uploads\/2022\/07\/Corona-vacinacao.webp?resize=620%2C395\" alt=\"\" class=\"wp-image-66590\" width=\"620\" height=\"395\" srcset=\"https:\/\/i0.wp.com\/blogdoeloiltoncajuhy.com.br\/site\/wp-content\/uploads\/2022\/07\/Corona-vacinacao.webp?w=984&amp;ssl=1 984w, https:\/\/i0.wp.com\/blogdoeloiltoncajuhy.com.br\/site\/wp-content\/uploads\/2022\/07\/Corona-vacinacao.webp?resize=300%2C191&amp;ssl=1 300w, https:\/\/i0.wp.com\/blogdoeloiltoncajuhy.com.br\/site\/wp-content\/uploads\/2022\/07\/Corona-vacinacao.webp?resize=768%2C488&amp;ssl=1 768w\" sizes=\"(max-width: 620px) 100vw, 620px\" \/><\/a><figcaption><sub>Bahia tem 11.635.138 pessoas vacinadas com a primeira dose \u2014 Foto: Bruno Concha\/Secom<\/sub><\/figcaption><\/figure>\n\n\n\n<p>At\u00e9 o momento a Bahia tem 11.635.138 pessoas vacinadas com a primeira dose, 10.735.312 com a segunda dose ou dose \u00fanica, 6.542.789 com a dose de refor\u00e7o e 1.103.524 com o segundo refor\u00e7o.<\/p>\n\n\n\n<p>Do p\u00fablico de 5 a 11 anos, 991.450 crian\u00e7as j\u00e1 foram imunizadas com a primeira dose e 582.742 j\u00e1 tomaram tamb\u00e9m a segunda dose.<\/p>\n\n\n\n<p class=\"has-black-color has-text-color has-medium-font-size\"><strong>Leitos<\/strong><\/p>\n\n\n\n<p>A Bahia tem 536 leitos ativos para tratamento da Covid-19. Desse total, 323 est\u00e3o com pacientes internados, o que representa taxa de ocupa\u00e7\u00e3o geral de 60%.<\/p>\n\n\n\n<p>Desses leitos, 215 s\u00e3o de UTI adulto e est\u00e3o com taxa de ocupa\u00e7\u00e3o de 67% (145 leitos ocupados).<\/p>\n\n\n\n<p>Nas UTIs pedi\u00e1tricas, 11 das 20 vagas est\u00e3o com pacientes (55% de ocupa\u00e7\u00e3o). Os leitos cl\u00ednicos adultos est\u00e3o em 54% e os pedi\u00e1tricos com 75%.<\/p>\n\n\n\n<p>Em Salvador, dos 235 leitos ativos, 180 est\u00e3o ocupados (77% de ocupa\u00e7\u00e3o geral). A taxa de ocupa\u00e7\u00e3o dos leitos de UTI adulto \u00e9 de 70% e o pedi\u00e1trico est\u00e1 em 73%.<\/p>\n\n\n\n<p>Ainda na capital baiana, os leitos cl\u00ednicos para adultos est\u00e3o com 84% de ocupa\u00e7\u00e3o e os pedi\u00e1tricos com 75%.<\/p>\n","protected":false},"excerpt":{"rendered":"<p>Boletim epidemiol\u00f3gico deste domingo registra 2.560 pacientes recuperados. A Bahia registrou, nas \u00faltimas 24 horas, 409 casos de Covid-19 e sete mortes pela doen\u00e7a de acordo com o boletim publicado pela Secretaria da Sa\u00fade do estado (Sesab) neste domingo (17). Al\u00e9m disso, o estado contabiliza 17.140 pessoas com o v\u00edrus ativo. Dos 1.633.447 casos confirmados [&hellip;]<\/p>\n","protected":false},"author":2,"featured_media":66589,"comment_status":"open","ping_status":"open","sticky":false,"template":"","format":"standard","meta":{"_acf_changed":false,"_monsterinsights_skip_tracking":false,"_monsterinsights_sitenote_active":false,"_monsterinsights_sitenote_note":"","_monsterinsights_sitenote_category":0,"_jetpack_memberships_contains_paid_content":false,"footnotes":"","jetpack_publicize_message":"","jetpack_publicize_feature_enabled":true,"jetpack_social_post_already_shared":true,"jetpack_social_options":{"image_generator_settings":{"template":"highway","default_image_id":0,"font":"","enabled":false},"version":2}},"categories":[7],"tags":[],"class_list":["post-66588","post","type-post","status-publish","format-standard","has-post-thumbnail","hentry","category-saude"],"acf":[],"jetpack_publicize_connections":[],"jetpack_featured_media_url":"https:\/\/i0.wp.com\/blogdoeloiltoncajuhy.com.br\/site\/wp-content\/uploads\/2022\/07\/teste-covid.webp?fit=984%2C554&ssl=1","jetpack_sharing_enabled":true,"publishpress_future_workflow_manual_trigger":{"enabledWorkflows":[]},"_links":{"self":[{"href":"https:\/\/blogdoeloiltoncajuhy.com.br\/site\/wp-json\/wp\/v2\/posts\/66588","targetHints":{"allow":["GET"]}}],"collection":[{"href":"https:\/\/blogdoeloiltoncajuhy.com.br\/site\/wp-json\/wp\/v2\/posts"}],"about":[{"href":"https:\/\/blogdoeloiltoncajuhy.com.br\/site\/wp-json\/wp\/v2\/types\/post"}],"author":[{"embeddable":true,"href":"https:\/\/blogdoeloiltoncajuhy.com.br\/site\/wp-json\/wp\/v2\/users\/2"}],"replies":[{"embeddable":true,"href":"https:\/\/blogdoeloiltoncajuhy.com.br\/site\/wp-json\/wp\/v2\/comments?post=66588"}],"version-history":[{"count":2,"href":"https:\/\/blogdoeloiltoncajuhy.com.br\/site\/wp-json\/wp\/v2\/posts\/66588\/revisions"}],"predecessor-version":[{"id":66592,"href":"https:\/\/blogdoeloiltoncajuhy.com.br\/site\/wp-json\/wp\/v2\/posts\/66588\/revisions\/66592"}],"wp:featuredmedia":[{"embeddable":true,"href":"https:\/\/blogdoeloiltoncajuhy.com.br\/site\/wp-json\/wp\/v2\/media\/66589"}],"wp:attachment":[{"href":"https:\/\/blogdoeloiltoncajuhy.com.br\/site\/wp-json\/wp\/v2\/media?parent=66588"}],"wp:term":[{"taxonomy":"category","embeddable":true,"href":"https:\/\/blogdoeloiltoncajuhy.com.br\/site\/wp-json\/wp\/v2\/categories?post=66588"},{"taxonomy":"post_tag","embeddable":true,"href":"https:\/\/blogdoeloiltoncajuhy.com.br\/site\/wp-json\/wp\/v2\/tags?post=66588"}],"curies":[{"name":"wp","href":"https:\/\/api.w.org\/{rel}","templated":true}]}}