{"id":66578,"date":"2022-07-17T08:59:09","date_gmt":"2022-07-17T11:59:09","guid":{"rendered":"http:\/\/blogdoeloiltoncajuhy.com.br\/site\/?p=66578"},"modified":"2022-07-17T08:59:10","modified_gmt":"2022-07-17T11:59:10","slug":"partidos-compram-24-carros-de-r-100-mil-ou-mais-com-verba-publica","status":"publish","type":"post","link":"https:\/\/blogdoeloiltoncajuhy.com.br\/site\/partidos-compram-24-carros-de-r-100-mil-ou-mais-com-verba-publica\/","title":{"rendered":"Partidos compram 24 carros de R$ 100 mil ou mais com verba p\u00fablica"},"content":{"rendered":"\n<figure class=\"wp-block-image aligncenter size-large is-resized\"><a href=\"https:\/\/i0.wp.com\/blogdoeloiltoncajuhy.com.br\/site\/wp-content\/uploads\/2022\/07\/Land_Rover_Range_Rover.jpg\"><img data-recalc-dims=\"1\" fetchpriority=\"high\" decoding=\"async\" src=\"https:\/\/i0.wp.com\/blogdoeloiltoncajuhy.com.br\/site\/wp-content\/uploads\/2022\/07\/Land_Rover_Range_Rover.jpg?resize=768%2C416\" alt=\"\" class=\"wp-image-66579\" width=\"768\" height=\"416\" srcset=\"https:\/\/i0.wp.com\/blogdoeloiltoncajuhy.com.br\/site\/wp-content\/uploads\/2022\/07\/Land_Rover_Range_Rover.jpg?resize=1024%2C555&amp;ssl=1 1024w, https:\/\/i0.wp.com\/blogdoeloiltoncajuhy.com.br\/site\/wp-content\/uploads\/2022\/07\/Land_Rover_Range_Rover.jpg?resize=300%2C163&amp;ssl=1 300w, https:\/\/i0.wp.com\/blogdoeloiltoncajuhy.com.br\/site\/wp-content\/uploads\/2022\/07\/Land_Rover_Range_Rover.jpg?resize=768%2C416&amp;ssl=1 768w, https:\/\/i0.wp.com\/blogdoeloiltoncajuhy.com.br\/site\/wp-content\/uploads\/2022\/07\/Land_Rover_Range_Rover.jpg?resize=1536%2C832&amp;ssl=1 1536w, https:\/\/i0.wp.com\/blogdoeloiltoncajuhy.com.br\/site\/wp-content\/uploads\/2022\/07\/Land_Rover_Range_Rover.jpg?resize=2048%2C1110&amp;ssl=1 2048w, https:\/\/i0.wp.com\/blogdoeloiltoncajuhy.com.br\/site\/wp-content\/uploads\/2022\/07\/Land_Rover_Range_Rover.jpg?w=1600 1600w, https:\/\/i0.wp.com\/blogdoeloiltoncajuhy.com.br\/site\/wp-content\/uploads\/2022\/07\/Land_Rover_Range_Rover.jpg?w=2400 2400w\" sizes=\"(max-width: 768px) 100vw, 768px\" \/><\/a><figcaption><sub>Foto ilustrativa<\/sub><\/figcaption><\/figure>\n\n\n\n<p>Duas Mitsubishi Pajero, uma delas blindada, uma Range Rover e uma Toyota Hilux est\u00e3o entre os 24 carros de R$ 100 mil ou mais comprados com verba p\u00fablica por partidos pol\u00edticos de 2017 a 2020.<\/p>\n\n\n\n<p>A sigla que montou a maior frota foi o PSL, que saiu da condi\u00e7\u00e3o de nanico e se tornou uma das maiores do pa\u00eds por ter abrigado Jair Bolsonaro (hoje no PL) nas elei\u00e7\u00f5es de 2018. Em 2019 suas verbas p\u00fablicas se multiplicaram por cinco, chegando a R$ 98 milh\u00f5es.<\/p>\n\n\n\n<p>Hoje o partido se chama Uni\u00e3o Brasil, resultado de sua fus\u00e3o ao DEM.<\/p>\n\n\n\n<p>O sistema do TSE (Tribunal Superior Eleitoral) aponta que o PSL comprou sete ve\u00edculos, por R$ 1,3 milh\u00e3o. Foram tr\u00eas pelo diret\u00f3rio da Para\u00edba, dois pela dire\u00e7\u00e3o nacional, um pelo diret\u00f3rio de Salvador (BA) e outro pelo diret\u00f3rio de Jaragu\u00e1 do Sul (SC).<\/p>\n\n\n\n<p>Os dados dos gastos de verba p\u00fablica pelas legendas no quadri\u00eanio 2017-2020 foram reunidos e organizados pelo Movimento Transpar\u00eancia Partid\u00e1ria.<\/p>\n\n\n\n<p>O ve\u00edculo mais caro comprado pelo PSL foi uma Land Rover Range Rover preta, zero quil\u00f4metro, adquirida pelo diret\u00f3rio da Para\u00edba por R$ 381 mil. Os outros carros comprados pelo diret\u00f3rio foram um Volkswagen Tiguan preto, que custou R$ 189 mil; e uma Amarok da mesma montadora, de R$ 165 mil. Todos s\u00e3o ve\u00edculos de alto padr\u00e3o.<\/p>\n\n\n\n<p>Procurado, o partido disse que apenas a Amarok permanece com a legenda. O deputado federal Julian Lemos (Uni\u00e3o Brasil-PB), \u00e0 \u00e9poca presidente do PSL-PB, afirmou que o diret\u00f3rio usou o Tiguan por cerca de um ano &#8220;porque n\u00e3o compensava alugar&#8221;. Ele tamb\u00e9m alegou que a compra e posterior venda do carro representou uma economia maior.<\/p>\n\n\n\n<p>Em rela\u00e7\u00e3o \u00e0 Land Rover, o carro foi adquirido em dezembro de 2019 e devolvido \u00e0 loja em agosto de 2020 pelo mesmo valor que custou, R$ 381,2 mil. O partido afirmou ter chegado \u00e0 conclus\u00e3o de que n\u00e3o compensava o custo de manuten\u00e7\u00e3o.<\/p>\n\n\n\n<p>De acordo com Lemos, &#8220;nem foi finalizada a compra, o carro ficou na loja&#8221;. O sistema do TSE aponta a despesa nas contas de 2019 e receita do mesmo valor em 2020.<\/p>\n\n\n\n<p>&#8220;Um partido desse tamanho s\u00f3 ter um carro no estado para tudo \u00e9 o m\u00ednimo. Atividade partid\u00e1ria se faz com carro de partido mesmo&#8221;, disse o parlamentar.<\/p>\n\n\n\n<p>J\u00e1 o diret\u00f3rio nacional do PSL comprou um Toyota Hilux SRV por R$ 118 mil e um Toyota Corolla por R$ 100 mil, ambos em 2019.<\/p>\n\n\n\n<p>A dire\u00e7\u00e3o nacional do partido disse que &#8220;os tribunais eleitorais, ao analisarem as presta\u00e7\u00f5es de contas dos partidos, perceberam que a aquisi\u00e7\u00e3o de ve\u00edculos \u00e9 mais vantajosa que a loca\u00e7\u00e3o&#8221;.<\/p>\n\n\n\n<p>&#8220;Foi seguindo essa recomenda\u00e7\u00e3o que o Uni\u00e3o Brasil decidiu h\u00e1 alguns anos comprar ve\u00edculos, e n\u00e3o alugar. Os dois carros disponibilizados para a dire\u00e7\u00e3o nacional do partido s\u00e3o utilizados para atividades administrativas e transporte de autoridades&#8221;, acrescentou.<\/p>\n\n\n\n<figure class=\"wp-block-image aligncenter size-full is-resized\"><a href=\"https:\/\/i0.wp.com\/blogdoeloiltoncajuhy.com.br\/site\/wp-content\/uploads\/2022\/07\/mitsubishi-pajero.jpg\"><img data-recalc-dims=\"1\" decoding=\"async\" src=\"https:\/\/i0.wp.com\/blogdoeloiltoncajuhy.com.br\/site\/wp-content\/uploads\/2022\/07\/mitsubishi-pajero.jpg?resize=763%2C477\" alt=\"\" class=\"wp-image-66580\" width=\"763\" height=\"477\" srcset=\"https:\/\/i0.wp.com\/blogdoeloiltoncajuhy.com.br\/site\/wp-content\/uploads\/2022\/07\/mitsubishi-pajero.jpg?w=900&amp;ssl=1 900w, https:\/\/i0.wp.com\/blogdoeloiltoncajuhy.com.br\/site\/wp-content\/uploads\/2022\/07\/mitsubishi-pajero.jpg?resize=300%2C188&amp;ssl=1 300w, https:\/\/i0.wp.com\/blogdoeloiltoncajuhy.com.br\/site\/wp-content\/uploads\/2022\/07\/mitsubishi-pajero.jpg?resize=768%2C480&amp;ssl=1 768w\" sizes=\"(max-width: 763px) 100vw, 763px\" \/><\/a><figcaption><sub>Foto ilustrativa<\/sub><\/figcaption><\/figure>\n\n\n\n<p>O diret\u00f3rio do PSL de Salvador comprou uma Mitsubishi Pajero preta blindada, ano 2015\/2016, por R$ 125 mil. O carro seguiu com o ent\u00e3o presidente do partido na cidade, Alberto Pimentel, que agora comanda o diret\u00f3rio de Feira de Santana (BA).<\/p>\n\n\n\n<p>&#8220;Ele foi comprado para auxiliar nos trabalhos partid\u00e1rios. \u00c9 um carro grande e blindado, o que auxilia melhor na seguran\u00e7a e tem um baixo valor de mercado comparado aos mais novos com capacidade inferior, a exemplo do Corolla&#8221;, disse Pimentel, que \u00e9 casado com a deputada Professora Dayane Pimentel (Uni\u00e3o Brasil-BA).<\/p>\n\n\n\n<p>Ao todo, 22 partidos registraram a compra ou financiamento de 80 carros entre 2017 e 2020 pelo valor total de R$ 6,9 milh\u00f5es.<\/p>\n\n\n\n<p>O nanico Patriota foi partido que comprou o carro mais caro entre 2017 e 2020, se exclu\u00eddo o ve\u00edculo comprado e devolvido pelo PSL da Para\u00edba. Trata-se de uma Mitsubishi Pajero preta, de R$ 260 mil. A sigla adquiriu ainda outros quatro ve\u00edculos, totalizando gasto de R$ 740 mil, o que a torna campe\u00e3 desse tipo de despesa, proporcionalmente ao valor do fundo partid\u00e1rio recebido (0,65%).<\/p>\n\n\n\n<p>O partido tinha apenas seis deputados quando a compra foi feita. O presidente da sigla na \u00e9poca, Adilson Barroso, justificou a aquisi\u00e7\u00e3o \u00e0 Folha dizendo que &#8220;toda empresa que queira ter resultado em seu trabalho tem que ter as ferramentas necess\u00e1rias&#8221;.<\/p>\n\n\n\n<p>Tamb\u00e9m entre os ve\u00edculos mais caros est\u00e1 uma Toyota Hilux, comprada pelo diret\u00f3rio do PP no Tocantins por R$ 213 mil em outubro de 2020. O diret\u00f3rio no estado \u00e9 comandado pela senadora K\u00e1tia Abreu, que n\u00e3o respondeu aos questionamentos at\u00e9 a publica\u00e7\u00e3o deste texto.<\/p>\n\n\n\n<p>Os partidos usam ainda a verba que recebem do governo federal para outros gastos ligados a locomo\u00e7\u00e3o. Foram R$ 27,5 milh\u00f5es em combust\u00edvel e R$ 29 milh\u00f5es categorizados como outras despesas de transporte, o que inclui t\u00e1xi, ped\u00e1gios e fretes, por exemplo.<\/p>\n\n\n\n<p>Com viagens a\u00e9reas foram R$ 100,4 milh\u00f5es em passagens e R$ 20,2 milh\u00f5es com fretamentos de aeronaves.<\/p>\n\n\n\n<p>&#8220;Hoje, os partidos brasileiros s\u00e3o custeados fundamentalmente por fundos p\u00fablicos, que t\u00eam crescido exponencialmente nos \u00faltimos anos. O que se v\u00ea nesse per\u00edodo, no entanto, \u00e9 o Congresso Nacional debatendo propostas que, a pretexto de assegurar a autonomia das legendas, procuram flexibilizar suas obriga\u00e7\u00f5es em rela\u00e7\u00e3o \u00e0 aplica\u00e7\u00e3o desses recursos e dificultar a identifica\u00e7\u00e3o de irregularidades&#8221;, disse o diretor-executivo do Transpar\u00eancia Partid\u00e1ria, Marcelo Issa.<\/p>\n\n\n\n<p>Ele ressaltou que a Justi\u00e7a Eleitoral identifica in\u00fameras irregularidades, muitas vezes reincidentes, que t\u00eam levado \u00e0 devolu\u00e7\u00e3o de milh\u00f5es de reais todos os anos aos cofres p\u00fablicos.<\/p>\n\n\n\n<p>&#8220;A forma como os partidos pol\u00edticos utilizam os recursos p\u00fablicos com os quais s\u00e3o financiados \u00e9 um bom indicativo de como dever\u00e3o geri-los ao ocupar a administra\u00e7\u00e3o p\u00fablica.&#8221;<\/p>\n\n\n\n<p>Nos \u00faltimos anos, tornou-se uma tradi\u00e7\u00e3o o Congresso aprovar minirreformas pol\u00edticas e eleitorais pouco antes das elei\u00e7\u00f5es, geralmente para flexibilizar regras de fiscaliza\u00e7\u00e3o, puni\u00e7\u00e3o e transpar\u00eancia.<\/p>\n\n\n\n<p>Pela lei, os partidos pol\u00edticos recebem anualmente verba p\u00fablica para seu custeio, o fundo partid\u00e1rio. A previs\u00e3o para este ano \u00e9 de um rateio de cerca de R$ 1 bilh\u00e3o, dividido na propor\u00e7\u00e3o dos votos obtidos pelas 32 legendas nas elei\u00e7\u00f5es para a C\u00e2mara dos Deputados.<\/p>\n\n\n\n<p>\u00c9 longa a lista de uso irregular ou question\u00e1vel dessas verbas, com gastos em bens de luxo, restaurantes caros, entre outros fins sem rela\u00e7\u00e3o clara com a atividade partid\u00e1ria.<\/p>\n\n\n\n<p>Em 2017, por exemplo, o Minist\u00e9rio P\u00fablico Federal obteve a quebra do sigilo banc\u00e1rio do Pros (Partido Republicano da Ordem Social) em decorr\u00eancia do uso do dinheiro p\u00fablico para compra de helic\u00f3ptero (R$ 2,4 milh\u00f5es), aeronave bimotor (R$ 400 mil) e uma s\u00e9rie de im\u00f3veis, entre eles uma mans\u00e3o de R$ 4,5 milh\u00f5es no Lago Sul, uma das regi\u00f5es mais nobres de Bras\u00edlia.<\/p>\n\n\n\n<p>Em abril de 2022 o TSE rejeitou as contas do partido relativas a 2016 e determinou a devolu\u00e7\u00e3o de R$ 11 milh\u00f5es aos cofres p\u00fablicos pela sigla n\u00e3o ter comprovado a finalidade exclusivamente partid\u00e1ria na compra de aeronaves, im\u00f3veis e ve\u00edculos.<\/p>\n","protected":false},"excerpt":{"rendered":"<p>Duas Mitsubishi Pajero, uma delas blindada, uma Range Rover e uma Toyota Hilux est\u00e3o entre os 24 carros de R$ 100 mil ou mais comprados com verba p\u00fablica por partidos pol\u00edticos de 2017 a 2020. A sigla que montou a maior frota foi o PSL, que saiu da condi\u00e7\u00e3o de nanico e se tornou uma [&hellip;]<\/p>\n","protected":false},"author":2,"featured_media":66580,"comment_status":"open","ping_status":"open","sticky":false,"template":"","format":"standard","meta":{"_acf_changed":false,"_monsterinsights_skip_tracking":false,"_monsterinsights_sitenote_active":false,"_monsterinsights_sitenote_note":"","_monsterinsights_sitenote_category":0,"_jetpack_memberships_contains_paid_content":false,"footnotes":"","jetpack_publicize_message":"","jetpack_publicize_feature_enabled":true,"jetpack_social_post_already_shared":true,"jetpack_social_options":{"image_generator_settings":{"template":"highway","default_image_id":0,"font":"","enabled":false},"version":2}},"categories":[3],"tags":[],"class_list":["post-66578","post","type-post","status-publish","format-standard","has-post-thumbnail","hentry","category-politica"],"acf":[],"jetpack_publicize_connections":[],"jetpack_featured_media_url":"https:\/\/i0.wp.com\/blogdoeloiltoncajuhy.com.br\/site\/wp-content\/uploads\/2022\/07\/mitsubishi-pajero.jpg?fit=900%2C563&ssl=1","jetpack_sharing_enabled":true,"publishpress_future_workflow_manual_trigger":{"enabledWorkflows":[]},"_links":{"self":[{"href":"https:\/\/blogdoeloiltoncajuhy.com.br\/site\/wp-json\/wp\/v2\/posts\/66578","targetHints":{"allow":["GET"]}}],"collection":[{"href":"https:\/\/blogdoeloiltoncajuhy.com.br\/site\/wp-json\/wp\/v2\/posts"}],"about":[{"href":"https:\/\/blogdoeloiltoncajuhy.com.br\/site\/wp-json\/wp\/v2\/types\/post"}],"author":[{"embeddable":true,"href":"https:\/\/blogdoeloiltoncajuhy.com.br\/site\/wp-json\/wp\/v2\/users\/2"}],"replies":[{"embeddable":true,"href":"https:\/\/blogdoeloiltoncajuhy.com.br\/site\/wp-json\/wp\/v2\/comments?post=66578"}],"version-history":[{"count":2,"href":"https:\/\/blogdoeloiltoncajuhy.com.br\/site\/wp-json\/wp\/v2\/posts\/66578\/revisions"}],"predecessor-version":[{"id":66582,"href":"https:\/\/blogdoeloiltoncajuhy.com.br\/site\/wp-json\/wp\/v2\/posts\/66578\/revisions\/66582"}],"wp:featuredmedia":[{"embeddable":true,"href":"https:\/\/blogdoeloiltoncajuhy.com.br\/site\/wp-json\/wp\/v2\/media\/66580"}],"wp:attachment":[{"href":"https:\/\/blogdoeloiltoncajuhy.com.br\/site\/wp-json\/wp\/v2\/media?parent=66578"}],"wp:term":[{"taxonomy":"category","embeddable":true,"href":"https:\/\/blogdoeloiltoncajuhy.com.br\/site\/wp-json\/wp\/v2\/categories?post=66578"},{"taxonomy":"post_tag","embeddable":true,"href":"https:\/\/blogdoeloiltoncajuhy.com.br\/site\/wp-json\/wp\/v2\/tags?post=66578"}],"curies":[{"name":"wp","href":"https:\/\/api.w.org\/{rel}","templated":true}]}}