{"id":66571,"date":"2022-07-16T12:23:09","date_gmt":"2022-07-16T15:23:09","guid":{"rendered":"http:\/\/blogdoeloiltoncajuhy.com.br\/site\/?p=66571"},"modified":"2022-07-16T20:44:59","modified_gmt":"2022-07-16T23:44:59","slug":"doze-prefeitos-do-pp-partido-aliado-a-acm-neto-anunciam-apoio-a-jeronimo","status":"publish","type":"post","link":"https:\/\/blogdoeloiltoncajuhy.com.br\/site\/doze-prefeitos-do-pp-partido-aliado-a-acm-neto-anunciam-apoio-a-jeronimo\/","title":{"rendered":"Doze prefeitos do PP, partido aliado a ACM Neto, anunciam apoio a Jer\u00f4nimo"},"content":{"rendered":"\n<figure class=\"wp-block-image aligncenter size-large is-resized\"><a href=\"https:\/\/i0.wp.com\/blogdoeloiltoncajuhy.com.br\/site\/wp-content\/uploads\/2022\/07\/Jeronimo-Rio-de-Contas.jpeg\"><img data-recalc-dims=\"1\" fetchpriority=\"high\" decoding=\"async\" src=\"https:\/\/i0.wp.com\/blogdoeloiltoncajuhy.com.br\/site\/wp-content\/uploads\/2022\/07\/Jeronimo-Rio-de-Contas.jpeg?resize=768%2C512\" alt=\"\" class=\"wp-image-66572\" width=\"768\" height=\"512\" srcset=\"https:\/\/i0.wp.com\/blogdoeloiltoncajuhy.com.br\/site\/wp-content\/uploads\/2022\/07\/Jeronimo-Rio-de-Contas.jpeg?resize=1024%2C682&amp;ssl=1 1024w, https:\/\/i0.wp.com\/blogdoeloiltoncajuhy.com.br\/site\/wp-content\/uploads\/2022\/07\/Jeronimo-Rio-de-Contas.jpeg?resize=300%2C200&amp;ssl=1 300w, https:\/\/i0.wp.com\/blogdoeloiltoncajuhy.com.br\/site\/wp-content\/uploads\/2022\/07\/Jeronimo-Rio-de-Contas.jpeg?resize=768%2C512&amp;ssl=1 768w, https:\/\/i0.wp.com\/blogdoeloiltoncajuhy.com.br\/site\/wp-content\/uploads\/2022\/07\/Jeronimo-Rio-de-Contas.jpeg?w=1280&amp;ssl=1 1280w\" sizes=\"(max-width: 768px) 100vw, 768px\" \/><\/a><figcaption><sub>Foto: Divulga\u00e7\u00e3o<\/sub><\/figcaption><\/figure>\n\n\n\n<p>Desde que o PP, liderado na Bahia pelo vice-governador Jo\u00e3o Le\u00e3o, anunciou apoio \u00e0 pr\u00e9-candidatura de ACM Neto (UB) ao governo do estado em mar\u00e7o, diversos prefeitos do partido anunciaram diverg\u00eancia e se mantiveram ao lado do nome governista \u00e0s elei\u00e7\u00f5es deste ano: Jer\u00f4nimo Rodrigues (PT).<\/p>\n\n\n\n<p>Na noite desta sexta-feira (16), 28 gestores municipais participaram da plen\u00e1ria do Programa de Governo Participativo (PGP) para a regi\u00e3o do M\u00e9dio Rio de Contas. Entre eles, 12 s\u00e3o filiados ao PP, partido que indicou o pr\u00e9-candidato ao Senado \u2013 Cac\u00e1 Le\u00e3o \u2013 na chapa de ACM Neto.<\/p>\n\n\n\n<p>No veneto, declararam apoio a Jer\u00f4nimo as prefeitas de Ipia\u00fa, Maria Mendon\u00e7a (PP); de Teol\u00e2ndia, Rosa Baitinga (PP); de Jaguaquara; Edione Agostinone (PP); e os prefeitos de Gand\u00fa, L\u00e9o de Neco (PP); de Itamari, Tom Vasconcelos (PP); de Apuarema, Rog\u00e9rio Souza (PP); de Santan\u00f3polis, Vitor do Posto (PP); de Irajuba, Antonio Sampaio (PP); de Bom Jesus da Serra, Jornandinho Vilas Boas (PP); de Pira\u00ed do Norte, Ulysses Veiga (PP); de Lajedo do Tabocal, Marquinhos Sena (PP); e de Lafaiete Coutinho, Jo\u00e3o V\u00e9i (PP).<\/p>\n\n\n\n<p>\u201cAgrade\u00e7o a confian\u00e7a que os prefeitos e prefeitas est\u00e3o depositando em mim, na minha capacidade de gest\u00e3o, de substituir o governador Rui Costa, um grande parceiro dos munic\u00edpios e dos gestores na execu\u00e7\u00e3o de obras, na manuten\u00e7\u00e3o de ruas e estradas, na aten\u00e7\u00e3o \u00e0 Sa\u00fade, na Educa\u00e7\u00e3o B\u00e1sica e na Seguran\u00e7a P\u00fablica\u201d, disse Jer\u00f4nimo.<\/p>\n\n\n\n<p>Al\u00e9m deles, estiveram presentes no evento o governador Rui Costa (PT), o senador Otto Alencar (PSD), pr\u00e9-candidato a vice-governador Geraldo Jr. (MDB), oito vice-prefeitos e 14 ex-prefeitos da regi\u00e3o.<\/p>\n","protected":false},"excerpt":{"rendered":"<p>Desde que o PP, liderado na Bahia pelo vice-governador Jo\u00e3o Le\u00e3o, anunciou apoio \u00e0 pr\u00e9-candidatura de ACM Neto (UB) ao governo do estado em mar\u00e7o, diversos prefeitos do partido anunciaram diverg\u00eancia e se mantiveram ao lado do nome governista \u00e0s elei\u00e7\u00f5es deste ano: Jer\u00f4nimo Rodrigues (PT). Na noite desta sexta-feira (16), 28 gestores municipais participaram [&hellip;]<\/p>\n","protected":false},"author":2,"featured_media":66572,"comment_status":"open","ping_status":"open","sticky":false,"template":"","format":"standard","meta":{"_acf_changed":false,"_monsterinsights_skip_tracking":false,"_monsterinsights_sitenote_active":false,"_monsterinsights_sitenote_note":"","_monsterinsights_sitenote_category":0,"_jetpack_memberships_contains_paid_content":false,"footnotes":"","jetpack_publicize_message":"","jetpack_publicize_feature_enabled":true,"jetpack_social_post_already_shared":true,"jetpack_social_options":{"image_generator_settings":{"template":"highway","default_image_id":0,"font":"","enabled":false},"version":2}},"categories":[3],"tags":[],"class_list":["post-66571","post","type-post","status-publish","format-standard","has-post-thumbnail","hentry","category-politica"],"acf":[],"jetpack_publicize_connections":[],"jetpack_featured_media_url":"https:\/\/i0.wp.com\/blogdoeloiltoncajuhy.com.br\/site\/wp-content\/uploads\/2022\/07\/Jeronimo-Rio-de-Contas.jpeg?fit=1280%2C853&ssl=1","jetpack_sharing_enabled":true,"publishpress_future_workflow_manual_trigger":{"enabledWorkflows":[]},"_links":{"self":[{"href":"https:\/\/blogdoeloiltoncajuhy.com.br\/site\/wp-json\/wp\/v2\/posts\/66571","targetHints":{"allow":["GET"]}}],"collection":[{"href":"https:\/\/blogdoeloiltoncajuhy.com.br\/site\/wp-json\/wp\/v2\/posts"}],"about":[{"href":"https:\/\/blogdoeloiltoncajuhy.com.br\/site\/wp-json\/wp\/v2\/types\/post"}],"author":[{"embeddable":true,"href":"https:\/\/blogdoeloiltoncajuhy.com.br\/site\/wp-json\/wp\/v2\/users\/2"}],"replies":[{"embeddable":true,"href":"https:\/\/blogdoeloiltoncajuhy.com.br\/site\/wp-json\/wp\/v2\/comments?post=66571"}],"version-history":[{"count":2,"href":"https:\/\/blogdoeloiltoncajuhy.com.br\/site\/wp-json\/wp\/v2\/posts\/66571\/revisions"}],"predecessor-version":[{"id":66574,"href":"https:\/\/blogdoeloiltoncajuhy.com.br\/site\/wp-json\/wp\/v2\/posts\/66571\/revisions\/66574"}],"wp:featuredmedia":[{"embeddable":true,"href":"https:\/\/blogdoeloiltoncajuhy.com.br\/site\/wp-json\/wp\/v2\/media\/66572"}],"wp:attachment":[{"href":"https:\/\/blogdoeloiltoncajuhy.com.br\/site\/wp-json\/wp\/v2\/media?parent=66571"}],"wp:term":[{"taxonomy":"category","embeddable":true,"href":"https:\/\/blogdoeloiltoncajuhy.com.br\/site\/wp-json\/wp\/v2\/categories?post=66571"},{"taxonomy":"post_tag","embeddable":true,"href":"https:\/\/blogdoeloiltoncajuhy.com.br\/site\/wp-json\/wp\/v2\/tags?post=66571"}],"curies":[{"name":"wp","href":"https:\/\/api.w.org\/{rel}","templated":true}]}}