{"id":66568,"date":"2022-07-17T08:57:15","date_gmt":"2022-07-17T11:57:15","guid":{"rendered":"http:\/\/blogdoeloiltoncajuhy.com.br\/site\/?p=66568"},"modified":"2022-07-17T08:57:16","modified_gmt":"2022-07-17T11:57:16","slug":"projeto-permite-prisao-preventiva-de-agressor-de-mulher-que-descumpra-medidas-protetivas","status":"publish","type":"post","link":"https:\/\/blogdoeloiltoncajuhy.com.br\/site\/projeto-permite-prisao-preventiva-de-agressor-de-mulher-que-descumpra-medidas-protetivas\/","title":{"rendered":"Projeto permite pris\u00e3o preventiva de agressor de mulher que descumpra medidas protetivas"},"content":{"rendered":"\n<p class=\"has-text-align-center has-medium-font-size\"><em>Texto prev\u00ea ainda a comunica\u00e7\u00e3o obrigat\u00f3ria ao juiz, no prazo de 24 horas, do descumprimento das medidas protetivas de urg\u00eancia.<\/em><\/p>\n\n\n\n<figure class=\"wp-block-image aligncenter size-full\"><a href=\"https:\/\/i0.wp.com\/blogdoeloiltoncajuhy.com.br\/site\/wp-content\/uploads\/2021\/12\/violencia-contra-crianca-12122021.jpg\"><img data-recalc-dims=\"1\" fetchpriority=\"high\" decoding=\"async\" width=\"620\" height=\"413\" src=\"https:\/\/i0.wp.com\/blogdoeloiltoncajuhy.com.br\/site\/wp-content\/uploads\/2021\/12\/violencia-contra-crianca-12122021.jpg?resize=620%2C413\" alt=\"\" class=\"wp-image-61499\" srcset=\"https:\/\/i0.wp.com\/blogdoeloiltoncajuhy.com.br\/site\/wp-content\/uploads\/2021\/12\/violencia-contra-crianca-12122021.jpg?w=620&amp;ssl=1 620w, https:\/\/i0.wp.com\/blogdoeloiltoncajuhy.com.br\/site\/wp-content\/uploads\/2021\/12\/violencia-contra-crianca-12122021.jpg?resize=300%2C200&amp;ssl=1 300w\" sizes=\"(max-width: 620px) 100vw, 620px\" \/><\/a><\/figure>\n\n\n\n<p>O Projeto de Lei 1214\/22 permite que, no caso de descumprimento de medidas protetivas de urg\u00eancia impostas ao agressor de mulheres, o juiz substitua a medida por outras de maior efic\u00e1cia, imponha outra em cumula\u00e7\u00e3o ou, em \u00faltimo caso, decrete a pris\u00e3o preventiva.<\/p>\n\n\n\n<p>Em an\u00e1lise na C\u00e2mara dos Deputados, o projeto inclui a medida na Lei Maria da Penha e tamb\u00e9m prev\u00ea a comunica\u00e7\u00e3o obrigat\u00f3ria ao juiz pela autoridade policial do descumprimento das medidas protetivas de urg\u00eancia no prazo de 24 horas.<\/p>\n\n\n\n<p>O texto foi apresentado pela deputada Carla Dickson (Uni\u00e3o-RN) e outros. \u201cO agressor que descumpre as medidas cr\u00ea na impunidade e passa a delinquir novamente, seja por meio de amea\u00e7as, novas les\u00f5es corporais ou at\u00e9 o fim mais extremo, que \u00e9 o feminic\u00eddio\u201d, afirmam.<\/p>\n\n\n\n<p>\u201cA remessa obrigat\u00f3ria da comunica\u00e7\u00e3o do descumprimento das medidas no prazo m\u00e1ximo de 24 horas ir\u00e1 garantir a celeridade e a prote\u00e7\u00e3o \u00e0 v\u00edtima sujeita ao risco de novas pr\u00e1ticas delitivas\u201d, avaliam.<\/p>\n\n\n\n<p class=\"has-black-color has-text-color has-medium-font-size\"><strong>Tramita\u00e7\u00e3o<\/strong><\/p>\n\n\n\n<p>A proposta ser\u00e1 analisada em car\u00e1ter conclusivo pelas comiss\u00f5es de Defesa dos Direitos da Mulher; de Seguran\u00e7a P\u00fablica e Combate ao Crime Organizado; e de Constitui\u00e7\u00e3o e Justi\u00e7a e de Cidadania.<\/p>\n","protected":false},"excerpt":{"rendered":"<p>Texto prev\u00ea ainda a comunica\u00e7\u00e3o obrigat\u00f3ria ao juiz, no prazo de 24 horas, do descumprimento das medidas protetivas de urg\u00eancia. O Projeto de Lei 1214\/22 permite que, no caso de descumprimento de medidas protetivas de urg\u00eancia impostas ao agressor de mulheres, o juiz substitua a medida por outras de maior efic\u00e1cia, imponha outra em cumula\u00e7\u00e3o [&hellip;]<\/p>\n","protected":false},"author":2,"featured_media":57586,"comment_status":"open","ping_status":"open","sticky":false,"template":"","format":"standard","meta":{"_acf_changed":false,"_monsterinsights_skip_tracking":false,"_monsterinsights_sitenote_active":false,"_monsterinsights_sitenote_note":"","_monsterinsights_sitenote_category":0,"_jetpack_memberships_contains_paid_content":false,"footnotes":"","jetpack_publicize_message":"","jetpack_publicize_feature_enabled":true,"jetpack_social_post_already_shared":true,"jetpack_social_options":{"image_generator_settings":{"template":"highway","default_image_id":0,"font":"","enabled":false},"version":2}},"categories":[3],"tags":[],"class_list":["post-66568","post","type-post","status-publish","format-standard","has-post-thumbnail","hentry","category-politica"],"acf":[],"jetpack_publicize_connections":[],"jetpack_featured_media_url":"https:\/\/i0.wp.com\/blogdoeloiltoncajuhy.com.br\/site\/wp-content\/uploads\/2021\/06\/ViolenciaSexualMenores.jpg?fit=1119%2C721&ssl=1","jetpack_sharing_enabled":true,"publishpress_future_workflow_manual_trigger":{"enabledWorkflows":[]},"_links":{"self":[{"href":"https:\/\/blogdoeloiltoncajuhy.com.br\/site\/wp-json\/wp\/v2\/posts\/66568","targetHints":{"allow":["GET"]}}],"collection":[{"href":"https:\/\/blogdoeloiltoncajuhy.com.br\/site\/wp-json\/wp\/v2\/posts"}],"about":[{"href":"https:\/\/blogdoeloiltoncajuhy.com.br\/site\/wp-json\/wp\/v2\/types\/post"}],"author":[{"embeddable":true,"href":"https:\/\/blogdoeloiltoncajuhy.com.br\/site\/wp-json\/wp\/v2\/users\/2"}],"replies":[{"embeddable":true,"href":"https:\/\/blogdoeloiltoncajuhy.com.br\/site\/wp-json\/wp\/v2\/comments?post=66568"}],"version-history":[{"count":2,"href":"https:\/\/blogdoeloiltoncajuhy.com.br\/site\/wp-json\/wp\/v2\/posts\/66568\/revisions"}],"predecessor-version":[{"id":66570,"href":"https:\/\/blogdoeloiltoncajuhy.com.br\/site\/wp-json\/wp\/v2\/posts\/66568\/revisions\/66570"}],"wp:featuredmedia":[{"embeddable":true,"href":"https:\/\/blogdoeloiltoncajuhy.com.br\/site\/wp-json\/wp\/v2\/media\/57586"}],"wp:attachment":[{"href":"https:\/\/blogdoeloiltoncajuhy.com.br\/site\/wp-json\/wp\/v2\/media?parent=66568"}],"wp:term":[{"taxonomy":"category","embeddable":true,"href":"https:\/\/blogdoeloiltoncajuhy.com.br\/site\/wp-json\/wp\/v2\/categories?post=66568"},{"taxonomy":"post_tag","embeddable":true,"href":"https:\/\/blogdoeloiltoncajuhy.com.br\/site\/wp-json\/wp\/v2\/tags?post=66568"}],"curies":[{"name":"wp","href":"https:\/\/api.w.org\/{rel}","templated":true}]}}