{"id":66564,"date":"2022-07-17T08:55:57","date_gmt":"2022-07-17T11:55:57","guid":{"rendered":"http:\/\/blogdoeloiltoncajuhy.com.br\/site\/?p=66564"},"modified":"2022-07-17T08:55:59","modified_gmt":"2022-07-17T11:55:59","slug":"sancionada-lei-que-inclui-a-capacidade-de-leitura-como-um-dos-compromissos-da-educacao-basica","status":"publish","type":"post","link":"https:\/\/blogdoeloiltoncajuhy.com.br\/site\/sancionada-lei-que-inclui-a-capacidade-de-leitura-como-um-dos-compromissos-da-educacao-basica\/","title":{"rendered":"Sancionada lei que inclui a capacidade de leitura como um dos compromissos da educa\u00e7\u00e3o b\u00e1sica"},"content":{"rendered":"\n<p class=\"has-text-align-center has-medium-font-size\"><em>O relator da proposta ressaltou que as medidas s\u00e3o fundamentais para uma escolariza\u00e7\u00e3o satisfat\u00f3ria.<\/em><\/p>\n\n\n\n<figure class=\"wp-block-image aligncenter size-full\"><a href=\"https:\/\/i0.wp.com\/blogdoeloiltoncajuhy.com.br\/site\/wp-content\/uploads\/2022\/07\/Leitura-16072022.jpeg\"><img data-recalc-dims=\"1\" fetchpriority=\"high\" decoding=\"async\" width=\"600\" height=\"432\" src=\"https:\/\/i0.wp.com\/blogdoeloiltoncajuhy.com.br\/site\/wp-content\/uploads\/2022\/07\/Leitura-16072022.jpeg?resize=600%2C432\" alt=\"\" class=\"wp-image-66565\" srcset=\"https:\/\/i0.wp.com\/blogdoeloiltoncajuhy.com.br\/site\/wp-content\/uploads\/2022\/07\/Leitura-16072022.jpeg?w=600&amp;ssl=1 600w, https:\/\/i0.wp.com\/blogdoeloiltoncajuhy.com.br\/site\/wp-content\/uploads\/2022\/07\/Leitura-16072022.jpeg?resize=300%2C216&amp;ssl=1 300w\" sizes=\"(max-width: 600px) 100vw, 600px\" \/><\/a><figcaption><sub>Foto: itapevi.sp.gov.br<\/sub><\/figcaption><\/figure>\n\n\n\n<p>A capacidade de leitura, juntamente com a alfabetiza\u00e7\u00e3o, passou a ser um dos compromissos da educa\u00e7\u00e3o b\u00e1sica. A lei com esse objetivo, que altera a Lei de Diretrizes e Bases da Educa\u00e7\u00e3o, foi aprovada pelo Congresso e sancionada pelo presidente da Rep\u00fablica. O relator no Senado, Veneziano Vital do R\u00eago, do MDB da Para\u00edba, lamentou a quantidade de analfabetos funcionais no Brasil que, apesar de saberem ler, n\u00e3o s\u00e3o capazes de compreender o que est\u00e3o lendo:<\/p>\n\n\n\n<p>&#8220;Se alfabetiza\u00e7\u00e3o \u00e9 um fundamento necess\u00e1rio, ele n\u00e3o \u00e9 suficiente para assegurar o pleno desenvolvimento da pessoa, seu preparo para o exerc\u00edcio da cidadania e sua qualifica\u00e7\u00e3o para o trabalho&#8221;, conforme comanda o art. 205 de nossa Carta Magna. \u00c9 preciso, nesse processo, dar um passo adiante no sentido de que os indiv\u00edduos adquiram capacita\u00e7\u00e3o para a leitura e para a an\u00e1lise cr\u00edtica de textos, compet\u00eancias que sempre foram importantes, mas que atualmente se mostram vitais em raz\u00e3o da velocidade das comunica\u00e7\u00f5es&#8221;.<\/p>\n\n\n\n<p>Segundo o Indicador de Alfabetismo Funcional, 29% da popula\u00e7\u00e3o brasileira entre 15 e 64 anos \u00e9 composta por analfabetos funcionais. A maior dificuldade dos analfabetos funcionais \u00e9 a de compreender e interpretar textos simples. E o objetivo da lei \u00e9 incluir a capacita\u00e7\u00e3o para leitura como compromisso da educa\u00e7\u00e3o b\u00e1sica.<\/p>\n","protected":false},"excerpt":{"rendered":"<p>O relator da proposta ressaltou que as medidas s\u00e3o fundamentais para uma escolariza\u00e7\u00e3o satisfat\u00f3ria. A capacidade de leitura, juntamente com a alfabetiza\u00e7\u00e3o, passou a ser um dos compromissos da educa\u00e7\u00e3o b\u00e1sica. A lei com esse objetivo, que altera a Lei de Diretrizes e Bases da Educa\u00e7\u00e3o, foi aprovada pelo Congresso e sancionada pelo presidente da [&hellip;]<\/p>\n","protected":false},"author":2,"featured_media":66565,"comment_status":"open","ping_status":"open","sticky":false,"template":"","format":"standard","meta":{"_acf_changed":false,"_monsterinsights_skip_tracking":false,"_monsterinsights_sitenote_active":false,"_monsterinsights_sitenote_note":"","_monsterinsights_sitenote_category":0,"_jetpack_memberships_contains_paid_content":false,"footnotes":"","jetpack_publicize_message":"","jetpack_publicize_feature_enabled":true,"jetpack_social_post_already_shared":true,"jetpack_social_options":{"image_generator_settings":{"template":"highway","default_image_id":0,"font":"","enabled":false},"version":2}},"categories":[14],"tags":[],"class_list":["post-66564","post","type-post","status-publish","format-standard","has-post-thumbnail","hentry","category-educacao"],"acf":[],"jetpack_publicize_connections":[],"jetpack_featured_media_url":"https:\/\/i0.wp.com\/blogdoeloiltoncajuhy.com.br\/site\/wp-content\/uploads\/2022\/07\/Leitura-16072022.jpeg?fit=600%2C432&ssl=1","jetpack_sharing_enabled":true,"publishpress_future_workflow_manual_trigger":{"enabledWorkflows":[]},"_links":{"self":[{"href":"https:\/\/blogdoeloiltoncajuhy.com.br\/site\/wp-json\/wp\/v2\/posts\/66564","targetHints":{"allow":["GET"]}}],"collection":[{"href":"https:\/\/blogdoeloiltoncajuhy.com.br\/site\/wp-json\/wp\/v2\/posts"}],"about":[{"href":"https:\/\/blogdoeloiltoncajuhy.com.br\/site\/wp-json\/wp\/v2\/types\/post"}],"author":[{"embeddable":true,"href":"https:\/\/blogdoeloiltoncajuhy.com.br\/site\/wp-json\/wp\/v2\/users\/2"}],"replies":[{"embeddable":true,"href":"https:\/\/blogdoeloiltoncajuhy.com.br\/site\/wp-json\/wp\/v2\/comments?post=66564"}],"version-history":[{"count":2,"href":"https:\/\/blogdoeloiltoncajuhy.com.br\/site\/wp-json\/wp\/v2\/posts\/66564\/revisions"}],"predecessor-version":[{"id":66567,"href":"https:\/\/blogdoeloiltoncajuhy.com.br\/site\/wp-json\/wp\/v2\/posts\/66564\/revisions\/66567"}],"wp:featuredmedia":[{"embeddable":true,"href":"https:\/\/blogdoeloiltoncajuhy.com.br\/site\/wp-json\/wp\/v2\/media\/66565"}],"wp:attachment":[{"href":"https:\/\/blogdoeloiltoncajuhy.com.br\/site\/wp-json\/wp\/v2\/media?parent=66564"}],"wp:term":[{"taxonomy":"category","embeddable":true,"href":"https:\/\/blogdoeloiltoncajuhy.com.br\/site\/wp-json\/wp\/v2\/categories?post=66564"},{"taxonomy":"post_tag","embeddable":true,"href":"https:\/\/blogdoeloiltoncajuhy.com.br\/site\/wp-json\/wp\/v2\/tags?post=66564"}],"curies":[{"name":"wp","href":"https:\/\/api.w.org\/{rel}","templated":true}]}}