{"id":66559,"date":"2022-07-16T11:59:20","date_gmt":"2022-07-16T14:59:20","guid":{"rendered":"http:\/\/blogdoeloiltoncajuhy.com.br\/site\/?p=66559"},"modified":"2022-07-16T11:59:22","modified_gmt":"2022-07-16T14:59:22","slug":"projeto-na-camara-dos-deputados-inclui-nos-curriculos-de-pedagogia-e-psicologia-conteudos-sobre-transtorno-do-espectro-autista","status":"publish","type":"post","link":"https:\/\/blogdoeloiltoncajuhy.com.br\/site\/projeto-na-camara-dos-deputados-inclui-nos-curriculos-de-pedagogia-e-psicologia-conteudos-sobre-transtorno-do-espectro-autista\/","title":{"rendered":"Projeto na C\u00e2mara dos Deputados inclui nos curr\u00edculos de Pedagogia e Psicologia conte\u00fados sobre Transtorno do Espectro Autista"},"content":{"rendered":"\n<figure class=\"wp-block-image aligncenter size-large is-resized\"><a href=\"https:\/\/i0.wp.com\/blogdoeloiltoncajuhy.com.br\/site\/wp-content\/uploads\/2022\/07\/Transtorno-do-espectro-autista-2.png\"><img data-recalc-dims=\"1\" fetchpriority=\"high\" decoding=\"async\" src=\"https:\/\/i0.wp.com\/blogdoeloiltoncajuhy.com.br\/site\/wp-content\/uploads\/2022\/07\/Transtorno-do-espectro-autista-2.png?resize=768%2C512\" alt=\"\" class=\"wp-image-66561\" width=\"768\" height=\"512\" srcset=\"https:\/\/i0.wp.com\/blogdoeloiltoncajuhy.com.br\/site\/wp-content\/uploads\/2022\/07\/Transtorno-do-espectro-autista-2.png?resize=1024%2C683&amp;ssl=1 1024w, https:\/\/i0.wp.com\/blogdoeloiltoncajuhy.com.br\/site\/wp-content\/uploads\/2022\/07\/Transtorno-do-espectro-autista-2.png?resize=300%2C200&amp;ssl=1 300w, https:\/\/i0.wp.com\/blogdoeloiltoncajuhy.com.br\/site\/wp-content\/uploads\/2022\/07\/Transtorno-do-espectro-autista-2.png?resize=768%2C512&amp;ssl=1 768w, https:\/\/i0.wp.com\/blogdoeloiltoncajuhy.com.br\/site\/wp-content\/uploads\/2022\/07\/Transtorno-do-espectro-autista-2.png?w=1150&amp;ssl=1 1150w\" sizes=\"(max-width: 768px) 100vw, 768px\" \/><\/a><\/figure>\n\n\n\n<p>O Projeto de Lei 1462\/22 inclui nos curr\u00edculos dos cursos superiores de Pedagogia, Psicologia e Psicopedagogia conte\u00fados referentes ao Transtorno do Espectro Autista.<\/p>\n\n\n\n<p>Em an\u00e1lise na C\u00e2mara dos Deputados, a proposta altera a lei que instituiu a Pol\u00edtica &nbsp;Nacional de Prote\u00e7\u00e3o dos Direitos da Pessoa com Transtorno do Espectro Autista (Lei 12.764\/12).<\/p>\n\n\n\n<p>Autor do projeto, o deputado Glaustin da Fokus (PSC-GO) ressalta que, embora a legisla\u00e7\u00e3o j\u00e1 assegure o direito a um sistema educacional inclusivo em todos os n\u00edveis e modalidades de ensino \u00e0s pessoas com defici\u00eancia, \u201ca forma\u00e7\u00e3o de profissionais para atuar junto aos estudantes com defici\u00eancia ainda n\u00e3o corresponde \u00e0s diversas necessidades desses alunos\u201d.<\/p>\n\n\n\n<p>\u201cEspecialmente os estudantes com Transtorno do Espectro Autista enfrentam muitas dificuldades em sua jornada escolar, uma vez que s\u00e3o estudantes que, via de regra, possuem dificuldades para se comunicar e muitas vezes n\u00e3o demonstram interesse nos conte\u00fados desenvolvidos em sala de aula ou que se dispersam facilmente, desafiando continuamente a equipe pedag\u00f3gica da escola\u201d, observou.<\/p>\n\n\n\n<p>\u201cNesse sentido, a atua\u00e7\u00e3o dos profissionais das \u00e1reas de Pedagogia, Psicologia e Psicopedagogia \u00e9 fundamental nas interven\u00e7\u00f5es aplicadas no contexto escolar, contribuindo para a inclus\u00e3o educacional dos estudantes com Transtorno do Espectro Autista no que tange \u00e0 participa\u00e7\u00e3o de equipe multidisciplinar, de professores e de pais, no contexto de ensino-aprendizagem\u201d, completou.<\/p>\n\n\n\n<p class=\"has-black-color has-text-color\"><strong>Tramita\u00e7\u00e3o<\/strong><\/p>\n\n\n\n<p>A proposta ser\u00e1 analisada em car\u00e1ter conclusivo pelas comiss\u00f5es de Defesa dos Direitos das Pessoas com Defici\u00eancia; de Seguridade Social e Fam\u00edlia; de Educa\u00e7\u00e3o; e de Constitui\u00e7\u00e3o e Justi\u00e7a e de Cidadania.<\/p>\n","protected":false},"excerpt":{"rendered":"<p>O Projeto de Lei 1462\/22 inclui nos curr\u00edculos dos cursos superiores de Pedagogia, Psicologia e Psicopedagogia conte\u00fados referentes ao Transtorno do Espectro Autista. Em an\u00e1lise na C\u00e2mara dos Deputados, a proposta altera a lei que instituiu a Pol\u00edtica &nbsp;Nacional de Prote\u00e7\u00e3o dos Direitos da Pessoa com Transtorno do Espectro Autista (Lei 12.764\/12). Autor do projeto, [&hellip;]<\/p>\n","protected":false},"author":2,"featured_media":66561,"comment_status":"open","ping_status":"open","sticky":false,"template":"","format":"standard","meta":{"_acf_changed":false,"_monsterinsights_skip_tracking":false,"_monsterinsights_sitenote_active":false,"_monsterinsights_sitenote_note":"","_monsterinsights_sitenote_category":0,"_jetpack_memberships_contains_paid_content":false,"footnotes":"","jetpack_publicize_message":"","jetpack_publicize_feature_enabled":true,"jetpack_social_post_already_shared":true,"jetpack_social_options":{"image_generator_settings":{"template":"highway","default_image_id":0,"font":"","enabled":false},"version":2}},"categories":[3],"tags":[],"class_list":["post-66559","post","type-post","status-publish","format-standard","has-post-thumbnail","hentry","category-politica"],"acf":[],"jetpack_publicize_connections":[],"jetpack_featured_media_url":"https:\/\/i0.wp.com\/blogdoeloiltoncajuhy.com.br\/site\/wp-content\/uploads\/2022\/07\/Transtorno-do-espectro-autista-2.png?fit=1150%2C767&ssl=1","jetpack_sharing_enabled":true,"publishpress_future_workflow_manual_trigger":{"enabledWorkflows":[]},"_links":{"self":[{"href":"https:\/\/blogdoeloiltoncajuhy.com.br\/site\/wp-json\/wp\/v2\/posts\/66559","targetHints":{"allow":["GET"]}}],"collection":[{"href":"https:\/\/blogdoeloiltoncajuhy.com.br\/site\/wp-json\/wp\/v2\/posts"}],"about":[{"href":"https:\/\/blogdoeloiltoncajuhy.com.br\/site\/wp-json\/wp\/v2\/types\/post"}],"author":[{"embeddable":true,"href":"https:\/\/blogdoeloiltoncajuhy.com.br\/site\/wp-json\/wp\/v2\/users\/2"}],"replies":[{"embeddable":true,"href":"https:\/\/blogdoeloiltoncajuhy.com.br\/site\/wp-json\/wp\/v2\/comments?post=66559"}],"version-history":[{"count":2,"href":"https:\/\/blogdoeloiltoncajuhy.com.br\/site\/wp-json\/wp\/v2\/posts\/66559\/revisions"}],"predecessor-version":[{"id":66563,"href":"https:\/\/blogdoeloiltoncajuhy.com.br\/site\/wp-json\/wp\/v2\/posts\/66559\/revisions\/66563"}],"wp:featuredmedia":[{"embeddable":true,"href":"https:\/\/blogdoeloiltoncajuhy.com.br\/site\/wp-json\/wp\/v2\/media\/66561"}],"wp:attachment":[{"href":"https:\/\/blogdoeloiltoncajuhy.com.br\/site\/wp-json\/wp\/v2\/media?parent=66559"}],"wp:term":[{"taxonomy":"category","embeddable":true,"href":"https:\/\/blogdoeloiltoncajuhy.com.br\/site\/wp-json\/wp\/v2\/categories?post=66559"},{"taxonomy":"post_tag","embeddable":true,"href":"https:\/\/blogdoeloiltoncajuhy.com.br\/site\/wp-json\/wp\/v2\/tags?post=66559"}],"curies":[{"name":"wp","href":"https:\/\/api.w.org\/{rel}","templated":true}]}}