{"id":66555,"date":"2022-07-16T11:35:15","date_gmt":"2022-07-16T14:35:15","guid":{"rendered":"http:\/\/blogdoeloiltoncajuhy.com.br\/site\/?p=66555"},"modified":"2022-07-16T11:38:23","modified_gmt":"2022-07-16T14:38:23","slug":"pesquisa-aponta-charles-azeredo-como-destaque-em-itiuba-na-area-cultural","status":"publish","type":"post","link":"https:\/\/blogdoeloiltoncajuhy.com.br\/site\/pesquisa-aponta-charles-azeredo-como-destaque-em-itiuba-na-area-cultural\/","title":{"rendered":"Pesquisa aponta Charles Azeredo como destaque em Iti\u00faba na \u00e1rea cultural"},"content":{"rendered":"\n<figure class=\"wp-block-image aligncenter size-full is-resized\"><a href=\"https:\/\/i0.wp.com\/blogdoeloiltoncajuhy.com.br\/site\/wp-content\/uploads\/2020\/12\/Charles-Azeredo-2020-12-15.jpeg\"><img data-recalc-dims=\"1\" fetchpriority=\"high\" decoding=\"async\" src=\"https:\/\/i0.wp.com\/blogdoeloiltoncajuhy.com.br\/site\/wp-content\/uploads\/2020\/12\/Charles-Azeredo-2020-12-15.jpeg?resize=362%2C565\" alt=\"\" class=\"wp-image-52031\" width=\"362\" height=\"565\" srcset=\"https:\/\/i0.wp.com\/blogdoeloiltoncajuhy.com.br\/site\/wp-content\/uploads\/2020\/12\/Charles-Azeredo-2020-12-15.jpeg?w=483&amp;ssl=1 483w, https:\/\/i0.wp.com\/blogdoeloiltoncajuhy.com.br\/site\/wp-content\/uploads\/2020\/12\/Charles-Azeredo-2020-12-15.jpeg?resize=192%2C300&amp;ssl=1 192w\" sizes=\"(max-width: 362px) 100vw, 362px\" \/><\/a><\/figure>\n\n\n\n<p>O Compositor e Poeta Charles Azeredo foi eleito o melhor cantor e compositor, atrav\u00e9s de pesquisa realizada em Iti\u00faba, na regi\u00e3o sisaleira, por meio da Empresa Pacto Pesquisa de Opini\u00e3o P\u00fablica.<\/p>\n\n\n\n<p>Em data ainda a ser definida pela empresa, ser\u00e1 realizado um evento para a entrega dos pr\u00eamios de melhores do ano. A pesquisa colheu informa\u00e7\u00f5es de v\u00e1rias pessoas na sede e zona rural de Iti\u00faba.<\/p>\n\n\n\n<figure class=\"wp-block-image aligncenter size-full is-resized\"><a href=\"https:\/\/i0.wp.com\/blogdoeloiltoncajuhy.com.br\/site\/wp-content\/uploads\/2022\/07\/Charles_Itiuba.jpeg\"><img data-recalc-dims=\"1\" decoding=\"async\" src=\"https:\/\/i0.wp.com\/blogdoeloiltoncajuhy.com.br\/site\/wp-content\/uploads\/2022\/07\/Charles_Itiuba.jpeg?resize=421%2C298\" alt=\"\" class=\"wp-image-66556\" width=\"421\" height=\"298\" srcset=\"https:\/\/i0.wp.com\/blogdoeloiltoncajuhy.com.br\/site\/wp-content\/uploads\/2022\/07\/Charles_Itiuba.jpeg?w=842&amp;ssl=1 842w, https:\/\/i0.wp.com\/blogdoeloiltoncajuhy.com.br\/site\/wp-content\/uploads\/2022\/07\/Charles_Itiuba.jpeg?resize=300%2C212&amp;ssl=1 300w, https:\/\/i0.wp.com\/blogdoeloiltoncajuhy.com.br\/site\/wp-content\/uploads\/2022\/07\/Charles_Itiuba.jpeg?resize=768%2C543&amp;ssl=1 768w\" sizes=\"(max-width: 421px) 100vw, 421px\" \/><\/a><\/figure>\n","protected":false},"excerpt":{"rendered":"<p>O Compositor e Poeta Charles Azeredo foi eleito o melhor cantor e compositor, atrav\u00e9s de pesquisa realizada em Iti\u00faba, na regi\u00e3o sisaleira, por meio da Empresa Pacto Pesquisa de Opini\u00e3o P\u00fablica. Em data ainda a ser definida pela empresa, ser\u00e1 realizado um evento para a entrega dos pr\u00eamios de melhores do ano. A pesquisa colheu [&hellip;]<\/p>\n","protected":false},"author":2,"featured_media":66556,"comment_status":"open","ping_status":"open","sticky":false,"template":"","format":"standard","meta":{"_acf_changed":false,"_monsterinsights_skip_tracking":false,"_monsterinsights_sitenote_active":false,"_monsterinsights_sitenote_note":"","_monsterinsights_sitenote_category":0,"_jetpack_memberships_contains_paid_content":false,"footnotes":"","jetpack_publicize_message":"","jetpack_publicize_feature_enabled":true,"jetpack_social_post_already_shared":true,"jetpack_social_options":{"image_generator_settings":{"template":"highway","default_image_id":0,"font":"","enabled":false},"version":2}},"categories":[11],"tags":[],"class_list":["post-66555","post","type-post","status-publish","format-standard","has-post-thumbnail","hentry","category-regional"],"acf":[],"jetpack_publicize_connections":[],"jetpack_featured_media_url":"https:\/\/i0.wp.com\/blogdoeloiltoncajuhy.com.br\/site\/wp-content\/uploads\/2022\/07\/Charles_Itiuba.jpeg?fit=842%2C595&ssl=1","jetpack_sharing_enabled":true,"publishpress_future_workflow_manual_trigger":{"enabledWorkflows":[]},"_links":{"self":[{"href":"https:\/\/blogdoeloiltoncajuhy.com.br\/site\/wp-json\/wp\/v2\/posts\/66555","targetHints":{"allow":["GET"]}}],"collection":[{"href":"https:\/\/blogdoeloiltoncajuhy.com.br\/site\/wp-json\/wp\/v2\/posts"}],"about":[{"href":"https:\/\/blogdoeloiltoncajuhy.com.br\/site\/wp-json\/wp\/v2\/types\/post"}],"author":[{"embeddable":true,"href":"https:\/\/blogdoeloiltoncajuhy.com.br\/site\/wp-json\/wp\/v2\/users\/2"}],"replies":[{"embeddable":true,"href":"https:\/\/blogdoeloiltoncajuhy.com.br\/site\/wp-json\/wp\/v2\/comments?post=66555"}],"version-history":[{"count":2,"href":"https:\/\/blogdoeloiltoncajuhy.com.br\/site\/wp-json\/wp\/v2\/posts\/66555\/revisions"}],"predecessor-version":[{"id":66558,"href":"https:\/\/blogdoeloiltoncajuhy.com.br\/site\/wp-json\/wp\/v2\/posts\/66555\/revisions\/66558"}],"wp:featuredmedia":[{"embeddable":true,"href":"https:\/\/blogdoeloiltoncajuhy.com.br\/site\/wp-json\/wp\/v2\/media\/66556"}],"wp:attachment":[{"href":"https:\/\/blogdoeloiltoncajuhy.com.br\/site\/wp-json\/wp\/v2\/media?parent=66555"}],"wp:term":[{"taxonomy":"category","embeddable":true,"href":"https:\/\/blogdoeloiltoncajuhy.com.br\/site\/wp-json\/wp\/v2\/categories?post=66555"},{"taxonomy":"post_tag","embeddable":true,"href":"https:\/\/blogdoeloiltoncajuhy.com.br\/site\/wp-json\/wp\/v2\/tags?post=66555"}],"curies":[{"name":"wp","href":"https:\/\/api.w.org\/{rel}","templated":true}]}}