{"id":66533,"date":"2022-07-16T10:15:28","date_gmt":"2022-07-16T13:15:28","guid":{"rendered":"http:\/\/blogdoeloiltoncajuhy.com.br\/site\/?p=66533"},"modified":"2022-07-16T10:15:30","modified_gmt":"2022-07-16T13:15:30","slug":"roupinhas-protegem-os-pets-nos-dias-mais-frios","status":"publish","type":"post","link":"https:\/\/blogdoeloiltoncajuhy.com.br\/site\/roupinhas-protegem-os-pets-nos-dias-mais-frios\/","title":{"rendered":"Roupinhas protegem os pets nos dias mais frios?"},"content":{"rendered":"\n<p class=\"has-text-align-center has-medium-font-size\"><em>Acess\u00f3rio \u00e9 recomendado principalmente para c\u00e3es de pelagem curta e porte pequeno, mas os demais tamb\u00e9m podem usar.<\/em><\/p>\n\n\n\n<figure class=\"wp-block-image aligncenter size-large is-resized\"><a href=\"https:\/\/i0.wp.com\/blogdoeloiltoncajuhy.com.br\/site\/wp-content\/uploads\/2022\/07\/Pet-16072022.jpg\"><img data-recalc-dims=\"1\" fetchpriority=\"high\" decoding=\"async\" src=\"https:\/\/i0.wp.com\/blogdoeloiltoncajuhy.com.br\/site\/wp-content\/uploads\/2022\/07\/Pet-16072022.jpg?resize=768%2C512\" alt=\"\" class=\"wp-image-66534\" width=\"768\" height=\"512\" srcset=\"https:\/\/i0.wp.com\/blogdoeloiltoncajuhy.com.br\/site\/wp-content\/uploads\/2022\/07\/Pet-16072022.jpg?resize=1024%2C683&amp;ssl=1 1024w, https:\/\/i0.wp.com\/blogdoeloiltoncajuhy.com.br\/site\/wp-content\/uploads\/2022\/07\/Pet-16072022.jpg?resize=300%2C200&amp;ssl=1 300w, https:\/\/i0.wp.com\/blogdoeloiltoncajuhy.com.br\/site\/wp-content\/uploads\/2022\/07\/Pet-16072022.jpg?resize=768%2C512&amp;ssl=1 768w, https:\/\/i0.wp.com\/blogdoeloiltoncajuhy.com.br\/site\/wp-content\/uploads\/2022\/07\/Pet-16072022.jpg?resize=1536%2C1024&amp;ssl=1 1536w, https:\/\/i0.wp.com\/blogdoeloiltoncajuhy.com.br\/site\/wp-content\/uploads\/2022\/07\/Pet-16072022.jpg?w=1920&amp;ssl=1 1920w, https:\/\/i0.wp.com\/blogdoeloiltoncajuhy.com.br\/site\/wp-content\/uploads\/2022\/07\/Pet-16072022.jpg?w=1600 1600w\" sizes=\"(max-width: 768px) 100vw, 768px\" \/><\/a><figcaption><sub>Imagem de Zozz &#8211; Por Pixabay<\/sub><\/figcaption><\/figure>\n\n\n\n<p>O frio est\u00e1 a\u00ed derrubando as temperaturas a n\u00edvel recorde. \u00c9 hora de tirar do arm\u00e1rio aquele casaco esquecido e revirar as gavetas atr\u00e1s das luvas, touca, cachecol\u2026 E os pets, ser\u00e1 que precisam de prote\u00e7\u00e3o extra? Segundo a m\u00e9dica-veterin\u00e1ria e coordenadora de Pronto-Socorro do Veros Hospital Veterin\u00e1rio, Fernanda Pereira Risoli, a resposta \u00e9 sim, mas fatores como pelagem, porte e idade do animal devem ser levados em conta.<\/p>\n\n\n\n<p>\u201cUm pinscher, por exemplo, tem aquele pelo curtinho e pouca massa muscular, o que faz com que ele sinta mais frio que um akita ou um husky siberiano, que t\u00eam pelagem muito mais longa e s\u00e3o origin\u00e1rios de regi\u00f5es de baixas temperaturas\u201d. Existem os casos inversos, ou seja, c\u00e3es de grande porte e pelagem curta, como um rottweiler, ou de pequeno porte com pelagem longa, mas que costumam ser tosados bem rente \u00e0 pele, como o shih-tzu. \u201cPara eles, pode ser indicada a prote\u00e7\u00e3o extra tamb\u00e9m\u201d, explica.<\/p>\n\n\n\n<p>No caso da faixa et\u00e1ria, observa Fernanda, filhotes e idosos s\u00e3o outros candidatos a usar roupa no inverno, pois seus pelos s\u00e3o mais curtos e finos, e eles t\u00eam massa muscular e camada de gordura menores do que os adultos. S\u00e3o pacientes que podem ser, por algum motivo, imunodeprimidos, ficando mais suscet\u00edveis \u00e0s \u201cdoen\u00e7as de inverno\u201d e sentindo mais frio.<\/p>\n\n\n\n<p>Considerando todas estas vari\u00e1veis, o tutor deve ficar atento aos sinais pelos quais os pets demonstram a sensa\u00e7\u00e3o de frio. Quando eles come\u00e7am a se encostar nos humanos com mais frequ\u00eancia, procuram por fonte de calor, est\u00e3o com a ponta das orelhas e as almofadinhas das patas geladas ou apresentam tremores, est\u00e1 na hora de pensar numa roupinha.<\/p>\n\n\n\n<p class=\"has-black-color has-text-color has-medium-font-size\"><strong>Como escolher?<\/strong><\/p>\n\n\n\n<p>Entre tantas op\u00e7\u00f5es dispon\u00edveis no mercado, pode ser dif\u00edcil escolher a mais adequada. Na d\u00favida, a regra de ouro \u00e9 conforto. Para come\u00e7ar, \u00e9 preciso conhecer as medidas do animal. Roupas apertadas s\u00e3o altamente desaconselh\u00e1veis e est\u00e3o entre os principais motivos da rejei\u00e7\u00e3o por parte dos pets.<\/p>\n\n\n\n<p>Se n\u00e3o for poss\u00edvel lev\u00e1-lo junto para experimentar a roupa, uma dica \u00e9 medir o pesco\u00e7o e a cintura com um barbante, deixando dois dedos de folga. Outra \u00e9 dar prefer\u00eancia a modelos que possam ser vestidos sem ter que passar pela cabe\u00e7a e com fecho nas costas.<\/p>\n\n\n\n<p>Fernanda recomenda evitar o excesso de enfeites. \u201cMenos \u00e9 mais. Roupas com pe\u00e7as de metal, colar e outros penduricalhos podem ser at\u00e9 perigosas, porque o animal pode se enroscar em cercas e grades\u201d. No caso de um acidente deste tipo, a roupa deve ser f\u00e1cil de retirar pelo tutor, e melhor ainda se o fecho for de velcro, que ajuda o animal a se soltar sozinho.<\/p>\n\n\n\n<p>Outro ponto que requer aten\u00e7\u00e3o s\u00e3o as costuras internas, que dependendo da posi\u00e7\u00e3o e da espessura, podem gerar inc\u00f4modo quando o animal se deita e at\u00e9 causar machucados.<\/p>\n\n\n\n<p>Cuidados<\/p>\n\n\n\n<p>Salvo se o animal j\u00e1 tiver hist\u00f3rico conhecido de alergia a algum material, n\u00e3o h\u00e1 contraindica\u00e7\u00f5es em rela\u00e7\u00e3o ao tecido da roupinha. Ainda assim, \u00e9 importante observar o comportamento do pet para identificar uma eventual rea\u00e7\u00e3o, que ele vai demonstrar tentando tirar a roupa ou se co\u00e7ando.<\/p>\n\n\n\n<p>Quando isso ocorre, a primeira atitude \u00e9 despir o animal e, em seguida, lev\u00e1-lo ao veterin\u00e1rio. Em alguns casos, a causa da alergia pode nem estar no tipo de tecido, e sim no produto utilizado na lavagem. O ideal \u00e9 sempre lavar a roupinha com sab\u00e3o neutro ou hipoalerg\u00eanico, e nunca usar amaciante. O mesmo vale para a roupa de cama, cobertores e almofadas.<\/p>\n\n\n\n<p>Mesmo que o frio n\u00e3o d\u00ea tr\u00e9gua, Fernanda chama a aten\u00e7\u00e3o para a import\u00e2ncia de retirar a roupa e escovar o pet pelo menos uma vez por semana. No caso daqueles com pelos mais longos e finos, a frequ\u00eancia deve ser maior, podendo at\u00e9 ser di\u00e1ria. Ao escovar o animal, o tutor deve se atentar \u00e0s \u201ccaspas\u201d (seborreia), que indicam abafamento da pele, ou at\u00e9 mesmo vermelhid\u00e3o e feridas.<\/p>\n\n\n\n<p>N\u00f3s nos pelos tamb\u00e9m servem de alerta: \u201cO pelo fica entre a pele e a roupa, e na movimenta\u00e7\u00e3o vai embolando. Se n\u00e3o for feita a escova\u00e7\u00e3o, vira um n\u00f3 que tende a ferir a pele por causa do atrito\u201d. Tamb\u00e9m \u00e9 fundamental manter o controle parasit\u00e1rio do pet em dia, pois a roupa pode mascarar a apari\u00e7\u00e3o de pulgas e carrapatos.<\/p>\n\n\n\n<p>Respeitado o intervalo para escova\u00e7\u00e3o, n\u00e3o h\u00e1 problema em deixar o pet vestido no restante do dia. Mas caso ele tenha o h\u00e1bito de tomar sol ou sair para um passeio, a recomenda\u00e7\u00e3o \u00e9 aproveitar este momento para deix\u00e1-lo livre da prote\u00e7\u00e3o extra e evitar o aumento da temperatura corporal.<\/p>\n\n\n\n<p class=\"has-black-color has-text-color has-medium-font-size\"><strong>E se ele n\u00e3o quiser?<\/strong><\/p>\n\n\n\n<p>Alguns c\u00e3es resistem a vestir a roupa mesmo sentindo frio. Para eles, Fernanda sugere uma t\u00e9cnica de adapta\u00e7\u00e3o que consiste em come\u00e7ar com uma roupa cir\u00fargica, a mesma usada para preservar os pontos no p\u00f3s-operat\u00f3rio. Embora bem justo, este modelo \u00e9 mais leve, confort\u00e1vel e f\u00e1cil de colocar e retirar.<\/p>\n\n\n\n<p>Com o tempo, alguns animais se acostumam e podem \u201cprogredir\u201d para as roupinhas convencionais. Se isso n\u00e3o acontecer, mantenha a roupa cir\u00fargica, j\u00e1 que ela protege contra o frio do mesmo jeito. Uma outra forma de aquecer o pet avesso \u00e0 roupa \u00e9 o uso de acess\u00f3rios como um cachecol, que ao menos aquece a regi\u00e3o do pesco\u00e7o.<\/p>\n\n\n\n<p>Se nada disso funcionar, a ordem \u00e9 n\u00e3o insistir. Cabe aos tutores manter o ambiente mais aquecido, espalhar cobertas, camas e casinhas bem quentinhas pela casa e diminuir o tempo em que o pet fica na \u00e1rea externa, especialmente no in\u00edcio da manh\u00e3 e \u00e0 noite, que costumam ser os per\u00edodos mais frios do dia.<\/p>\n\n\n\n<p>Na d\u00favida, consulte sempre o m\u00e9dico-veterin\u00e1rio. Ele \u00e9 o melhor profissional para avaliar a necessidade, as indica\u00e7\u00f5es e os cuidados para cada ra\u00e7a e at\u00e9 mesmo se a \u201cpersonalidade\u201d do seu pet combina com a roupinha.<\/p>\n\n\n\n<p class=\"has-black-color has-text-color has-medium-font-size\"><strong>Outros animais<\/strong><\/p>\n\n\n\n<p>Todas estas dicas se aplicam aos c\u00e3es, normalmente menos resistentes \u00e0 vestimenta. Gatos valorizam a agilidade e liberdade de movimento, e por serem animais sensoriais, o equil\u00edbrio conta muito para eles. Quem j\u00e1 tentou vestir um gato provavelmente notou que sua primeira rea\u00e7\u00e3o \u00e9 ficar paralisado, cair de lado ou mostrar dificuldade para andar.<\/p>\n\n\n\n<p>No caso de outros animais que v\u00eam crescendo em popularidade como pets, os sinais do frio variam de esp\u00e9cie para esp\u00e9cie. \u201cAves ficam com penas eri\u00e7adas, podem apresentar tremores, ficar sem cantar e reduzir o consumo de alimentos\u201d, destaca a m\u00e9dica-veterin\u00e1ria especializada em animais silvestres e ex\u00f3ticos, Nathalia Diez Murollo.<\/p>\n\n\n\n<p>Ela continua: \u201cR\u00e9pteis, como jabutis e tigres d\u2019\u00e1gua, podem ficar mais let\u00e1rgicos, comer menos e entrar em fase de hiberna\u00e7\u00e3o. O mesmo acontece com roedores como o hamster, que entram em um estado dormente que afeta a sa\u00fade e at\u00e9 acabam descartados pelos tutores por achar que est\u00e3o mortos\u201d.<\/p>\n\n\n\n<p>Nathalia alerta que na \u00e9poca mais fria do ano, a aten\u00e7\u00e3o dos tutores precisa ser redobrada, pois \u00e9 justamente quando algumas esp\u00e9cies entram na fase de troca de pelo ou pena e, portanto, ficam mais vulner\u00e1veis a enfermidades. \u201cSem o devido cuidado, animais silvestres podem acabar adoecendo, principalmente com quadros respirat\u00f3rios e mesmo correndo risco de vida\u201d.<\/p>\n\n\n\n<p>Em caso de d\u00favida sobre o melhor cuidado para aquecer seu pet, busque sempre um m\u00e9dico-veterin\u00e1rio especializado.<\/p>\n","protected":false},"excerpt":{"rendered":"<p>Acess\u00f3rio \u00e9 recomendado principalmente para c\u00e3es de pelagem curta e porte pequeno, mas os demais tamb\u00e9m podem usar. O frio est\u00e1 a\u00ed derrubando as temperaturas a n\u00edvel recorde. \u00c9 hora de tirar do arm\u00e1rio aquele casaco esquecido e revirar as gavetas atr\u00e1s das luvas, touca, cachecol\u2026 E os pets, ser\u00e1 que precisam de prote\u00e7\u00e3o extra? [&hellip;]<\/p>\n","protected":false},"author":2,"featured_media":66534,"comment_status":"open","ping_status":"open","sticky":false,"template":"","format":"standard","meta":{"_acf_changed":false,"_monsterinsights_skip_tracking":false,"_monsterinsights_sitenote_active":false,"_monsterinsights_sitenote_note":"","_monsterinsights_sitenote_category":0,"_jetpack_memberships_contains_paid_content":false,"footnotes":"","jetpack_publicize_message":"","jetpack_publicize_feature_enabled":true,"jetpack_social_post_already_shared":true,"jetpack_social_options":{"image_generator_settings":{"template":"highway","default_image_id":0,"font":"","enabled":false},"version":2}},"categories":[5],"tags":[],"class_list":["post-66533","post","type-post","status-publish","format-standard","has-post-thumbnail","hentry","category-cotidiano"],"acf":[],"jetpack_publicize_connections":[],"jetpack_featured_media_url":"https:\/\/i0.wp.com\/blogdoeloiltoncajuhy.com.br\/site\/wp-content\/uploads\/2022\/07\/Pet-16072022.jpg?fit=1920%2C1280&ssl=1","jetpack_sharing_enabled":true,"publishpress_future_workflow_manual_trigger":{"enabledWorkflows":[]},"_links":{"self":[{"href":"https:\/\/blogdoeloiltoncajuhy.com.br\/site\/wp-json\/wp\/v2\/posts\/66533","targetHints":{"allow":["GET"]}}],"collection":[{"href":"https:\/\/blogdoeloiltoncajuhy.com.br\/site\/wp-json\/wp\/v2\/posts"}],"about":[{"href":"https:\/\/blogdoeloiltoncajuhy.com.br\/site\/wp-json\/wp\/v2\/types\/post"}],"author":[{"embeddable":true,"href":"https:\/\/blogdoeloiltoncajuhy.com.br\/site\/wp-json\/wp\/v2\/users\/2"}],"replies":[{"embeddable":true,"href":"https:\/\/blogdoeloiltoncajuhy.com.br\/site\/wp-json\/wp\/v2\/comments?post=66533"}],"version-history":[{"count":1,"href":"https:\/\/blogdoeloiltoncajuhy.com.br\/site\/wp-json\/wp\/v2\/posts\/66533\/revisions"}],"predecessor-version":[{"id":66535,"href":"https:\/\/blogdoeloiltoncajuhy.com.br\/site\/wp-json\/wp\/v2\/posts\/66533\/revisions\/66535"}],"wp:featuredmedia":[{"embeddable":true,"href":"https:\/\/blogdoeloiltoncajuhy.com.br\/site\/wp-json\/wp\/v2\/media\/66534"}],"wp:attachment":[{"href":"https:\/\/blogdoeloiltoncajuhy.com.br\/site\/wp-json\/wp\/v2\/media?parent=66533"}],"wp:term":[{"taxonomy":"category","embeddable":true,"href":"https:\/\/blogdoeloiltoncajuhy.com.br\/site\/wp-json\/wp\/v2\/categories?post=66533"},{"taxonomy":"post_tag","embeddable":true,"href":"https:\/\/blogdoeloiltoncajuhy.com.br\/site\/wp-json\/wp\/v2\/tags?post=66533"}],"curies":[{"name":"wp","href":"https:\/\/api.w.org\/{rel}","templated":true}]}}