{"id":66523,"date":"2022-07-16T09:14:40","date_gmt":"2022-07-16T12:14:40","guid":{"rendered":"http:\/\/blogdoeloiltoncajuhy.com.br\/site\/?p=66523"},"modified":"2022-07-16T09:14:42","modified_gmt":"2022-07-16T12:14:42","slug":"e-possivel-fortalecer-a-cultura-da-doacao-no-brasil","status":"publish","type":"post","link":"https:\/\/blogdoeloiltoncajuhy.com.br\/site\/e-possivel-fortalecer-a-cultura-da-doacao-no-brasil\/","title":{"rendered":"\u00c9 poss\u00edvel fortalecer a Cultura da Doa\u00e7\u00e3o no Brasil?"},"content":{"rendered":"\n<figure class=\"wp-block-image aligncenter size-large is-resized\"><a href=\"https:\/\/i0.wp.com\/blogdoeloiltoncajuhy.com.br\/site\/wp-content\/uploads\/2022\/07\/Lina-Bocchi-analista-de-relacionamento.jpg\"><img data-recalc-dims=\"1\" fetchpriority=\"high\" decoding=\"async\" src=\"https:\/\/i0.wp.com\/blogdoeloiltoncajuhy.com.br\/site\/wp-content\/uploads\/2022\/07\/Lina-Bocchi-analista-de-relacionamento.jpg?resize=384%2C512\" alt=\"\" class=\"wp-image-66524\" width=\"384\" height=\"512\" srcset=\"https:\/\/i0.wp.com\/blogdoeloiltoncajuhy.com.br\/site\/wp-content\/uploads\/2022\/07\/Lina-Bocchi-analista-de-relacionamento.jpg?resize=768%2C1024&amp;ssl=1 768w, https:\/\/i0.wp.com\/blogdoeloiltoncajuhy.com.br\/site\/wp-content\/uploads\/2022\/07\/Lina-Bocchi-analista-de-relacionamento.jpg?resize=225%2C300&amp;ssl=1 225w, https:\/\/i0.wp.com\/blogdoeloiltoncajuhy.com.br\/site\/wp-content\/uploads\/2022\/07\/Lina-Bocchi-analista-de-relacionamento.jpg?w=960&amp;ssl=1 960w\" sizes=\"(max-width: 384px) 100vw, 384px\" \/><\/a><figcaption><sub>Lina Bocchi, analista de relacionamento do Instituto Conecta Brasil (Divulga\u00e7\u00e3o)<\/sub><\/figcaption><\/figure>\n\n\n\n<p>N\u00e3o \u00e9 novidade que a pandemia trouxe \u00e0 tona diversas quest\u00f5es sociais, principalmente em rela\u00e7\u00e3o a pessoas e comunidades em situa\u00e7\u00e3o de vulnerabilidade. Enquanto o nosso pa\u00eds via os n\u00fameros de doa\u00e7\u00f5es declinarem em 2019, no auge da Covid-19 as doa\u00e7\u00f5es dobraram, com investimentos sociais por empresas saindo de uma m\u00e9dia de 3.25 bilh\u00f5es para 6.5 bilh\u00f5es, segundo a Pesquisa Benchmarking do Investimento Social Corporativo (BISC).<\/p>\n\n\n\n<p>Hoje, 2022, infelizmente j\u00e1 sabemos que o ritmo de doa\u00e7\u00f5es desacelerou, muito em detrimento da crise econ\u00f4mica que assola o pa\u00eds. Por\u00e9m, o que a pandemia nos mostrou foi muito al\u00e9m da como\u00e7\u00e3o social com a necessidade do outro; os dados revelam um potencial muito grande de doadores e volunt\u00e1rios no Brasil, acendendo a chama de que a Cultura da Doa\u00e7\u00e3o pode sim ser uma realidade nacional.<\/p>\n\n\n\n<p>Esse movimento nada mais \u00e9 do que enraizar a doa\u00e7\u00e3o e o voluntariado como parte ativa da nossa cultura. Al\u00e9m do comportamento ligado \u00e0s pessoas e empresas enquanto potenciais doadores, a transpar\u00eancia das organiza\u00e7\u00f5es sociais \u00e9 essencial, visto que um dos maiores impedimentos dos doadores \u00e9 a d\u00favida relacionada \u00e0 destina\u00e7\u00e3o do recurso doado. \u00c9 essa clareza que vai garantir ao projeto credibilidade para continuar e ampliar sua atua\u00e7\u00e3o na comunidade e at\u00e9 crescer internamente \u2013 evolu\u00e7\u00e3o fundamental para manter a organiza\u00e7\u00e3o sustent\u00e1vel.<\/p>\n\n\n\n<p>Atuando diretamente com o Terceiro Setor, sabemos que \u00e9 imprescind\u00edvel para as institui\u00e7\u00f5es mostrar transpar\u00eancia por meio de um n\u00edvel de organiza\u00e7\u00e3o e controle, que pode ser executado com processos simples como anotar nomes, contatos atualizados, fotos das entregas e relat\u00f3rio de recebimentos e presta\u00e7\u00e3o de contas. Quando esta ponta \u00e9 fortalecida, as demais tamb\u00e9m podem ser amarradas, mas claro, apenas se fizerem a sua parte.<\/p>\n\n\n\n<p>Precisamos falar sobre doa\u00e7\u00f5es com nossos pares, amigos, vizinhos. Precisamos trazer visibilidade \u00e0s campanhas e projetos nas nossas redes sociais, ampliando o alcance das institui\u00e7\u00f5es que conhecemos ou das causas com as quais nos identificamos. Precisamos de empresas comprometidas com o impacto social que causam al\u00e9m de seus pr\u00f3prios muros. E, al\u00e9m disso, precisamos entender que a doa\u00e7\u00e3o n\u00e3o acontece somente no \u00e2mbito financeiro \u2013 o voluntariado existe enquanto doa\u00e7\u00e3o de tempo, t\u00e3o importante quanto o recurso monet\u00e1rio. Agu\u00e7ar a percep\u00e7\u00e3o em rela\u00e7\u00e3o ao outro \u00e9 o primeiro passo para fortalecer nossa Cultura da Doa\u00e7\u00e3o.<\/p>\n","protected":false},"excerpt":{"rendered":"<p>N\u00e3o \u00e9 novidade que a pandemia trouxe \u00e0 tona diversas quest\u00f5es sociais, principalmente em rela\u00e7\u00e3o a pessoas e comunidades em situa\u00e7\u00e3o de vulnerabilidade. Enquanto o nosso pa\u00eds via os n\u00fameros de doa\u00e7\u00f5es declinarem em 2019, no auge da Covid-19 as doa\u00e7\u00f5es dobraram, com investimentos sociais por empresas saindo de uma m\u00e9dia de 3.25 bilh\u00f5es para [&hellip;]<\/p>\n","protected":false},"author":2,"featured_media":66525,"comment_status":"open","ping_status":"open","sticky":false,"template":"","format":"standard","meta":{"_acf_changed":false,"_monsterinsights_skip_tracking":false,"_monsterinsights_sitenote_active":false,"_monsterinsights_sitenote_note":"","_monsterinsights_sitenote_category":0,"_jetpack_memberships_contains_paid_content":false,"footnotes":"","jetpack_publicize_message":"","jetpack_publicize_feature_enabled":true,"jetpack_social_post_already_shared":true,"jetpack_social_options":{"image_generator_settings":{"template":"highway","default_image_id":0,"font":"","enabled":false},"version":2}},"categories":[2],"tags":[],"class_list":["post-66523","post","type-post","status-publish","format-standard","has-post-thumbnail","hentry","category-opiniao"],"acf":[],"jetpack_publicize_connections":[],"jetpack_featured_media_url":"https:\/\/i0.wp.com\/blogdoeloiltoncajuhy.com.br\/site\/wp-content\/uploads\/2022\/07\/cultura-de-doacao-Alexander-Raths.webp?fit=1024%2C683&ssl=1","jetpack_sharing_enabled":true,"publishpress_future_workflow_manual_trigger":{"enabledWorkflows":[]},"_links":{"self":[{"href":"https:\/\/blogdoeloiltoncajuhy.com.br\/site\/wp-json\/wp\/v2\/posts\/66523","targetHints":{"allow":["GET"]}}],"collection":[{"href":"https:\/\/blogdoeloiltoncajuhy.com.br\/site\/wp-json\/wp\/v2\/posts"}],"about":[{"href":"https:\/\/blogdoeloiltoncajuhy.com.br\/site\/wp-json\/wp\/v2\/types\/post"}],"author":[{"embeddable":true,"href":"https:\/\/blogdoeloiltoncajuhy.com.br\/site\/wp-json\/wp\/v2\/users\/2"}],"replies":[{"embeddable":true,"href":"https:\/\/blogdoeloiltoncajuhy.com.br\/site\/wp-json\/wp\/v2\/comments?post=66523"}],"version-history":[{"count":2,"href":"https:\/\/blogdoeloiltoncajuhy.com.br\/site\/wp-json\/wp\/v2\/posts\/66523\/revisions"}],"predecessor-version":[{"id":66527,"href":"https:\/\/blogdoeloiltoncajuhy.com.br\/site\/wp-json\/wp\/v2\/posts\/66523\/revisions\/66527"}],"wp:featuredmedia":[{"embeddable":true,"href":"https:\/\/blogdoeloiltoncajuhy.com.br\/site\/wp-json\/wp\/v2\/media\/66525"}],"wp:attachment":[{"href":"https:\/\/blogdoeloiltoncajuhy.com.br\/site\/wp-json\/wp\/v2\/media?parent=66523"}],"wp:term":[{"taxonomy":"category","embeddable":true,"href":"https:\/\/blogdoeloiltoncajuhy.com.br\/site\/wp-json\/wp\/v2\/categories?post=66523"},{"taxonomy":"post_tag","embeddable":true,"href":"https:\/\/blogdoeloiltoncajuhy.com.br\/site\/wp-json\/wp\/v2\/tags?post=66523"}],"curies":[{"name":"wp","href":"https:\/\/api.w.org\/{rel}","templated":true}]}}