{"id":66505,"date":"2022-07-15T09:27:43","date_gmt":"2022-07-15T12:27:43","guid":{"rendered":"http:\/\/blogdoeloiltoncajuhy.com.br\/site\/?p=66505"},"modified":"2022-07-15T09:27:44","modified_gmt":"2022-07-15T12:27:44","slug":"demonstracoes-de-intolerancia-marcam-a-chegada-das-eleicoes-2022-no-brasil","status":"publish","type":"post","link":"https:\/\/blogdoeloiltoncajuhy.com.br\/site\/demonstracoes-de-intolerancia-marcam-a-chegada-das-eleicoes-2022-no-brasil\/","title":{"rendered":"Demonstra\u00e7\u00f5es de intoler\u00e2ncia marcam a chegada das elei\u00e7\u00f5es 2022 no Brasil"},"content":{"rendered":"\n<p class=\"has-text-align-center has-medium-font-size\"><em>Casos recentes lan\u00e7am luz sobre a import\u00e2ncia da toler\u00e2ncia em plena democracia. Para o jurista e fundador da Academia Brasileira de Direito Constitucional, Dr. Fl\u00e1vio Pansieri, \u201cToler\u00e2ncia tamb\u00e9m \u00e9 sin\u00f4nimo de enfrentamento\u201d.<\/em><\/p>\n\n\n\n<figure class=\"wp-block-image aligncenter size-full is-resized\"><a href=\"https:\/\/i0.wp.com\/blogdoeloiltoncajuhy.com.br\/site\/wp-content\/uploads\/2022\/07\/Intolerancia-politica-15072022.jpg\"><img data-recalc-dims=\"1\" fetchpriority=\"high\" decoding=\"async\" src=\"https:\/\/i0.wp.com\/blogdoeloiltoncajuhy.com.br\/site\/wp-content\/uploads\/2022\/07\/Intolerancia-politica-15072022.jpg?resize=600%2C400\" alt=\"\" class=\"wp-image-66506\" width=\"600\" height=\"400\" srcset=\"https:\/\/i0.wp.com\/blogdoeloiltoncajuhy.com.br\/site\/wp-content\/uploads\/2022\/07\/Intolerancia-politica-15072022.jpg?w=800&amp;ssl=1 800w, https:\/\/i0.wp.com\/blogdoeloiltoncajuhy.com.br\/site\/wp-content\/uploads\/2022\/07\/Intolerancia-politica-15072022.jpg?resize=300%2C200&amp;ssl=1 300w, https:\/\/i0.wp.com\/blogdoeloiltoncajuhy.com.br\/site\/wp-content\/uploads\/2022\/07\/Intolerancia-politica-15072022.jpg?resize=768%2C512&amp;ssl=1 768w\" sizes=\"(max-width: 600px) 100vw, 600px\" \/><\/a><\/figure>\n\n\n\n<p>O tema da toler\u00e2ncia, em meio a casos de extrema demonstra\u00e7\u00e3o de intoler\u00e2ncia na democracia brasileira, tem guiado estudos e pesquisas por todo o Brasil. De acordo com material divulgado recentemente pelo Instituto Locomotiva sobre a intoler\u00e2ncia pol\u00edtica entre os brasileiros, existe uma rela\u00e7\u00e3o do tema com pensamentos e ideologias extremas. A pesquisa, que entrevistou 1.960 eleitores em 120 cidades brasileiras, mostra que a dose de intoler\u00e2ncia chega a ser duas vezes maior entre pessoas que se identificam como \u201cde direita\u201d ou \u201cde esquerda\u201d.<\/p>\n\n\n\n<p>Tal debate sobre toler\u00e2ncia em plena luz da democracia voltou a ser central ap\u00f3s o assassinato do tesoureiro do PT, Marcelo Aloizio de Arruda, nesse domingo (10\/07) a menos de 80 dias das elei\u00e7\u00f5es de 2022. O jurista e fundador da Academia Brasileira de Direito Constitucional, Dr. Fl\u00e1vio Pansieri, um dos constitucionalistas com mais destaque no Brasil, explica que a toler\u00e2ncia tamb\u00e9m \u00e9 sin\u00f4nimo de enfrentamento argumentativo e l\u00f3gico a partir de fatos e verdades.<\/p>\n\n\n\n<p>\u201cNeste momento compreendermos a ideia de toler\u00e2ncia dentro do conceito de liberdade, e aqui n\u00f3s temos que compreender a ideia de toler\u00e2ncia no conceito de liberdade ampla para dentro da liberdade de opini\u00e3o, de comunica\u00e7\u00e3o, liberdade religiosa, liberdade de express\u00e3o intelectual, art\u00edstica, cient\u00edfica, de express\u00e3o cultural e ainda de transi\u00e7\u00e3o e recep\u00e7\u00e3o de conhecimentos\u201d, explica o jurista. Fl\u00e1vio, al\u00e9m de jurista com extenso curr\u00edculo, est\u00e1 finalizando um livro no qual pretende discutir o papel da toler\u00e2ncia e da intoler\u00e2ncia na vida em sociedade.<\/p>\n\n\n\n<p>\u201cO cultivo da d\u00favida e o cultivo da toler\u00e2ncia s\u00e3o elementos que andam conectados. A democracia parte do pressuposto de uma d\u00favida constante em seus argumentos como um instrumento de for\u00e7ar-me a perceber o outro como igual. Nesta l\u00f3gica de ser imposs\u00edvel ter uma verdade plena e absoluta, eu sou obrigado a percorrer um caminho de harmonia na diferen\u00e7a e esta atitude de compreens\u00e3o do outro igual torna-se uma condi\u00e7\u00e3o para a pr\u00f3pria democracia\u201d, continuou.<\/p>\n\n\n\n<figure class=\"wp-block-image aligncenter size-full is-resized\"><a href=\"https:\/\/i0.wp.com\/blogdoeloiltoncajuhy.com.br\/site\/wp-content\/uploads\/2022\/07\/Flavio-Pansieri-Creditos-Foto-de-divulgacao.jpg\"><img data-recalc-dims=\"1\" decoding=\"async\" src=\"https:\/\/i0.wp.com\/blogdoeloiltoncajuhy.com.br\/site\/wp-content\/uploads\/2022\/07\/Flavio-Pansieri-Creditos-Foto-de-divulgacao.jpg?resize=363%2C292\" alt=\"\" class=\"wp-image-66507\" width=\"363\" height=\"292\" srcset=\"https:\/\/i0.wp.com\/blogdoeloiltoncajuhy.com.br\/site\/wp-content\/uploads\/2022\/07\/Flavio-Pansieri-Creditos-Foto-de-divulgacao.jpg?w=726&amp;ssl=1 726w, https:\/\/i0.wp.com\/blogdoeloiltoncajuhy.com.br\/site\/wp-content\/uploads\/2022\/07\/Flavio-Pansieri-Creditos-Foto-de-divulgacao.jpg?resize=300%2C241&amp;ssl=1 300w\" sizes=\"(max-width: 363px) 100vw, 363px\" \/><\/a><figcaption><sub>Fl\u00e1vio Pansieri &#8211; Foto de divulga\u00e7\u00e3o<\/sub><\/figcaption><\/figure>\n\n\n\n<p><em>*Dr. Pansieri \u00e9 professor adjunto de Direito Constitucional da PUCPR, p\u00f3s-doutor pela USP, e fundador da Academia Brasileira de Direito Constitucional. Tamb\u00e9m j\u00e1 palestrou em mais de 150 confer\u00eancias em seis pa\u00edses, al\u00e9m de ser cidad\u00e3o honor\u00e1rio pela c\u00e2mara municipal de Curitiba.<\/em><\/p>\n","protected":false},"excerpt":{"rendered":"<p>Casos recentes lan\u00e7am luz sobre a import\u00e2ncia da toler\u00e2ncia em plena democracia. Para o jurista e fundador da Academia Brasileira de Direito Constitucional, Dr. Fl\u00e1vio Pansieri, \u201cToler\u00e2ncia tamb\u00e9m \u00e9 sin\u00f4nimo de enfrentamento\u201d. O tema da toler\u00e2ncia, em meio a casos de extrema demonstra\u00e7\u00e3o de intoler\u00e2ncia na democracia brasileira, tem guiado estudos e pesquisas por todo [&hellip;]<\/p>\n","protected":false},"author":2,"featured_media":66506,"comment_status":"open","ping_status":"open","sticky":false,"template":"","format":"standard","meta":{"_acf_changed":false,"_monsterinsights_skip_tracking":false,"_monsterinsights_sitenote_active":false,"_monsterinsights_sitenote_note":"","_monsterinsights_sitenote_category":0,"_jetpack_memberships_contains_paid_content":false,"footnotes":"","jetpack_publicize_message":"","jetpack_publicize_feature_enabled":true,"jetpack_social_post_already_shared":true,"jetpack_social_options":{"image_generator_settings":{"template":"highway","default_image_id":0,"font":"","enabled":false},"version":2}},"categories":[3],"tags":[],"class_list":["post-66505","post","type-post","status-publish","format-standard","has-post-thumbnail","hentry","category-politica"],"acf":[],"jetpack_publicize_connections":[],"jetpack_featured_media_url":"https:\/\/i0.wp.com\/blogdoeloiltoncajuhy.com.br\/site\/wp-content\/uploads\/2022\/07\/Intolerancia-politica-15072022.jpg?fit=800%2C533&ssl=1","jetpack_sharing_enabled":true,"publishpress_future_workflow_manual_trigger":{"enabledWorkflows":[]},"_links":{"self":[{"href":"https:\/\/blogdoeloiltoncajuhy.com.br\/site\/wp-json\/wp\/v2\/posts\/66505","targetHints":{"allow":["GET"]}}],"collection":[{"href":"https:\/\/blogdoeloiltoncajuhy.com.br\/site\/wp-json\/wp\/v2\/posts"}],"about":[{"href":"https:\/\/blogdoeloiltoncajuhy.com.br\/site\/wp-json\/wp\/v2\/types\/post"}],"author":[{"embeddable":true,"href":"https:\/\/blogdoeloiltoncajuhy.com.br\/site\/wp-json\/wp\/v2\/users\/2"}],"replies":[{"embeddable":true,"href":"https:\/\/blogdoeloiltoncajuhy.com.br\/site\/wp-json\/wp\/v2\/comments?post=66505"}],"version-history":[{"count":2,"href":"https:\/\/blogdoeloiltoncajuhy.com.br\/site\/wp-json\/wp\/v2\/posts\/66505\/revisions"}],"predecessor-version":[{"id":66509,"href":"https:\/\/blogdoeloiltoncajuhy.com.br\/site\/wp-json\/wp\/v2\/posts\/66505\/revisions\/66509"}],"wp:featuredmedia":[{"embeddable":true,"href":"https:\/\/blogdoeloiltoncajuhy.com.br\/site\/wp-json\/wp\/v2\/media\/66506"}],"wp:attachment":[{"href":"https:\/\/blogdoeloiltoncajuhy.com.br\/site\/wp-json\/wp\/v2\/media?parent=66505"}],"wp:term":[{"taxonomy":"category","embeddable":true,"href":"https:\/\/blogdoeloiltoncajuhy.com.br\/site\/wp-json\/wp\/v2\/categories?post=66505"},{"taxonomy":"post_tag","embeddable":true,"href":"https:\/\/blogdoeloiltoncajuhy.com.br\/site\/wp-json\/wp\/v2\/tags?post=66505"}],"curies":[{"name":"wp","href":"https:\/\/api.w.org\/{rel}","templated":true}]}}