{"id":66499,"date":"2022-07-15T08:56:38","date_gmt":"2022-07-15T11:56:38","guid":{"rendered":"http:\/\/blogdoeloiltoncajuhy.com.br\/site\/?p=66499"},"modified":"2022-07-15T08:56:39","modified_gmt":"2022-07-15T11:56:39","slug":"mais-de-62-milhoes-de-estabelecimentos-baianos-terao-desconto-na-conta-de-luz","status":"publish","type":"post","link":"https:\/\/blogdoeloiltoncajuhy.com.br\/site\/mais-de-62-milhoes-de-estabelecimentos-baianos-terao-desconto-na-conta-de-luz\/","title":{"rendered":"Mais de 6,2 milh\u00f5es de estabelecimentos baianos ter\u00e3o desconto na conta de luz"},"content":{"rendered":"\n<p class=\"has-text-align-center has-medium-font-size\"><em>Moradores de 415 munic\u00edpios ser\u00e3o beneficiados pela redu\u00e7\u00e3o tarif\u00e1ria aprovada pela ANEEL.<\/em><\/p>\n\n\n\n<figure class=\"wp-block-image aligncenter size-large is-resized\"><a href=\"https:\/\/i0.wp.com\/blogdoeloiltoncajuhy.com.br\/site\/wp-content\/uploads\/2022\/04\/Conta-de-Luz-16042022.jpg\"><img data-recalc-dims=\"1\" fetchpriority=\"high\" decoding=\"async\" src=\"https:\/\/i0.wp.com\/blogdoeloiltoncajuhy.com.br\/site\/wp-content\/uploads\/2022\/04\/Conta-de-Luz-16042022.jpg?resize=688%2C412\" alt=\"\" class=\"wp-image-64261\" width=\"688\" height=\"412\" srcset=\"https:\/\/i0.wp.com\/blogdoeloiltoncajuhy.com.br\/site\/wp-content\/uploads\/2022\/04\/Conta-de-Luz-16042022.jpg?resize=1024%2C613&amp;ssl=1 1024w, https:\/\/i0.wp.com\/blogdoeloiltoncajuhy.com.br\/site\/wp-content\/uploads\/2022\/04\/Conta-de-Luz-16042022.jpg?resize=300%2C179&amp;ssl=1 300w, https:\/\/i0.wp.com\/blogdoeloiltoncajuhy.com.br\/site\/wp-content\/uploads\/2022\/04\/Conta-de-Luz-16042022.jpg?resize=768%2C459&amp;ssl=1 768w, https:\/\/i0.wp.com\/blogdoeloiltoncajuhy.com.br\/site\/wp-content\/uploads\/2022\/04\/Conta-de-Luz-16042022.jpg?w=1170&amp;ssl=1 1170w\" sizes=\"(max-width: 688px) 100vw, 688px\" \/><\/a><figcaption><sub>Foto: Marcelo Camargo\/Ag\u00eancia Brasil<\/sub><\/figcaption><\/figure>\n\n\n\n<p>A Ag\u00eancia Nacional de Energia El\u00e9trica (ANEEL) aprovou as Revis\u00f5es Tarif\u00e1rias Extraordin\u00e1rias da Coelba, distribuidora de energia el\u00e9trica do estado da Bahia. O novo termo acarretar\u00e1 na redu\u00e7\u00e3o m\u00e9dia de 0,5% nas contas de energia de 6,2 milh\u00f5es de estabelecimentos, distribu\u00eddos em 415 munic\u00edpios do estado.<\/p>\n\n\n\n<p>A medida ocorreu em fun\u00e7\u00e3o da aplica\u00e7\u00e3o da Lei n\u00ba 14.385\/2022, sancionada neste m\u00eas de maio, que determinou que a Ag\u00eancia compensasse os cr\u00e9ditos de PIS\/COFINS cobrados indevidamente de usu\u00e1rios, mediante redu\u00e7\u00e3o tarif\u00e1ria.<\/p>\n\n\n\n<p>A mudan\u00e7a \u00e9 consequ\u00eancia de uma decis\u00e3o judicial transitada em julgado que determinou que o ICMS cobrado das distribuidoras n\u00e3o deve compor a base de c\u00e1lculo do PIS\/COFINS incidente sobre as tarifas.<\/p>\n\n\n\n<p>A ANEEL promoveu a revis\u00e3o total de dez distribuidoras de energia, que j\u00e1 passaram por processo tarif\u00e1rio em 2022, atenuando os \u00edndices anteriormente homologados. Al\u00e9m do Rio de Janeiro, consumidores de outros estados tamb\u00e9m ter\u00e3o redu\u00e7\u00e3o na conta de luz. S\u00e3o eles: Bahia, Cear\u00e1, Rio Grande do Norte, Para\u00edba, Pernambuco, Sergipe, Minas Gerais, Rio de Janeiro, S\u00e3o Paulo, Rio Grande do Sul e Paran\u00e1.<\/p>\n\n\n\n<p class=\"has-black-color has-text-color has-medium-font-size\"><strong>Conta de luz<\/strong><\/p>\n\n\n\n<p>Al\u00e9m da Lei n\u00ba 14.385\/2022, a entrada em vigor de uma s\u00e9rie de outras medidas legislativas, deve reduzir, em m\u00e9dia, em 19% a conta de luz em todo o pa\u00eds. A estimativa \u00e9 do Minist\u00e9rio de Minas e Energia.<\/p>\n\n\n\n<p>A Lei Complementar n\u00ba 194\/22 tamb\u00e9m integra a lista de a\u00e7\u00f5es voltadas \u00e0 redu\u00e7\u00e3o de valores. Ela determinou que o setor de energia el\u00e9trica fosse enquadrado como essencial, junto aos combust\u00edveis, g\u00e1s natural, telecomunica\u00e7\u00f5es e de transporte coletivo. Com isso cria-se um teto, impedindo que os estados cobrem o ICMS superior \u00e0 al\u00edquota geral, que varia de 17% a 18%. At\u00e9 ent\u00e3o, outros bens considerados sup\u00e9rfluos chegavam a pagar at\u00e9 30% de ICMS.<\/p>\n\n\n\n<p>Tamb\u00e9m contribu\u00edram para a redu\u00e7\u00e3o das contas de luz os valores decorrentes do processo de capitaliza\u00e7\u00e3o da Eletrobr\u00e1s, em raz\u00e3o da Lei n\u00ba 14.182\/2021.<\/p>\n","protected":false},"excerpt":{"rendered":"<p>Moradores de 415 munic\u00edpios ser\u00e3o beneficiados pela redu\u00e7\u00e3o tarif\u00e1ria aprovada pela ANEEL. A Ag\u00eancia Nacional de Energia El\u00e9trica (ANEEL) aprovou as Revis\u00f5es Tarif\u00e1rias Extraordin\u00e1rias da Coelba, distribuidora de energia el\u00e9trica do estado da Bahia. O novo termo acarretar\u00e1 na redu\u00e7\u00e3o m\u00e9dia de 0,5% nas contas de energia de 6,2 milh\u00f5es de estabelecimentos, distribu\u00eddos em 415 [&hellip;]<\/p>\n","protected":false},"author":2,"featured_media":16382,"comment_status":"open","ping_status":"open","sticky":false,"template":"","format":"standard","meta":{"_acf_changed":false,"_monsterinsights_skip_tracking":false,"_monsterinsights_sitenote_active":false,"_monsterinsights_sitenote_note":"","_monsterinsights_sitenote_category":0,"_jetpack_memberships_contains_paid_content":false,"footnotes":"","jetpack_publicize_message":"","jetpack_publicize_feature_enabled":true,"jetpack_social_post_already_shared":true,"jetpack_social_options":{"image_generator_settings":{"template":"highway","default_image_id":0,"font":"","enabled":false},"version":2}},"categories":[5],"tags":[],"class_list":["post-66499","post","type-post","status-publish","format-standard","has-post-thumbnail","hentry","category-cotidiano"],"acf":[],"jetpack_publicize_connections":[],"jetpack_featured_media_url":"https:\/\/i0.wp.com\/blogdoeloiltoncajuhy.com.br\/site\/wp-content\/uploads\/2017\/03\/conta-de-luz_mar2017.jpg?fit=300%2C225&ssl=1","jetpack_sharing_enabled":true,"publishpress_future_workflow_manual_trigger":{"enabledWorkflows":[]},"_links":{"self":[{"href":"https:\/\/blogdoeloiltoncajuhy.com.br\/site\/wp-json\/wp\/v2\/posts\/66499","targetHints":{"allow":["GET"]}}],"collection":[{"href":"https:\/\/blogdoeloiltoncajuhy.com.br\/site\/wp-json\/wp\/v2\/posts"}],"about":[{"href":"https:\/\/blogdoeloiltoncajuhy.com.br\/site\/wp-json\/wp\/v2\/types\/post"}],"author":[{"embeddable":true,"href":"https:\/\/blogdoeloiltoncajuhy.com.br\/site\/wp-json\/wp\/v2\/users\/2"}],"replies":[{"embeddable":true,"href":"https:\/\/blogdoeloiltoncajuhy.com.br\/site\/wp-json\/wp\/v2\/comments?post=66499"}],"version-history":[{"count":2,"href":"https:\/\/blogdoeloiltoncajuhy.com.br\/site\/wp-json\/wp\/v2\/posts\/66499\/revisions"}],"predecessor-version":[{"id":66501,"href":"https:\/\/blogdoeloiltoncajuhy.com.br\/site\/wp-json\/wp\/v2\/posts\/66499\/revisions\/66501"}],"wp:featuredmedia":[{"embeddable":true,"href":"https:\/\/blogdoeloiltoncajuhy.com.br\/site\/wp-json\/wp\/v2\/media\/16382"}],"wp:attachment":[{"href":"https:\/\/blogdoeloiltoncajuhy.com.br\/site\/wp-json\/wp\/v2\/media?parent=66499"}],"wp:term":[{"taxonomy":"category","embeddable":true,"href":"https:\/\/blogdoeloiltoncajuhy.com.br\/site\/wp-json\/wp\/v2\/categories?post=66499"},{"taxonomy":"post_tag","embeddable":true,"href":"https:\/\/blogdoeloiltoncajuhy.com.br\/site\/wp-json\/wp\/v2\/tags?post=66499"}],"curies":[{"name":"wp","href":"https:\/\/api.w.org\/{rel}","templated":true}]}}