{"id":66495,"date":"2022-07-15T08:33:38","date_gmt":"2022-07-15T11:33:38","guid":{"rendered":"http:\/\/blogdoeloiltoncajuhy.com.br\/site\/?p=66495"},"modified":"2022-07-15T08:33:40","modified_gmt":"2022-07-15T11:33:40","slug":"congresso-promulga-emenda-constitucional-do-piso-salarial-da-enfermagem","status":"publish","type":"post","link":"https:\/\/blogdoeloiltoncajuhy.com.br\/site\/congresso-promulga-emenda-constitucional-do-piso-salarial-da-enfermagem\/","title":{"rendered":"Congresso promulga emenda constitucional do piso salarial da enfermagem"},"content":{"rendered":"\n<p class=\"has-text-align-center has-medium-font-size\"><em>Com a promulga\u00e7\u00e3o, seguir\u00e1 para a san\u00e7\u00e3o presidencial o projeto de lei (PL 2564\/2020), do senador Fabiano Contarato (PT-ES), que fixa em R$ 4.750 o piso salarial dos enfermeiros.<\/em><\/p>\n\n\n\n<figure class=\"wp-block-image aligncenter size-full\"><a href=\"https:\/\/i0.wp.com\/blogdoeloiltoncajuhy.com.br\/site\/wp-content\/uploads\/2022\/07\/Enfermagem-15072022.jpeg\"><img data-recalc-dims=\"1\" fetchpriority=\"high\" decoding=\"async\" width=\"677\" height=\"450\" src=\"https:\/\/i0.wp.com\/blogdoeloiltoncajuhy.com.br\/site\/wp-content\/uploads\/2022\/07\/Enfermagem-15072022.jpeg?resize=677%2C450\" alt=\"\" class=\"wp-image-66496\" srcset=\"https:\/\/i0.wp.com\/blogdoeloiltoncajuhy.com.br\/site\/wp-content\/uploads\/2022\/07\/Enfermagem-15072022.jpeg?w=677&amp;ssl=1 677w, https:\/\/i0.wp.com\/blogdoeloiltoncajuhy.com.br\/site\/wp-content\/uploads\/2022\/07\/Enfermagem-15072022.jpeg?resize=300%2C199&amp;ssl=1 300w\" sizes=\"(max-width: 677px) 100vw, 677px\" \/><\/a><figcaption><sub>Foto: Gabriel Jabur\/Ag\u00eancia Bras\u00edlia<\/sub><\/figcaption><\/figure>\n\n\n\n<p>O Congresso Nacional concluiu em maio de 2022 a vota\u00e7\u00e3o do projeto de lei que estabelece um piso salarial para os enfermeiros de todo o pa\u00eds, no valor de 4.750 reais. A inIciativa da proposta foi do senador Fabiano Contarato, do PT do Esp\u00edrito Santo. Mas a legisla\u00e7\u00e3o em vigor diz que a defini\u00e7\u00e3o de pisos salariais deve partir do Poder Executivo. O medo era de que o projeto fosse vetado pelo presidente da Rep\u00fablica por v\u00edcio de iniciativa.<\/p>\n\n\n\n<p>A emenda constitucional aprovada pelo Congresso preencheu essa lacuna, determinando que uma lei federal pode criar os pisos salariais para enfermeiros, t\u00e9cnicos e auxiliares de enfermagem e parteiras.<\/p>\n\n\n\n<p>Dessa forma, o projeto de Fabiano Contarato j\u00e1 pode ser sancionado: &#8220;Confio que a san\u00e7\u00e3o vai ser integral, porque est\u00e1 ancorada na emenda constitucional tamb\u00e9m aprovada nesse avan\u00e7o legislativo. Dignidade profissional \u00e9 dignidade salarial, fazendo justi\u00e7a hist\u00f3rica a brasileiros e brasileiras que est\u00e3o na linha de frente da sa\u00fade no Brasil&#8221;.<\/p>\n\n\n\n<p>A autora da emenda constitucional, senadora Eliziane Gama, do Cidadania do Maranh\u00e3o, tamb\u00e9m destacou a import\u00e2ncia de valorizar os enfermeiros: &#8220;A PEC traz uma seguran\u00e7a jur\u00eddica, ela respeita o pacto federativo, dando aos munic\u00edpios e estados a possibilidade de fazer um planejamento or\u00e7ament\u00e1rio e, portanto, a aplica\u00e7\u00e3o dessa lei a partir do ano que vem. \u00c9 um passo muito importante. Agora \u00e9 aguardar a san\u00e7\u00e3o do presidente da Rep\u00fablica e comemorar a realiza\u00e7\u00e3o dessa grande conquista para esses profissionais de todo o Brasil&#8221;.<\/p>\n\n\n\n<p>O piso salarial dos enfermeiros ser\u00e1 reajustado anualmente de acordo com o INPC, \u00edndice nacional de pre\u00e7os ao consumidor. Mais de um milh\u00e3o de profissionais, entre enfermeiros, t\u00e9cnicos e auxiliares de enfermagem e parteiras, devem ser beneficiados.<\/p>\n","protected":false},"excerpt":{"rendered":"<p>Com a promulga\u00e7\u00e3o, seguir\u00e1 para a san\u00e7\u00e3o presidencial o projeto de lei (PL 2564\/2020), do senador Fabiano Contarato (PT-ES), que fixa em R$ 4.750 o piso salarial dos enfermeiros. O Congresso Nacional concluiu em maio de 2022 a vota\u00e7\u00e3o do projeto de lei que estabelece um piso salarial para os enfermeiros de todo o pa\u00eds, [&hellip;]<\/p>\n","protected":false},"author":2,"featured_media":20931,"comment_status":"open","ping_status":"open","sticky":false,"template":"","format":"standard","meta":{"_acf_changed":false,"_monsterinsights_skip_tracking":false,"_monsterinsights_sitenote_active":false,"_monsterinsights_sitenote_note":"","_monsterinsights_sitenote_category":0,"_jetpack_memberships_contains_paid_content":false,"footnotes":"","jetpack_publicize_message":"","jetpack_publicize_feature_enabled":true,"jetpack_social_post_already_shared":true,"jetpack_social_options":{"image_generator_settings":{"template":"highway","default_image_id":0,"font":"","enabled":false},"version":2}},"categories":[3],"tags":[],"class_list":["post-66495","post","type-post","status-publish","format-standard","has-post-thumbnail","hentry","category-politica"],"acf":[],"jetpack_publicize_connections":[],"jetpack_featured_media_url":"https:\/\/i0.wp.com\/blogdoeloiltoncajuhy.com.br\/site\/wp-content\/uploads\/2017\/10\/enfermeiros-idosos-01.jpg?fit=440%2C304&ssl=1","jetpack_sharing_enabled":true,"publishpress_future_workflow_manual_trigger":{"enabledWorkflows":[]},"_links":{"self":[{"href":"https:\/\/blogdoeloiltoncajuhy.com.br\/site\/wp-json\/wp\/v2\/posts\/66495","targetHints":{"allow":["GET"]}}],"collection":[{"href":"https:\/\/blogdoeloiltoncajuhy.com.br\/site\/wp-json\/wp\/v2\/posts"}],"about":[{"href":"https:\/\/blogdoeloiltoncajuhy.com.br\/site\/wp-json\/wp\/v2\/types\/post"}],"author":[{"embeddable":true,"href":"https:\/\/blogdoeloiltoncajuhy.com.br\/site\/wp-json\/wp\/v2\/users\/2"}],"replies":[{"embeddable":true,"href":"https:\/\/blogdoeloiltoncajuhy.com.br\/site\/wp-json\/wp\/v2\/comments?post=66495"}],"version-history":[{"count":2,"href":"https:\/\/blogdoeloiltoncajuhy.com.br\/site\/wp-json\/wp\/v2\/posts\/66495\/revisions"}],"predecessor-version":[{"id":66498,"href":"https:\/\/blogdoeloiltoncajuhy.com.br\/site\/wp-json\/wp\/v2\/posts\/66495\/revisions\/66498"}],"wp:featuredmedia":[{"embeddable":true,"href":"https:\/\/blogdoeloiltoncajuhy.com.br\/site\/wp-json\/wp\/v2\/media\/20931"}],"wp:attachment":[{"href":"https:\/\/blogdoeloiltoncajuhy.com.br\/site\/wp-json\/wp\/v2\/media?parent=66495"}],"wp:term":[{"taxonomy":"category","embeddable":true,"href":"https:\/\/blogdoeloiltoncajuhy.com.br\/site\/wp-json\/wp\/v2\/categories?post=66495"},{"taxonomy":"post_tag","embeddable":true,"href":"https:\/\/blogdoeloiltoncajuhy.com.br\/site\/wp-json\/wp\/v2\/tags?post=66495"}],"curies":[{"name":"wp","href":"https:\/\/api.w.org\/{rel}","templated":true}]}}