{"id":66492,"date":"2022-07-15T08:13:19","date_gmt":"2022-07-15T11:13:19","guid":{"rendered":"http:\/\/blogdoeloiltoncajuhy.com.br\/site\/?p=66492"},"modified":"2022-07-15T08:13:21","modified_gmt":"2022-07-15T11:13:21","slug":"prefeituras-alertam-para-a-falta-de-medicamentos-basicos-nas-farmacias-populares","status":"publish","type":"post","link":"https:\/\/blogdoeloiltoncajuhy.com.br\/site\/prefeituras-alertam-para-a-falta-de-medicamentos-basicos-nas-farmacias-populares\/","title":{"rendered":"Prefeituras alertam para a falta de medicamentos b\u00e1sicos nas farm\u00e1cias populares"},"content":{"rendered":"\n<p class=\"has-text-align-center has-medium-font-size\"><em>Levantamento feito pela Confedera\u00e7\u00e3o Nacional dos Munic\u00edpios afirma que 80,4% das prefeituras do pa\u00eds responderam que est\u00e3o sem rem\u00e9dios e insumos b\u00e1sicos para atender \u00e0 popula\u00e7\u00e3o que depende de medicamentos fornecidos pelo governo.<\/em><\/p>\n\n\n\n<figure class=\"wp-block-image aligncenter size-large is-resized\"><a href=\"https:\/\/i0.wp.com\/blogdoeloiltoncajuhy.com.br\/site\/wp-content\/uploads\/2022\/04\/Remedios_Medicamentos-01042022-03.jpg\"><img data-recalc-dims=\"1\" fetchpriority=\"high\" decoding=\"async\" src=\"https:\/\/i0.wp.com\/blogdoeloiltoncajuhy.com.br\/site\/wp-content\/uploads\/2022\/04\/Remedios_Medicamentos-01042022-03.jpg?resize=512%2C512\" alt=\"\" class=\"wp-image-63978\" width=\"512\" height=\"512\" srcset=\"https:\/\/i0.wp.com\/blogdoeloiltoncajuhy.com.br\/site\/wp-content\/uploads\/2022\/04\/Remedios_Medicamentos-01042022-03.jpg?resize=1024%2C1024&amp;ssl=1 1024w, https:\/\/i0.wp.com\/blogdoeloiltoncajuhy.com.br\/site\/wp-content\/uploads\/2022\/04\/Remedios_Medicamentos-01042022-03.jpg?resize=300%2C300&amp;ssl=1 300w, https:\/\/i0.wp.com\/blogdoeloiltoncajuhy.com.br\/site\/wp-content\/uploads\/2022\/04\/Remedios_Medicamentos-01042022-03.jpg?resize=150%2C150&amp;ssl=1 150w, https:\/\/i0.wp.com\/blogdoeloiltoncajuhy.com.br\/site\/wp-content\/uploads\/2022\/04\/Remedios_Medicamentos-01042022-03.jpg?resize=768%2C768&amp;ssl=1 768w, https:\/\/i0.wp.com\/blogdoeloiltoncajuhy.com.br\/site\/wp-content\/uploads\/2022\/04\/Remedios_Medicamentos-01042022-03.jpg?w=1200&amp;ssl=1 1200w\" sizes=\"(max-width: 512px) 100vw, 512px\" \/><\/a><\/figure>\n\n\n\n<p>Quase 2 mil prefeituras alertaram para a falta de medicamentos b\u00e1sicos nas farm\u00e1cias populares e de insumos para tratamentos complexos.<\/p>\n\n\n\n<p>Um raio-x feito pela Confedera\u00e7\u00e3o Nacional dos Munic\u00edpios confirma essa escassez em todo o pa\u00eds: 80,4% das prefeituras responderam que est\u00e3o sem rem\u00e9dios e insumos b\u00e1sicos para atender \u00e0 popula\u00e7\u00e3o mais desprotegida, que depende de medicamentos fornecidos pelo governo.<\/p>\n\n\n\n<p>O levantamento foi feito entre 25 de maio e 20 de junho, em mais de 2.460 munic\u00edpios. Nas farm\u00e1cias p\u00fablicas e populares est\u00e3o faltando pelo menos 60 medicamentos, tanto de assist\u00eancia b\u00e1sica, quanto da especializada.<\/p>\n\n\n\n<p>Na lista da escassez, est\u00e3o rem\u00e9dios importantes para controle de diabetes, press\u00e3o alta e tamb\u00e9m antibi\u00f3ticos. Faltam ainda medicamentos mais complexos, como por exemplo quetiapina, desonida, usados no tratamento de leucemia.<\/p>\n\n\n\n<p>A maioria dos munic\u00edpios consultados n\u00e3o tem condi\u00e7\u00f5es de regularizar a situa\u00e7\u00e3o em menos de 90 dias.<\/p>\n\n\n\n<p>O presidente da Confedera\u00e7\u00e3o Nacional dos Munic\u00edpios diz que o Minist\u00e9rio da Sa\u00fade j\u00e1 vem sendo alertado sobre o problema h\u00e1 muito tempo: \u201cA gente sabe que est\u00e1 com dificuldade at\u00e9 internacional, mas n\u00e3o adianta querer botar desculpa l\u00e1 s\u00f3 na parte internacional. Deveria haver planejamento. Deveria o governo que controla essa pol\u00edtica nacional, desde a importa\u00e7\u00e3o de insumos, agora querer culpar a China e a \u00cdndia, n\u00e3o sei quem. Faltou esse controle de estoque. Por isso que sempre vem faltando. L\u00f3gico que agora foi agu\u00e7ado pela conjuntura internacional. Ent\u00e3o temos que tomar provid\u00eancias imediatas. E n\u00f3s, na ponta, estamos sem saber o que fazer\u201d, afirma Paulo Ziulkoski, presidente da CNM.<\/p>\n\n\n\n<p>O diretor da Sociedade Brasileira de Diabetes, Laerte Macedo, explica as consequ\u00eancias da interrup\u00e7\u00e3o nos tratamentos: \u201cA pessoa que usa insulina, por exemplo. Se ela deixa de tomar a insulina, ela tem um risco imediato at\u00e9 de morte. De hospitaliza\u00e7\u00e3o, de morte e etc. Outras situa\u00e7\u00f5es s\u00e3o parecidas. O controle da press\u00e3o, por exemplo. Se falta um medicamento, essa press\u00e3o vai subir. Ela pode ter manifesta\u00e7\u00f5es pulmonares, manifesta\u00e7\u00f5es cerebrais, etc. E isso vai se complicar com outras situa\u00e7\u00f5es. Muitas vezes at\u00e9 incapacitantes, ou mesmo levando \u00e0 morte. De qualquer forma, qualquer medicamento de uso essencial que falte \u00e9 um risco para a sa\u00fade da pessoa imediato, em m\u00e9dio e em longo prazos\u201d.<\/p>\n\n\n\n<p>O Minist\u00e9rio da Sa\u00fade afirmou que trabalha para manter a rede de sa\u00fade abastecida, que diversas causas globais influenciaram a falta de rem\u00e9dios, que liberou o reajuste de pre\u00e7os dos medicamentos em falta e adotou medidas para reduzir impostos de importa\u00e7\u00e3o de insumos.<\/p>\n","protected":false},"excerpt":{"rendered":"<p>Levantamento feito pela Confedera\u00e7\u00e3o Nacional dos Munic\u00edpios afirma que 80,4% das prefeituras do pa\u00eds responderam que est\u00e3o sem rem\u00e9dios e insumos b\u00e1sicos para atender \u00e0 popula\u00e7\u00e3o que depende de medicamentos fornecidos pelo governo. Quase 2 mil prefeituras alertaram para a falta de medicamentos b\u00e1sicos nas farm\u00e1cias populares e de insumos para tratamentos complexos. Um raio-x [&hellip;]<\/p>\n","protected":false},"author":2,"featured_media":63606,"comment_status":"open","ping_status":"open","sticky":false,"template":"","format":"standard","meta":{"_acf_changed":false,"_monsterinsights_skip_tracking":false,"_monsterinsights_sitenote_active":false,"_monsterinsights_sitenote_note":"","_monsterinsights_sitenote_category":0,"_jetpack_memberships_contains_paid_content":false,"footnotes":"","jetpack_publicize_message":"","jetpack_publicize_feature_enabled":true,"jetpack_social_post_already_shared":true,"jetpack_social_options":{"image_generator_settings":{"template":"highway","default_image_id":0,"font":"","enabled":false},"version":2}},"categories":[7],"tags":[],"class_list":["post-66492","post","type-post","status-publish","format-standard","has-post-thumbnail","hentry","category-saude"],"acf":[],"jetpack_publicize_connections":[],"jetpack_featured_media_url":"https:\/\/i0.wp.com\/blogdoeloiltoncajuhy.com.br\/site\/wp-content\/uploads\/2022\/03\/Medicamentos-17032022.jpg?fit=1280%2C854&ssl=1","jetpack_sharing_enabled":true,"publishpress_future_workflow_manual_trigger":{"enabledWorkflows":[]},"_links":{"self":[{"href":"https:\/\/blogdoeloiltoncajuhy.com.br\/site\/wp-json\/wp\/v2\/posts\/66492","targetHints":{"allow":["GET"]}}],"collection":[{"href":"https:\/\/blogdoeloiltoncajuhy.com.br\/site\/wp-json\/wp\/v2\/posts"}],"about":[{"href":"https:\/\/blogdoeloiltoncajuhy.com.br\/site\/wp-json\/wp\/v2\/types\/post"}],"author":[{"embeddable":true,"href":"https:\/\/blogdoeloiltoncajuhy.com.br\/site\/wp-json\/wp\/v2\/users\/2"}],"replies":[{"embeddable":true,"href":"https:\/\/blogdoeloiltoncajuhy.com.br\/site\/wp-json\/wp\/v2\/comments?post=66492"}],"version-history":[{"count":2,"href":"https:\/\/blogdoeloiltoncajuhy.com.br\/site\/wp-json\/wp\/v2\/posts\/66492\/revisions"}],"predecessor-version":[{"id":66494,"href":"https:\/\/blogdoeloiltoncajuhy.com.br\/site\/wp-json\/wp\/v2\/posts\/66492\/revisions\/66494"}],"wp:featuredmedia":[{"embeddable":true,"href":"https:\/\/blogdoeloiltoncajuhy.com.br\/site\/wp-json\/wp\/v2\/media\/63606"}],"wp:attachment":[{"href":"https:\/\/blogdoeloiltoncajuhy.com.br\/site\/wp-json\/wp\/v2\/media?parent=66492"}],"wp:term":[{"taxonomy":"category","embeddable":true,"href":"https:\/\/blogdoeloiltoncajuhy.com.br\/site\/wp-json\/wp\/v2\/categories?post=66492"},{"taxonomy":"post_tag","embeddable":true,"href":"https:\/\/blogdoeloiltoncajuhy.com.br\/site\/wp-json\/wp\/v2\/tags?post=66492"}],"curies":[{"name":"wp","href":"https:\/\/api.w.org\/{rel}","templated":true}]}}