{"id":66477,"date":"2022-07-14T19:26:17","date_gmt":"2022-07-14T22:26:17","guid":{"rendered":"http:\/\/blogdoeloiltoncajuhy.com.br\/site\/?p=66477"},"modified":"2022-07-14T19:26:18","modified_gmt":"2022-07-14T22:26:18","slug":"prefeitura-de-andorinha-convite","status":"publish","type":"post","link":"https:\/\/blogdoeloiltoncajuhy.com.br\/site\/prefeitura-de-andorinha-convite\/","title":{"rendered":"Prefeitura de Andorinha &#8211; Convite"},"content":{"rendered":"\n<figure class=\"wp-block-image aligncenter size-large is-resized\"><a href=\"https:\/\/i0.wp.com\/blogdoeloiltoncajuhy.com.br\/site\/wp-content\/uploads\/2022\/07\/PMA_Audiencia-Publica-residuos-solidos-14072022.jpeg\"><img data-recalc-dims=\"1\" fetchpriority=\"high\" decoding=\"async\" src=\"https:\/\/i0.wp.com\/blogdoeloiltoncajuhy.com.br\/site\/wp-content\/uploads\/2022\/07\/PMA_Audiencia-Publica-residuos-solidos-14072022.jpeg?resize=451%2C564\" alt=\"\" class=\"wp-image-66478\" width=\"451\" height=\"564\" srcset=\"https:\/\/i0.wp.com\/blogdoeloiltoncajuhy.com.br\/site\/wp-content\/uploads\/2022\/07\/PMA_Audiencia-Publica-residuos-solidos-14072022.jpeg?resize=818%2C1024&amp;ssl=1 818w, https:\/\/i0.wp.com\/blogdoeloiltoncajuhy.com.br\/site\/wp-content\/uploads\/2022\/07\/PMA_Audiencia-Publica-residuos-solidos-14072022.jpeg?resize=240%2C300&amp;ssl=1 240w, https:\/\/i0.wp.com\/blogdoeloiltoncajuhy.com.br\/site\/wp-content\/uploads\/2022\/07\/PMA_Audiencia-Publica-residuos-solidos-14072022.jpeg?resize=768%2C961&amp;ssl=1 768w, https:\/\/i0.wp.com\/blogdoeloiltoncajuhy.com.br\/site\/wp-content\/uploads\/2022\/07\/PMA_Audiencia-Publica-residuos-solidos-14072022.jpeg?w=1023&amp;ssl=1 1023w\" sizes=\"(max-width: 451px) 100vw, 451px\" \/><\/a><\/figure>\n\n\n\n<p>A Prefeitura Municipal de Andorinha, atrav\u00e9s da Secretaria de Desenvolvimento Rural e Meio Ambiente, convida toda popula\u00e7\u00e3o a participar da Audi\u00eancia P\u00fablica para tratar da Apresenta\u00e7\u00e3o do Plano Intermunicipal de Gest\u00e3o Integrada de Res\u00edduos S\u00f3lidos, a realizar-se no dia 22 de Julho, \u00e0s 9h, na C\u00e2mara de Vereadores.<\/p>\n\n\n\n<p>A sua presen\u00e7a \u00e9 muito importante!<\/p>\n","protected":false},"excerpt":{"rendered":"<p>A Prefeitura Municipal de Andorinha, atrav\u00e9s da Secretaria de Desenvolvimento Rural e Meio Ambiente, convida toda popula\u00e7\u00e3o a participar da Audi\u00eancia P\u00fablica para tratar da Apresenta\u00e7\u00e3o do Plano Intermunicipal de Gest\u00e3o Integrada de Res\u00edduos S\u00f3lidos, a realizar-se no dia 22 de Julho, \u00e0s 9h, na C\u00e2mara de Vereadores. A sua presen\u00e7a \u00e9 muito importante!<\/p>\n","protected":false},"author":2,"featured_media":66478,"comment_status":"open","ping_status":"open","sticky":false,"template":"","format":"standard","meta":{"_acf_changed":false,"_monsterinsights_skip_tracking":false,"_monsterinsights_sitenote_active":false,"_monsterinsights_sitenote_note":"","_monsterinsights_sitenote_category":0,"_jetpack_memberships_contains_paid_content":false,"footnotes":"","jetpack_publicize_message":"","jetpack_publicize_feature_enabled":true,"jetpack_social_post_already_shared":true,"jetpack_social_options":{"image_generator_settings":{"template":"highway","default_image_id":0,"font":"","enabled":false},"version":2}},"categories":[11],"tags":[],"class_list":["post-66477","post","type-post","status-publish","format-standard","has-post-thumbnail","hentry","category-regional"],"acf":[],"jetpack_publicize_connections":[],"jetpack_featured_media_url":"https:\/\/i0.wp.com\/blogdoeloiltoncajuhy.com.br\/site\/wp-content\/uploads\/2022\/07\/PMA_Audiencia-Publica-residuos-solidos-14072022.jpeg?fit=1023%2C1280&ssl=1","jetpack_sharing_enabled":true,"publishpress_future_workflow_manual_trigger":{"enabledWorkflows":[]},"_links":{"self":[{"href":"https:\/\/blogdoeloiltoncajuhy.com.br\/site\/wp-json\/wp\/v2\/posts\/66477","targetHints":{"allow":["GET"]}}],"collection":[{"href":"https:\/\/blogdoeloiltoncajuhy.com.br\/site\/wp-json\/wp\/v2\/posts"}],"about":[{"href":"https:\/\/blogdoeloiltoncajuhy.com.br\/site\/wp-json\/wp\/v2\/types\/post"}],"author":[{"embeddable":true,"href":"https:\/\/blogdoeloiltoncajuhy.com.br\/site\/wp-json\/wp\/v2\/users\/2"}],"replies":[{"embeddable":true,"href":"https:\/\/blogdoeloiltoncajuhy.com.br\/site\/wp-json\/wp\/v2\/comments?post=66477"}],"version-history":[{"count":2,"href":"https:\/\/blogdoeloiltoncajuhy.com.br\/site\/wp-json\/wp\/v2\/posts\/66477\/revisions"}],"predecessor-version":[{"id":66480,"href":"https:\/\/blogdoeloiltoncajuhy.com.br\/site\/wp-json\/wp\/v2\/posts\/66477\/revisions\/66480"}],"wp:featuredmedia":[{"embeddable":true,"href":"https:\/\/blogdoeloiltoncajuhy.com.br\/site\/wp-json\/wp\/v2\/media\/66478"}],"wp:attachment":[{"href":"https:\/\/blogdoeloiltoncajuhy.com.br\/site\/wp-json\/wp\/v2\/media?parent=66477"}],"wp:term":[{"taxonomy":"category","embeddable":true,"href":"https:\/\/blogdoeloiltoncajuhy.com.br\/site\/wp-json\/wp\/v2\/categories?post=66477"},{"taxonomy":"post_tag","embeddable":true,"href":"https:\/\/blogdoeloiltoncajuhy.com.br\/site\/wp-json\/wp\/v2\/tags?post=66477"}],"curies":[{"name":"wp","href":"https:\/\/api.w.org\/{rel}","templated":true}]}}