{"id":66471,"date":"2022-07-14T19:12:53","date_gmt":"2022-07-14T22:12:53","guid":{"rendered":"http:\/\/blogdoeloiltoncajuhy.com.br\/site\/?p=66471"},"modified":"2022-07-14T19:12:54","modified_gmt":"2022-07-14T22:12:54","slug":"confirmado-segundo-caso-de-variola-dos-macacos-na-bahia","status":"publish","type":"post","link":"https:\/\/blogdoeloiltoncajuhy.com.br\/site\/confirmado-segundo-caso-de-variola-dos-macacos-na-bahia\/","title":{"rendered":"Confirmado segundo caso de Var\u00edola dos Macacos na Bahia"},"content":{"rendered":"\n<figure class=\"wp-block-image aligncenter size-full is-resized\"><a href=\"https:\/\/i0.wp.com\/blogdoeloiltoncajuhy.com.br\/site\/wp-content\/uploads\/2022\/07\/Variola-dos-macacos-13072022.jpg\"><img data-recalc-dims=\"1\" fetchpriority=\"high\" decoding=\"async\" src=\"https:\/\/i0.wp.com\/blogdoeloiltoncajuhy.com.br\/site\/wp-content\/uploads\/2022\/07\/Variola-dos-macacos-13072022.jpg?resize=600%2C400\" alt=\"\" class=\"wp-image-66444\" width=\"600\" height=\"400\" srcset=\"https:\/\/i0.wp.com\/blogdoeloiltoncajuhy.com.br\/site\/wp-content\/uploads\/2022\/07\/Variola-dos-macacos-13072022.jpg?w=800&amp;ssl=1 800w, https:\/\/i0.wp.com\/blogdoeloiltoncajuhy.com.br\/site\/wp-content\/uploads\/2022\/07\/Variola-dos-macacos-13072022.jpg?resize=300%2C200&amp;ssl=1 300w, https:\/\/i0.wp.com\/blogdoeloiltoncajuhy.com.br\/site\/wp-content\/uploads\/2022\/07\/Variola-dos-macacos-13072022.jpg?resize=768%2C512&amp;ssl=1 768w\" sizes=\"(max-width: 600px) 100vw, 600px\" \/><\/a><\/figure>\n\n\n\n<p>Um segundo caso da doen\u00e7a causada pelo v\u00edrus Monkeypox (conhecida como var\u00edola dos macacos) foi confirmada pelos centros de Informa\u00e7\u00f5es Estrat\u00e9gicas em Vigil\u00e2ncia em Sa\u00fade (Cievs) de Salvador e o da Bahia, nesta quinta-feira (14). O indiv\u00edduo reside em Salvador e tem hist\u00f3rico de viagem internacional.<\/p>\n\n\n\n<p>O primeiro caso na Bahia foi confirmado nesta quarta-feira (13). O outro registro suspeito foi descartado e mais quatro notifica\u00e7\u00f5es de residentes em Salvador est\u00e3o sendo investigadas.<\/p>\n\n\n\n<p>As medidas sanit\u00e1rias de monitoramento dos contactantes pr\u00f3ximos, bem como isolamento foram adotadas.<\/p>\n\n\n\n<p>Monkeypox \u00e9 uma zoonose viral, do g\u00eanero Orthopoxvirus, da fam\u00edlia Poxviridae, que se assemelha \u00e0 var\u00edola humana, erradicada em 1980. A doen\u00e7a cursa com febre, dor de cabe\u00e7a, dores musculares, dores nas costas, adenomegalia, calafrios e exaust\u00e3o.<\/p>\n\n\n\n<p>A infec\u00e7\u00e3o \u00e9 autolimitada com sintomas que duram de 2 a 4 semanas, podendo ser dividida em dois per\u00edodos: invas\u00e3o, que dura entre 0 e 5 dias, com febre, cefaleia, mialgia, dor das costas e astenia intensa.<\/p>\n\n\n\n<p>A erup\u00e7\u00e3o cut\u00e2nea come\u00e7a entre 1 e 3 dias ap\u00f3s o aparecimento da febre. A erup\u00e7\u00e3o tem caracter\u00edsticas cl\u00ednicas semelhantes com varicela ou s\u00edfilis, com diferen\u00e7a na evolu\u00e7\u00e3o uniforme das les\u00f5es.<\/p>\n","protected":false},"excerpt":{"rendered":"<p>Um segundo caso da doen\u00e7a causada pelo v\u00edrus Monkeypox (conhecida como var\u00edola dos macacos) foi confirmada pelos centros de Informa\u00e7\u00f5es Estrat\u00e9gicas em Vigil\u00e2ncia em Sa\u00fade (Cievs) de Salvador e o da Bahia, nesta quinta-feira (14). O indiv\u00edduo reside em Salvador e tem hist\u00f3rico de viagem internacional. O primeiro caso na Bahia foi confirmado nesta quarta-feira [&hellip;]<\/p>\n","protected":false},"author":2,"featured_media":66444,"comment_status":"open","ping_status":"open","sticky":false,"template":"","format":"standard","meta":{"_acf_changed":false,"_monsterinsights_skip_tracking":false,"_monsterinsights_sitenote_active":false,"_monsterinsights_sitenote_note":"","_monsterinsights_sitenote_category":0,"_jetpack_memberships_contains_paid_content":false,"footnotes":"","jetpack_publicize_message":"","jetpack_publicize_feature_enabled":true,"jetpack_social_post_already_shared":true,"jetpack_social_options":{"image_generator_settings":{"template":"highway","default_image_id":0,"font":"","enabled":false},"version":2}},"categories":[7],"tags":[],"class_list":["post-66471","post","type-post","status-publish","format-standard","has-post-thumbnail","hentry","category-saude"],"acf":[],"jetpack_publicize_connections":[],"jetpack_featured_media_url":"https:\/\/i0.wp.com\/blogdoeloiltoncajuhy.com.br\/site\/wp-content\/uploads\/2022\/07\/Variola-dos-macacos-13072022.jpg?fit=800%2C533&ssl=1","jetpack_sharing_enabled":true,"publishpress_future_workflow_manual_trigger":{"enabledWorkflows":[]},"_links":{"self":[{"href":"https:\/\/blogdoeloiltoncajuhy.com.br\/site\/wp-json\/wp\/v2\/posts\/66471","targetHints":{"allow":["GET"]}}],"collection":[{"href":"https:\/\/blogdoeloiltoncajuhy.com.br\/site\/wp-json\/wp\/v2\/posts"}],"about":[{"href":"https:\/\/blogdoeloiltoncajuhy.com.br\/site\/wp-json\/wp\/v2\/types\/post"}],"author":[{"embeddable":true,"href":"https:\/\/blogdoeloiltoncajuhy.com.br\/site\/wp-json\/wp\/v2\/users\/2"}],"replies":[{"embeddable":true,"href":"https:\/\/blogdoeloiltoncajuhy.com.br\/site\/wp-json\/wp\/v2\/comments?post=66471"}],"version-history":[{"count":2,"href":"https:\/\/blogdoeloiltoncajuhy.com.br\/site\/wp-json\/wp\/v2\/posts\/66471\/revisions"}],"predecessor-version":[{"id":66473,"href":"https:\/\/blogdoeloiltoncajuhy.com.br\/site\/wp-json\/wp\/v2\/posts\/66471\/revisions\/66473"}],"wp:featuredmedia":[{"embeddable":true,"href":"https:\/\/blogdoeloiltoncajuhy.com.br\/site\/wp-json\/wp\/v2\/media\/66444"}],"wp:attachment":[{"href":"https:\/\/blogdoeloiltoncajuhy.com.br\/site\/wp-json\/wp\/v2\/media?parent=66471"}],"wp:term":[{"taxonomy":"category","embeddable":true,"href":"https:\/\/blogdoeloiltoncajuhy.com.br\/site\/wp-json\/wp\/v2\/categories?post=66471"},{"taxonomy":"post_tag","embeddable":true,"href":"https:\/\/blogdoeloiltoncajuhy.com.br\/site\/wp-json\/wp\/v2\/tags?post=66471"}],"curies":[{"name":"wp","href":"https:\/\/api.w.org\/{rel}","templated":true}]}}