{"id":66466,"date":"2022-07-14T19:04:44","date_gmt":"2022-07-14T22:04:44","guid":{"rendered":"http:\/\/blogdoeloiltoncajuhy.com.br\/site\/?p=66466"},"modified":"2022-07-14T19:04:45","modified_gmt":"2022-07-14T22:04:45","slug":"andorinha-praca-de-lazer-do-bairro-carlos-santana-esta-em-fase-de-finalizacao","status":"publish","type":"post","link":"https:\/\/blogdoeloiltoncajuhy.com.br\/site\/andorinha-praca-de-lazer-do-bairro-carlos-santana-esta-em-fase-de-finalizacao\/","title":{"rendered":"Andorinha: Pra\u00e7a de Lazer do Bairro Carlos Santana est\u00e1 em fase de finaliza\u00e7\u00e3o"},"content":{"rendered":"\n<figure class=\"wp-block-image aligncenter size-large is-resized\"><a href=\"https:\/\/i0.wp.com\/blogdoeloiltoncajuhy.com.br\/site\/wp-content\/uploads\/2022\/07\/PMA_Praca-de-Lazer-14072022-01.jpeg\"><img data-recalc-dims=\"1\" fetchpriority=\"high\" decoding=\"async\" src=\"https:\/\/i0.wp.com\/blogdoeloiltoncajuhy.com.br\/site\/wp-content\/uploads\/2022\/07\/PMA_Praca-de-Lazer-14072022-01.jpeg?resize=596%2C447\" alt=\"\" class=\"wp-image-66467\" width=\"596\" height=\"447\" srcset=\"https:\/\/i0.wp.com\/blogdoeloiltoncajuhy.com.br\/site\/wp-content\/uploads\/2022\/07\/PMA_Praca-de-Lazer-14072022-01.jpeg?resize=1024%2C768&amp;ssl=1 1024w, https:\/\/i0.wp.com\/blogdoeloiltoncajuhy.com.br\/site\/wp-content\/uploads\/2022\/07\/PMA_Praca-de-Lazer-14072022-01.jpeg?resize=300%2C225&amp;ssl=1 300w, https:\/\/i0.wp.com\/blogdoeloiltoncajuhy.com.br\/site\/wp-content\/uploads\/2022\/07\/PMA_Praca-de-Lazer-14072022-01.jpeg?resize=768%2C576&amp;ssl=1 768w, https:\/\/i0.wp.com\/blogdoeloiltoncajuhy.com.br\/site\/wp-content\/uploads\/2022\/07\/PMA_Praca-de-Lazer-14072022-01.jpeg?resize=1536%2C1152&amp;ssl=1 1536w, https:\/\/i0.wp.com\/blogdoeloiltoncajuhy.com.br\/site\/wp-content\/uploads\/2022\/07\/PMA_Praca-de-Lazer-14072022-01.jpeg?w=1600&amp;ssl=1 1600w\" sizes=\"(max-width: 596px) 100vw, 596px\" \/><\/a><\/figure>\n\n\n\n<p>A Prefeitura Municipal de Andorinha, atrav\u00e9s da Secretaria de Infraestrutura, iniciou o processo de finaliza\u00e7\u00e3o da Pra\u00e7a de Lazer no Bairro Carlos Santana, o novo espa\u00e7o de entretenimento que j\u00e1 transformou a paisagem do bairro e est\u00e1 sendo constru\u00eddo visando proporcionar aos moradores aconchego e valoriza\u00e7\u00e3o do lugar.<\/p>\n\n\n\n<p>O local j\u00e1 recebeu cal\u00e7amento, bancos, jardinagem, ilumina\u00e7\u00e3o e est\u00e1 sendo preparada com os ajustes finais para ser entregue \u00e0 popula\u00e7\u00e3o.<\/p>\n\n\n\n<p>A Gest\u00e3o Municipal est\u00e1 empenhada, trabalhando a todo vapor para que mais uma conquista seja alcan\u00e7ada, garantindo qualidade de vida e bem estar para o povo andorinhense.<\/p>\n\n\n\n<figure class=\"wp-block-image aligncenter size-large is-resized\"><a href=\"https:\/\/i0.wp.com\/blogdoeloiltoncajuhy.com.br\/site\/wp-content\/uploads\/2022\/07\/PMA_Praca-de-Lazer-14072022-02.jpeg\"><img data-recalc-dims=\"1\" decoding=\"async\" src=\"https:\/\/i0.wp.com\/blogdoeloiltoncajuhy.com.br\/site\/wp-content\/uploads\/2022\/07\/PMA_Praca-de-Lazer-14072022-02.jpeg?resize=595%2C446\" alt=\"\" class=\"wp-image-66468\" width=\"595\" height=\"446\" srcset=\"https:\/\/i0.wp.com\/blogdoeloiltoncajuhy.com.br\/site\/wp-content\/uploads\/2022\/07\/PMA_Praca-de-Lazer-14072022-02.jpeg?resize=1024%2C768&amp;ssl=1 1024w, https:\/\/i0.wp.com\/blogdoeloiltoncajuhy.com.br\/site\/wp-content\/uploads\/2022\/07\/PMA_Praca-de-Lazer-14072022-02.jpeg?resize=300%2C225&amp;ssl=1 300w, https:\/\/i0.wp.com\/blogdoeloiltoncajuhy.com.br\/site\/wp-content\/uploads\/2022\/07\/PMA_Praca-de-Lazer-14072022-02.jpeg?resize=768%2C576&amp;ssl=1 768w, https:\/\/i0.wp.com\/blogdoeloiltoncajuhy.com.br\/site\/wp-content\/uploads\/2022\/07\/PMA_Praca-de-Lazer-14072022-02.jpeg?resize=1536%2C1152&amp;ssl=1 1536w, https:\/\/i0.wp.com\/blogdoeloiltoncajuhy.com.br\/site\/wp-content\/uploads\/2022\/07\/PMA_Praca-de-Lazer-14072022-02.jpeg?w=1600&amp;ssl=1 1600w\" sizes=\"(max-width: 595px) 100vw, 595px\" \/><\/a><\/figure>\n\n\n\n<p>&#8220;Seguimos trabalhando com todo esfor\u00e7o e garra, entregando obras em todo munic\u00edpio, proporcionando para nosso povo, a cada dia, mais motivos para ter orgulho de ser andorinhense. A conquista dessa Pra\u00e7a do Bairro Carlos Santana me deixa muito feliz, pois com recursos pr\u00f3prios, conseguimos mudar a vista desse bairro e ver a felicidade estampada no rosto de cada morador desse lugar\u201d, destacou o prefeito Renato Brand\u00e3o.<\/p>\n","protected":false},"excerpt":{"rendered":"<p>A Prefeitura Municipal de Andorinha, atrav\u00e9s da Secretaria de Infraestrutura, iniciou o processo de finaliza\u00e7\u00e3o da Pra\u00e7a de Lazer no Bairro Carlos Santana, o novo espa\u00e7o de entretenimento que j\u00e1 transformou a paisagem do bairro e est\u00e1 sendo constru\u00eddo visando proporcionar aos moradores aconchego e valoriza\u00e7\u00e3o do lugar. O local j\u00e1 recebeu cal\u00e7amento, bancos, jardinagem, [&hellip;]<\/p>\n","protected":false},"author":2,"featured_media":66468,"comment_status":"open","ping_status":"open","sticky":false,"template":"","format":"standard","meta":{"_acf_changed":false,"_monsterinsights_skip_tracking":false,"_monsterinsights_sitenote_active":false,"_monsterinsights_sitenote_note":"","_monsterinsights_sitenote_category":0,"_jetpack_memberships_contains_paid_content":false,"footnotes":"","jetpack_publicize_message":"","jetpack_publicize_feature_enabled":true,"jetpack_social_post_already_shared":true,"jetpack_social_options":{"image_generator_settings":{"template":"highway","default_image_id":0,"font":"","enabled":false},"version":2}},"categories":[11],"tags":[],"class_list":["post-66466","post","type-post","status-publish","format-standard","has-post-thumbnail","hentry","category-regional"],"acf":[],"jetpack_publicize_connections":[],"jetpack_featured_media_url":"https:\/\/i0.wp.com\/blogdoeloiltoncajuhy.com.br\/site\/wp-content\/uploads\/2022\/07\/PMA_Praca-de-Lazer-14072022-02.jpeg?fit=1600%2C1200&ssl=1","jetpack_sharing_enabled":true,"publishpress_future_workflow_manual_trigger":{"enabledWorkflows":[]},"_links":{"self":[{"href":"https:\/\/blogdoeloiltoncajuhy.com.br\/site\/wp-json\/wp\/v2\/posts\/66466","targetHints":{"allow":["GET"]}}],"collection":[{"href":"https:\/\/blogdoeloiltoncajuhy.com.br\/site\/wp-json\/wp\/v2\/posts"}],"about":[{"href":"https:\/\/blogdoeloiltoncajuhy.com.br\/site\/wp-json\/wp\/v2\/types\/post"}],"author":[{"embeddable":true,"href":"https:\/\/blogdoeloiltoncajuhy.com.br\/site\/wp-json\/wp\/v2\/users\/2"}],"replies":[{"embeddable":true,"href":"https:\/\/blogdoeloiltoncajuhy.com.br\/site\/wp-json\/wp\/v2\/comments?post=66466"}],"version-history":[{"count":2,"href":"https:\/\/blogdoeloiltoncajuhy.com.br\/site\/wp-json\/wp\/v2\/posts\/66466\/revisions"}],"predecessor-version":[{"id":66470,"href":"https:\/\/blogdoeloiltoncajuhy.com.br\/site\/wp-json\/wp\/v2\/posts\/66466\/revisions\/66470"}],"wp:featuredmedia":[{"embeddable":true,"href":"https:\/\/blogdoeloiltoncajuhy.com.br\/site\/wp-json\/wp\/v2\/media\/66468"}],"wp:attachment":[{"href":"https:\/\/blogdoeloiltoncajuhy.com.br\/site\/wp-json\/wp\/v2\/media?parent=66466"}],"wp:term":[{"taxonomy":"category","embeddable":true,"href":"https:\/\/blogdoeloiltoncajuhy.com.br\/site\/wp-json\/wp\/v2\/categories?post=66466"},{"taxonomy":"post_tag","embeddable":true,"href":"https:\/\/blogdoeloiltoncajuhy.com.br\/site\/wp-json\/wp\/v2\/tags?post=66466"}],"curies":[{"name":"wp","href":"https:\/\/api.w.org\/{rel}","templated":true}]}}