{"id":66462,"date":"2022-07-14T10:39:28","date_gmt":"2022-07-14T13:39:28","guid":{"rendered":"http:\/\/blogdoeloiltoncajuhy.com.br\/site\/?p=66462"},"modified":"2022-07-14T10:39:29","modified_gmt":"2022-07-14T13:39:29","slug":"senhor-do-bonfim-projeto-de-extensao-do-campus-vii-uneb-abre-inscricoes-para-curso-com-tematica-na-formacao-de-professoras-antirracistas-no-ensino-de-biologia","status":"publish","type":"post","link":"https:\/\/blogdoeloiltoncajuhy.com.br\/site\/senhor-do-bonfim-projeto-de-extensao-do-campus-vii-uneb-abre-inscricoes-para-curso-com-tematica-na-formacao-de-professoras-antirracistas-no-ensino-de-biologia\/","title":{"rendered":"Senhor do Bonfim: projeto de extens\u00e3o do campus VII (UNEB) abre inscri\u00e7\u00f5es para curso com tem\u00e1tica na forma\u00e7\u00e3o de professoras antirracistas no ensino de Biologia"},"content":{"rendered":"\n<figure class=\"wp-block-image aligncenter size-full\"><a href=\"https:\/\/i0.wp.com\/blogdoeloiltoncajuhy.com.br\/site\/wp-content\/uploads\/2022\/07\/Uneb_Curso-14072022.jpg\"><img data-recalc-dims=\"1\" fetchpriority=\"high\" decoding=\"async\" width=\"670\" height=\"382\" src=\"https:\/\/i0.wp.com\/blogdoeloiltoncajuhy.com.br\/site\/wp-content\/uploads\/2022\/07\/Uneb_Curso-14072022.jpg?resize=670%2C382\" alt=\"\" class=\"wp-image-66463\" srcset=\"https:\/\/i0.wp.com\/blogdoeloiltoncajuhy.com.br\/site\/wp-content\/uploads\/2022\/07\/Uneb_Curso-14072022.jpg?w=670&amp;ssl=1 670w, https:\/\/i0.wp.com\/blogdoeloiltoncajuhy.com.br\/site\/wp-content\/uploads\/2022\/07\/Uneb_Curso-14072022.jpg?resize=300%2C171&amp;ssl=1 300w\" sizes=\"(max-width: 670px) 100vw, 670px\" \/><\/a><\/figure>\n\n\n\n<p>O projeto de extens\u00e3o \u201cEntre Conversas, Narrativas e a Forma\u00e7\u00e3o de Professoras Antirracistas no Ensino de Biologia\u201d, vinculado ao Departamento de Educa\u00e7\u00e3o, Campus VII, UNEB, em Senhor do Bonfim, abriu inscri\u00e7\u00f5es no per\u00edodo de 13\/07 a 07\/08\/2022, para curso com o objetivo de refletir sobre as quest\u00f5es na educa\u00e7\u00e3o das rela\u00e7\u00f5es \u00e9tnico-raciais e a forma\u00e7\u00e3o docente na Licenciatura em Biologia. O curso ser\u00e1 mediado pela Prof\u00aa Kelly Fernandes (UNEB) e Prof\u00aa Leidiane Macambira (LEAM\/IEPIC-RJ). Ser\u00e3o 8 encontros com dura\u00e7\u00e3o de 2 horas, de forma remota, atrav\u00e9s da Plataforma Teams.<\/p>\n\n\n\n<p>A proposta metodol\u00f3gica do curso tem como base o encontro com diferentes mulheres negras como convidadas, explorar aspectos te\u00f3ricos e cotidianos pertinentes \u00e0 situa\u00e7\u00e3o refletida, bem como atividades que busquem di\u00e1logo com narrativas de forma\u00e7\u00e3o associadas ao desenvolvimento de atitudes que busquem o enfrentamento \u00e0s desigualdades provocadas pelas rela\u00e7\u00f5es \u00e9tnico-raciais. O p\u00fablico alvo s\u00e3o os(as) discentes do curso de Ci\u00eancias Biol\u00f3gicas da UNEB, por\u00e9m, se as 60 vagas disponibilizadas n\u00e3o forem preenchidas ser\u00e3o abertas para o p\u00fablico externo.<\/p>\n\n\n\n<p>Para receber o certificado o inscrito precisa ter participado de pelo menos 75% das atividades s\u00edncronas, al\u00e9m da apresenta\u00e7\u00e3o no dia 24 de novembro de 2022 da atividade final. As inscri\u00e7\u00f5es podem ser realizadas, atrav\u00e9s do preenchimento do formul\u00e1rio no endere\u00e7o eletr\u00f4nico: <a href=\"https:\/\/docs.google.com\/forms\/d\/1nBi_Q4CVglvnmk-ApzlsyKTYZUnDQTY9eCYWtsBXomU\/edit\" target=\"_blank\" rel=\"noreferrer noopener\">https:\/\/docs.google.com\/forms\/d\/1nBi_Q4CVglvnmk-ApzlsyKTYZUnDQTY9eCYWtsBXomU\/edit<\/a><\/p>\n\n\n\n<p class=\"has-black-color has-text-color\"><strong>Os encontros ocorrer\u00e3o nas seguintes datas:<\/strong><\/p>\n\n\n\n<p>18\/08 (19:00 &#8211; 21:00)<\/p>\n\n\n\n<p>25\/08 (19:00 &#8211; 21:00)<\/p>\n\n\n\n<p>15\/09 (19:00 &#8211; 21:00)<\/p>\n\n\n\n<p>29\/09 (19:00 &#8211; 21:00)<\/p>\n\n\n\n<p>13\/10 (19:00 &#8211; 21:00)<\/p>\n\n\n\n<p>27\/10 (19:00 &#8211; 21:00)<\/p>\n\n\n\n<p>10\/11 (19:00 &#8211; 21:00)<\/p>\n\n\n\n<p>24\/11 (19:00 &#8211; 21:00)<\/p>\n","protected":false},"excerpt":{"rendered":"<p>O projeto de extens\u00e3o \u201cEntre Conversas, Narrativas e a Forma\u00e7\u00e3o de Professoras Antirracistas no Ensino de Biologia\u201d, vinculado ao Departamento de Educa\u00e7\u00e3o, Campus VII, UNEB, em Senhor do Bonfim, abriu inscri\u00e7\u00f5es no per\u00edodo de 13\/07 a 07\/08\/2022, para curso com o objetivo de refletir sobre as quest\u00f5es na educa\u00e7\u00e3o das rela\u00e7\u00f5es \u00e9tnico-raciais e a forma\u00e7\u00e3o [&hellip;]<\/p>\n","protected":false},"author":2,"featured_media":66463,"comment_status":"open","ping_status":"open","sticky":false,"template":"","format":"standard","meta":{"_acf_changed":false,"_monsterinsights_skip_tracking":false,"_monsterinsights_sitenote_active":false,"_monsterinsights_sitenote_note":"","_monsterinsights_sitenote_category":0,"_jetpack_memberships_contains_paid_content":false,"footnotes":"","jetpack_publicize_message":"","jetpack_publicize_feature_enabled":true,"jetpack_social_post_already_shared":true,"jetpack_social_options":{"image_generator_settings":{"template":"highway","default_image_id":0,"font":"","enabled":false},"version":2}},"categories":[4],"tags":[],"class_list":["post-66462","post","type-post","status-publish","format-standard","has-post-thumbnail","hentry","category-local"],"acf":[],"jetpack_publicize_connections":[],"jetpack_featured_media_url":"https:\/\/i0.wp.com\/blogdoeloiltoncajuhy.com.br\/site\/wp-content\/uploads\/2022\/07\/Uneb_Curso-14072022.jpg?fit=670%2C382&ssl=1","jetpack_sharing_enabled":true,"publishpress_future_workflow_manual_trigger":{"enabledWorkflows":[]},"_links":{"self":[{"href":"https:\/\/blogdoeloiltoncajuhy.com.br\/site\/wp-json\/wp\/v2\/posts\/66462","targetHints":{"allow":["GET"]}}],"collection":[{"href":"https:\/\/blogdoeloiltoncajuhy.com.br\/site\/wp-json\/wp\/v2\/posts"}],"about":[{"href":"https:\/\/blogdoeloiltoncajuhy.com.br\/site\/wp-json\/wp\/v2\/types\/post"}],"author":[{"embeddable":true,"href":"https:\/\/blogdoeloiltoncajuhy.com.br\/site\/wp-json\/wp\/v2\/users\/2"}],"replies":[{"embeddable":true,"href":"https:\/\/blogdoeloiltoncajuhy.com.br\/site\/wp-json\/wp\/v2\/comments?post=66462"}],"version-history":[{"count":2,"href":"https:\/\/blogdoeloiltoncajuhy.com.br\/site\/wp-json\/wp\/v2\/posts\/66462\/revisions"}],"predecessor-version":[{"id":66465,"href":"https:\/\/blogdoeloiltoncajuhy.com.br\/site\/wp-json\/wp\/v2\/posts\/66462\/revisions\/66465"}],"wp:featuredmedia":[{"embeddable":true,"href":"https:\/\/blogdoeloiltoncajuhy.com.br\/site\/wp-json\/wp\/v2\/media\/66463"}],"wp:attachment":[{"href":"https:\/\/blogdoeloiltoncajuhy.com.br\/site\/wp-json\/wp\/v2\/media?parent=66462"}],"wp:term":[{"taxonomy":"category","embeddable":true,"href":"https:\/\/blogdoeloiltoncajuhy.com.br\/site\/wp-json\/wp\/v2\/categories?post=66462"},{"taxonomy":"post_tag","embeddable":true,"href":"https:\/\/blogdoeloiltoncajuhy.com.br\/site\/wp-json\/wp\/v2\/tags?post=66462"}],"curies":[{"name":"wp","href":"https:\/\/api.w.org\/{rel}","templated":true}]}}