{"id":66454,"date":"2022-07-14T09:14:37","date_gmt":"2022-07-14T12:14:37","guid":{"rendered":"http:\/\/blogdoeloiltoncajuhy.com.br\/site\/?p=66454"},"modified":"2022-07-14T09:14:38","modified_gmt":"2022-07-14T12:14:38","slug":"vice-presidente-do-stjd-ira-combater-duramente-casos-de-homofobia-e-racismo-no-futebol","status":"publish","type":"post","link":"https:\/\/blogdoeloiltoncajuhy.com.br\/site\/vice-presidente-do-stjd-ira-combater-duramente-casos-de-homofobia-e-racismo-no-futebol\/","title":{"rendered":"Vice-presidente do STJD ir\u00e1 combater duramente casos de homofobia e racismo no futebol"},"content":{"rendered":"\n<p class=\"has-text-align-center has-medium-font-size\"><em>Maur\u00edcio Neves assume cargo nesta quinta-feira, 14 de julho<\/em><\/p>\n\n\n\n<figure class=\"wp-block-image aligncenter size-large\"><a href=\"https:\/\/i0.wp.com\/blogdoeloiltoncajuhy.com.br\/site\/wp-content\/uploads\/2022\/07\/Preconceito-no-futebol.jpg\"><img data-recalc-dims=\"1\" fetchpriority=\"high\" decoding=\"async\" width=\"800\" height=\"450\" src=\"https:\/\/i0.wp.com\/blogdoeloiltoncajuhy.com.br\/site\/wp-content\/uploads\/2022\/07\/Preconceito-no-futebol.jpg?resize=800%2C450\" alt=\"\" class=\"wp-image-66455\" srcset=\"https:\/\/i0.wp.com\/blogdoeloiltoncajuhy.com.br\/site\/wp-content\/uploads\/2022\/07\/Preconceito-no-futebol.jpg?resize=1024%2C576&amp;ssl=1 1024w, https:\/\/i0.wp.com\/blogdoeloiltoncajuhy.com.br\/site\/wp-content\/uploads\/2022\/07\/Preconceito-no-futebol.jpg?resize=300%2C169&amp;ssl=1 300w, https:\/\/i0.wp.com\/blogdoeloiltoncajuhy.com.br\/site\/wp-content\/uploads\/2022\/07\/Preconceito-no-futebol.jpg?resize=768%2C432&amp;ssl=1 768w, https:\/\/i0.wp.com\/blogdoeloiltoncajuhy.com.br\/site\/wp-content\/uploads\/2022\/07\/Preconceito-no-futebol.jpg?resize=1536%2C864&amp;ssl=1 1536w, https:\/\/i0.wp.com\/blogdoeloiltoncajuhy.com.br\/site\/wp-content\/uploads\/2022\/07\/Preconceito-no-futebol.jpg?w=1960&amp;ssl=1 1960w, https:\/\/i0.wp.com\/blogdoeloiltoncajuhy.com.br\/site\/wp-content\/uploads\/2022\/07\/Preconceito-no-futebol.jpg?w=1600 1600w\" sizes=\"(max-width: 800px) 100vw, 800px\" \/><\/a><\/figure>\n\n\n\n<p>Maur\u00edcio Neves Fonseca, eleito Vice-Presidente Administrativo do Superior Tribunal de Justi\u00e7a Desportiva (STJD) pretende combater os casos que envolvem racismo e homofobia no futebol aplicando duras penas aos clubes esportivos.<\/p>\n\n\n\n<p>\u201cTenho como meta o enfrentamento da viol\u00eancia no futebol, objetivando estabelecer uma conviv\u00eancia civilizada no ambiente desportivo, bem como o combate a qualquer tipo de discrimina\u00e7\u00e3o \u00e9tnica, racial, sexual, condi\u00e7\u00e3o de idade, em especial contra a pessoa idosa ou portadora de defici\u00eancia\u201d, afirma o Dr. Maur\u00edcio Neves.<\/p>\n\n\n\n<p>Indicado pela Confedera\u00e7\u00e3o Brasileira do Futebol (CBF) para assumir o mandato de 2020 a 2024, tem se destacado por julgar processos de repercuss\u00e3o nacional envolvendo atos discriminat\u00f3rios dentro e fora dos campos.<\/p>\n\n\n\n<p>Em decis\u00e3o in\u00e9dita, deferiu o pedido de interven\u00e7\u00e3o sob a denomina\u00e7\u00e3o de \u201cAmicus Curiae\u201d da entidade denominada Grupo Arco-\u00cdris de Cidadania LGBT, na transa\u00e7\u00e3o disciplinar entre a Procuradoria do STJD e dos Clubes Gr\u00eamio Foot-Ball Porto Alegrense e Cruzeiro SAF.<\/p>\n\n\n\n<p>A decis\u00e3o sinaliza uma importante mudan\u00e7a de comportamento em inst\u00e2ncias superiores do futebol e, embora monocr\u00e1tica, traz avan\u00e7os ao permitir, pela primeira vez, a participa\u00e7\u00e3o de representantes da sociedade civil &#8211; a exemplo do Grupo Arco-\u00cdris, LBGTI+ numa audi\u00eancia do STJD.<\/p>\n\n\n\n<p>Na transa\u00e7\u00e3o disciplinar, dentre outras obriga\u00e7\u00f5es, determinou que as equipes do Gr\u00eamio  e Cruzeiro, quando mandantes das partidas pelo Campeonato Brasileiro, divulguem campanhas protagonizadas por um jogador ou jogadora do clube, no tel\u00e3o do est\u00e1dio antes do in\u00edcio das partidas, bem como nos intervalos, contendo mensagens de conscientiza\u00e7\u00e3o contra a discrimina\u00e7\u00e3o e intoler\u00e2ncia de qualquer natureza.<\/p>\n","protected":false},"excerpt":{"rendered":"<p>Maur\u00edcio Neves assume cargo nesta quinta-feira, 14 de julho Maur\u00edcio Neves Fonseca, eleito Vice-Presidente Administrativo do Superior Tribunal de Justi\u00e7a Desportiva (STJD) pretende combater os casos que envolvem racismo e homofobia no futebol aplicando duras penas aos clubes esportivos. \u201cTenho como meta o enfrentamento da viol\u00eancia no futebol, objetivando estabelecer uma conviv\u00eancia civilizada no ambiente [&hellip;]<\/p>\n","protected":false},"author":2,"featured_media":66455,"comment_status":"open","ping_status":"open","sticky":false,"template":"","format":"standard","meta":{"_acf_changed":false,"_monsterinsights_skip_tracking":false,"_monsterinsights_sitenote_active":false,"_monsterinsights_sitenote_note":"","_monsterinsights_sitenote_category":0,"_jetpack_memberships_contains_paid_content":false,"footnotes":"","jetpack_publicize_message":"","jetpack_publicize_feature_enabled":true,"jetpack_social_post_already_shared":true,"jetpack_social_options":{"image_generator_settings":{"template":"highway","default_image_id":0,"font":"","enabled":false},"version":2}},"categories":[6],"tags":[],"class_list":["post-66454","post","type-post","status-publish","format-standard","has-post-thumbnail","hentry","category-esportes"],"acf":[],"jetpack_publicize_connections":[],"jetpack_featured_media_url":"https:\/\/i0.wp.com\/blogdoeloiltoncajuhy.com.br\/site\/wp-content\/uploads\/2022\/07\/Preconceito-no-futebol.jpg?fit=1960%2C1103&ssl=1","jetpack_sharing_enabled":true,"publishpress_future_workflow_manual_trigger":{"enabledWorkflows":[]},"_links":{"self":[{"href":"https:\/\/blogdoeloiltoncajuhy.com.br\/site\/wp-json\/wp\/v2\/posts\/66454","targetHints":{"allow":["GET"]}}],"collection":[{"href":"https:\/\/blogdoeloiltoncajuhy.com.br\/site\/wp-json\/wp\/v2\/posts"}],"about":[{"href":"https:\/\/blogdoeloiltoncajuhy.com.br\/site\/wp-json\/wp\/v2\/types\/post"}],"author":[{"embeddable":true,"href":"https:\/\/blogdoeloiltoncajuhy.com.br\/site\/wp-json\/wp\/v2\/users\/2"}],"replies":[{"embeddable":true,"href":"https:\/\/blogdoeloiltoncajuhy.com.br\/site\/wp-json\/wp\/v2\/comments?post=66454"}],"version-history":[{"count":2,"href":"https:\/\/blogdoeloiltoncajuhy.com.br\/site\/wp-json\/wp\/v2\/posts\/66454\/revisions"}],"predecessor-version":[{"id":66457,"href":"https:\/\/blogdoeloiltoncajuhy.com.br\/site\/wp-json\/wp\/v2\/posts\/66454\/revisions\/66457"}],"wp:featuredmedia":[{"embeddable":true,"href":"https:\/\/blogdoeloiltoncajuhy.com.br\/site\/wp-json\/wp\/v2\/media\/66455"}],"wp:attachment":[{"href":"https:\/\/blogdoeloiltoncajuhy.com.br\/site\/wp-json\/wp\/v2\/media?parent=66454"}],"wp:term":[{"taxonomy":"category","embeddable":true,"href":"https:\/\/blogdoeloiltoncajuhy.com.br\/site\/wp-json\/wp\/v2\/categories?post=66454"},{"taxonomy":"post_tag","embeddable":true,"href":"https:\/\/blogdoeloiltoncajuhy.com.br\/site\/wp-json\/wp\/v2\/tags?post=66454"}],"curies":[{"name":"wp","href":"https:\/\/api.w.org\/{rel}","templated":true}]}}