{"id":6616,"date":"2015-12-23T20:19:16","date_gmt":"2015-12-23T22:19:16","guid":{"rendered":"http:\/\/blogdoeloiltoncajuhy.com.br\/site\/?p=6616"},"modified":"2015-12-23T20:19:16","modified_gmt":"2015-12-23T22:19:16","slug":"inss-abre-concurso-para-950-vagas-salario-chega-a-r-75-mil","status":"publish","type":"post","link":"https:\/\/blogdoeloiltoncajuhy.com.br\/site\/inss-abre-concurso-para-950-vagas-salario-chega-a-r-75-mil\/","title":{"rendered":"INSS abre concurso para 950 vagas; sal\u00e1rio chega a R$ 7,5 mil"},"content":{"rendered":"<p><em><strong>Cebraspe \u00e9 a organizadora; cargos s\u00e3o de n\u00edveis m\u00e9dio e superior.\u00a0Os sal\u00e1rios s\u00e3o de R$ 4.886,87 e R$ 7.496,09<\/strong><\/em><\/p>\n<figure id=\"attachment_6617\" aria-describedby=\"caption-attachment-6617\" style=\"width: 4000px\" class=\"wp-caption aligncenter\"><a href=\"https:\/\/i0.wp.com\/blogdoeloiltoncajuhy.com.br\/site\/wp-content\/uploads\/2015\/12\/INSS-DE-BONFIM.jpg\" rel=\"attachment wp-att-6617\"><img data-recalc-dims=\"1\" fetchpriority=\"high\" decoding=\"async\" class=\"wp-image-6617 size-full\" src=\"https:\/\/i0.wp.com\/blogdoeloiltoncajuhy.com.br\/site\/wp-content\/uploads\/2015\/12\/INSS-DE-BONFIM.jpg?resize=800%2C600\" alt=\"INSS-DE-BONFIM\" width=\"800\" height=\"600\" srcset=\"https:\/\/i0.wp.com\/blogdoeloiltoncajuhy.com.br\/site\/wp-content\/uploads\/2015\/12\/INSS-DE-BONFIM.jpg?w=4000&amp;ssl=1 4000w, https:\/\/i0.wp.com\/blogdoeloiltoncajuhy.com.br\/site\/wp-content\/uploads\/2015\/12\/INSS-DE-BONFIM.jpg?resize=300%2C225&amp;ssl=1 300w, https:\/\/i0.wp.com\/blogdoeloiltoncajuhy.com.br\/site\/wp-content\/uploads\/2015\/12\/INSS-DE-BONFIM.jpg?resize=768%2C576&amp;ssl=1 768w, https:\/\/i0.wp.com\/blogdoeloiltoncajuhy.com.br\/site\/wp-content\/uploads\/2015\/12\/INSS-DE-BONFIM.jpg?resize=1024%2C768&amp;ssl=1 1024w, https:\/\/i0.wp.com\/blogdoeloiltoncajuhy.com.br\/site\/wp-content\/uploads\/2015\/12\/INSS-DE-BONFIM.jpg?resize=250%2C188&amp;ssl=1 250w, https:\/\/i0.wp.com\/blogdoeloiltoncajuhy.com.br\/site\/wp-content\/uploads\/2015\/12\/INSS-DE-BONFIM.jpg?w=1600 1600w, https:\/\/i0.wp.com\/blogdoeloiltoncajuhy.com.br\/site\/wp-content\/uploads\/2015\/12\/INSS-DE-BONFIM.jpg?w=2400 2400w\" sizes=\"(max-width: 800px) 100vw, 800px\" \/><\/a><figcaption id=\"caption-attachment-6617\" class=\"wp-caption-text\">INSS de Senhor do Bonfim<\/figcaption><\/figure>\n<p>O Instituto Nacional do Seguro Social (INSS) abriu concurso p\u00fablico para 950 vagas em cargos de n\u00edveis m\u00e9dio e superior. Os sal\u00e1rios s\u00e3o de R$ 4.886,87 e R$ 7.496,09, respectivamente. O Cebraspe, antigo Cespe\/UnB, \u00e9 a organizadora respons\u00e1vel pela sele\u00e7\u00e3o.\u00a0No site do &#8220;Di\u00e1rio Oficial da Uni\u00e3o&#8221; \u00e9 poss\u00edvel ver o edital.<\/p>\n<p>Do total das oportunidades, 5% s\u00e3o reservadas para pessoas com defici\u00eancia e 20% para negros.<br \/>\nOs cargos de n\u00edvel superior s\u00e3o para analista do seguro social com forma\u00e7\u00e3o em servi\u00e7o social (150). As vagas de n\u00edvel m\u00e9dio s\u00e3o para t\u00e9cnico do seguro social (800).<\/p>\n<p>Os candidatos aprovados e homologados dentro do n\u00famero de vagas ofertadas ser\u00e3o convocados, de acordo com sua classifica\u00e7\u00e3o, em data oportuna, ap\u00f3s o resultado final no concurso, para escolha da Ag\u00eancia da Previd\u00eancia Social onde ser\u00e1 lotado, dentro da Ger\u00eancia-Executiva escolhida no momento da inscri\u00e7\u00e3o, observando os crit\u00e9rios e procedimentos a serem definidos em ato espec\u00edfico.<\/p>\n<p>As inscri\u00e7\u00f5es devem ser feitas de 4 de janeiro a 22 de fevereiro de 2016 pelo site www.cespe.unb.br\/concursos\/inss_2015. A taxa \u00e9 de R$ 65 para n\u00edvel m\u00e9dio e R$ 80 para n\u00edvel superior.<\/p>\n<p><strong>Provas<\/strong><br \/>\nNa data prov\u00e1vel de 28 de abril de 2016 ser\u00e1 publicado no Di\u00e1rio Oficial da Uni\u00e3o e no site da organizadora edital que informar\u00e1 a disponibiliza\u00e7\u00e3o da consulta aos locais e aos hor\u00e1rios de realiza\u00e7\u00e3o das provas.\u00a0As provas objetivas ser\u00e3o aplicadas na data prov\u00e1vel de 15 de maio de 2016, no turno da manh\u00e3 para n\u00edvel superior e no turno da tarde para n\u00edvel m\u00e9dio, e ter\u00e3o 3h30 de dura\u00e7\u00e3o. Os exames ser\u00e3o aplicados nos 26 estados e no Distrito Federal.<\/p>\n<p>Para os cargos de n\u00edvel superior ser\u00e3o cobradas as disciplinas de l\u00edngua portuguesa, racioc\u00ednio l\u00f3gico, no\u00e7\u00f5es de inform\u00e1tica, direito constitucional, direito administrativo, legisla\u00e7\u00e3o previdenci\u00e1ria, legisla\u00e7\u00e3o da assist\u00eancia social do trabalhador e da pessoa com defici\u00eancia e servi\u00e7o social.<\/p>\n<p>Para as vagas de t\u00e9cnico do seguro social, as disciplinas cobradas s\u00e3o: \u00e9tica no servi\u00e7o p\u00fablico, regime jur\u00eddico \u00fanico, no\u00e7\u00f5es de direito constitucional, no\u00e7\u00f5es de direito administrativo, l\u00edngua portuguesa, racioc\u00ednio l\u00f3gico, no\u00e7\u00f5es de inform\u00e1tica e seguridade social.\u00a0O concurso ter\u00e1 validade de 1 ano e poder\u00e1 ser prorrogado, uma vez, pelo mesmo per\u00edodo.<\/p>\n<p><em>*Do G1, em S\u00e3o Paulo<\/em><\/p>\n","protected":false},"excerpt":{"rendered":"<p>Cebraspe \u00e9 a organizadora; cargos s\u00e3o de n\u00edveis m\u00e9dio e superior.\u00a0Os sal\u00e1rios s\u00e3o de R$ 4.886,87 e R$ 7.496,09 O Instituto Nacional do Seguro Social (INSS) abriu concurso p\u00fablico para 950 vagas em cargos de n\u00edveis m\u00e9dio e superior. Os sal\u00e1rios s\u00e3o de R$ 4.886,87 e R$ 7.496,09, respectivamente. O Cebraspe, antigo Cespe\/UnB, \u00e9 a [&hellip;]<\/p>\n","protected":false},"author":2,"featured_media":6617,"comment_status":"open","ping_status":"open","sticky":false,"template":"","format":"standard","meta":{"_acf_changed":false,"_monsterinsights_skip_tracking":false,"_monsterinsights_sitenote_active":false,"_monsterinsights_sitenote_note":"","_monsterinsights_sitenote_category":0,"_jetpack_memberships_contains_paid_content":false,"footnotes":"","jetpack_publicize_message":"","jetpack_publicize_feature_enabled":true,"jetpack_social_post_already_shared":true,"jetpack_social_options":{"image_generator_settings":{"template":"highway","default_image_id":0,"font":"","enabled":false},"version":2}},"categories":[5,1,4],"tags":[],"class_list":["post-6616","post","type-post","status-publish","format-standard","has-post-thumbnail","hentry","category-cotidiano","category-noticias","category-local"],"acf":[],"jetpack_publicize_connections":[],"jetpack_featured_media_url":"https:\/\/i0.wp.com\/blogdoeloiltoncajuhy.com.br\/site\/wp-content\/uploads\/2015\/12\/INSS-DE-BONFIM.jpg?fit=4000%2C3000&ssl=1","jetpack_sharing_enabled":true,"publishpress_future_workflow_manual_trigger":{"enabledWorkflows":[]},"_links":{"self":[{"href":"https:\/\/blogdoeloiltoncajuhy.com.br\/site\/wp-json\/wp\/v2\/posts\/6616","targetHints":{"allow":["GET"]}}],"collection":[{"href":"https:\/\/blogdoeloiltoncajuhy.com.br\/site\/wp-json\/wp\/v2\/posts"}],"about":[{"href":"https:\/\/blogdoeloiltoncajuhy.com.br\/site\/wp-json\/wp\/v2\/types\/post"}],"author":[{"embeddable":true,"href":"https:\/\/blogdoeloiltoncajuhy.com.br\/site\/wp-json\/wp\/v2\/users\/2"}],"replies":[{"embeddable":true,"href":"https:\/\/blogdoeloiltoncajuhy.com.br\/site\/wp-json\/wp\/v2\/comments?post=6616"}],"version-history":[{"count":1,"href":"https:\/\/blogdoeloiltoncajuhy.com.br\/site\/wp-json\/wp\/v2\/posts\/6616\/revisions"}],"predecessor-version":[{"id":6618,"href":"https:\/\/blogdoeloiltoncajuhy.com.br\/site\/wp-json\/wp\/v2\/posts\/6616\/revisions\/6618"}],"wp:featuredmedia":[{"embeddable":true,"href":"https:\/\/blogdoeloiltoncajuhy.com.br\/site\/wp-json\/wp\/v2\/media\/6617"}],"wp:attachment":[{"href":"https:\/\/blogdoeloiltoncajuhy.com.br\/site\/wp-json\/wp\/v2\/media?parent=6616"}],"wp:term":[{"taxonomy":"category","embeddable":true,"href":"https:\/\/blogdoeloiltoncajuhy.com.br\/site\/wp-json\/wp\/v2\/categories?post=6616"},{"taxonomy":"post_tag","embeddable":true,"href":"https:\/\/blogdoeloiltoncajuhy.com.br\/site\/wp-json\/wp\/v2\/tags?post=6616"}],"curies":[{"name":"wp","href":"https:\/\/api.w.org\/{rel}","templated":true}]}}