{"id":6614,"date":"2015-12-23T19:50:28","date_gmt":"2015-12-23T21:50:28","guid":{"rendered":"http:\/\/blogdoeloiltoncajuhy.com.br\/site\/?p=6614"},"modified":"2015-12-23T19:50:29","modified_gmt":"2015-12-23T21:50:29","slug":"prefeitura-de-andorinha-paga-13o-e-antecipa-salario-de-dezembro-para-servidores","status":"publish","type":"post","link":"https:\/\/blogdoeloiltoncajuhy.com.br\/site\/prefeitura-de-andorinha-paga-13o-e-antecipa-salario-de-dezembro-para-servidores\/","title":{"rendered":"Prefeitura de Andorinha paga 13\u00ba e antecipa sal\u00e1rio de dezembro para servidores"},"content":{"rendered":"<p><a href=\"https:\/\/i0.wp.com\/blogdoeloiltoncajuhy.com.br\/site\/wp-content\/uploads\/2015\/07\/FACHADA-PREFEITURA-DE-ANDORINHA.jpg\" rel=\"attachment wp-att-2509\"><img data-recalc-dims=\"1\" fetchpriority=\"high\" decoding=\"async\" class=\"aligncenter size-full wp-image-2509\" src=\"https:\/\/i0.wp.com\/blogdoeloiltoncajuhy.com.br\/site\/wp-content\/uploads\/2015\/07\/FACHADA-PREFEITURA-DE-ANDORINHA.jpg?resize=800%2C600\" alt=\"FACHADA PREFEITURA DE ANDORINHA\" width=\"800\" height=\"600\" srcset=\"https:\/\/i0.wp.com\/blogdoeloiltoncajuhy.com.br\/site\/wp-content\/uploads\/2015\/07\/FACHADA-PREFEITURA-DE-ANDORINHA.jpg?w=800&amp;ssl=1 800w, https:\/\/i0.wp.com\/blogdoeloiltoncajuhy.com.br\/site\/wp-content\/uploads\/2015\/07\/FACHADA-PREFEITURA-DE-ANDORINHA.jpg?resize=300%2C225&amp;ssl=1 300w, https:\/\/i0.wp.com\/blogdoeloiltoncajuhy.com.br\/site\/wp-content\/uploads\/2015\/07\/FACHADA-PREFEITURA-DE-ANDORINHA.jpg?resize=250%2C188&amp;ssl=1 250w\" sizes=\"(max-width: 800px) 100vw, 800px\" \/><\/a>Mesmo sendo afetada pela queda na arrecada\u00e7\u00e3o, a Prefeitura de Andorinha chega ao fim do ano em situa\u00e7\u00e3o bastante confort\u00e1vel na compara\u00e7\u00e3o com a maioria dos munic\u00edpios do pais. Desde o dia 16 de dezembro os servidores receberam o pagamento do 13\u00ba salario em parcela \u00fanica.<\/p>\n<p>E\u00a0nesta quarta\u2013feira (23), o sal\u00e1rio de dezembro de todos os 712 servidores efetivos e comissionados do munic\u00edpio foi creditado em conta. A prefeitura poderia pagar at\u00e9 o 5\u00ba dia \u00fatil do m\u00eas de janeiro. Os pagamentos proporcionaram injetar mais de R$ 2 milh\u00f5es de reais no com\u00e9rcio de Andorinha neste final de ano.<\/p>\n<p>\u201cCom o cen\u00e1rio econ\u00f4mico adverso, estamos presenciando munic\u00edpios com dificuldade at\u00e9 em quitar a folha de pagamento dos servidores p\u00fablicos. N\u00e3o \u00e9 f\u00e1cil, mas a Prefeitura de Andorinha n\u00e3o tem medido esfor\u00e7os para honrar os compromissos\u201d, comentou o prefeito Z\u00e9 Branco. O gestor ainda enfatizou:\u00a0\u201cOutra satisfa\u00e7\u00e3o nossa \u00e9 a regulariza\u00e7\u00e3o das f\u00e9rias de muitos servidores e licen\u00e7a-pr\u00eamio, coisa que n\u00e3o acontecia em outras gest\u00f5es&#8221;.<\/p>\n<p>Em Andorinha, todos os servidores efetivos receberam em 2015 um reajuste salarial de 10%. Outra situa\u00e7\u00e3o de respeito com funcionalismo municipal, \u00e9 o caso do sal\u00e1rio dos professores que tem base no piso nacional.<\/p>\n<p>Com o pagamento do funcionalismo e de fornecedores rigorosamente em dia, diversas obras em execu\u00e7\u00e3o, o anuncio de novos investimentos, como o programa de pavimenta\u00e7\u00e3o que prev\u00ea a aplica\u00e7\u00e3o de mais de R$ 1 milh\u00e3o em cal\u00e7amentos de v\u00e1rias ruas, a prefeitura de Andorinha d\u00e1 provas de que, com bom planejamento, \u00e9 poss\u00edvel aliar austeridade no gasto p\u00fablico com uma pol\u00edtica arrojada de investimentos.<\/p>\n<p><em>*Acesse e curta nossa FAN PAGE:\u00a0www.facebook.com\/Prefeitura-de-Andorinha<\/em><\/p>\n","protected":false},"excerpt":{"rendered":"<p>Mesmo sendo afetada pela queda na arrecada\u00e7\u00e3o, a Prefeitura de Andorinha chega ao fim do ano em situa\u00e7\u00e3o bastante confort\u00e1vel na compara\u00e7\u00e3o com a maioria dos munic\u00edpios do pais. Desde o dia 16 de dezembro os servidores receberam o pagamento do 13\u00ba salario em parcela \u00fanica. E\u00a0nesta quarta\u2013feira (23), o sal\u00e1rio de dezembro de todos [&hellip;]<\/p>\n","protected":false},"author":2,"featured_media":0,"comment_status":"open","ping_status":"open","sticky":false,"template":"","format":"standard","meta":{"_acf_changed":false,"_monsterinsights_skip_tracking":false,"_monsterinsights_sitenote_active":false,"_monsterinsights_sitenote_note":"","_monsterinsights_sitenote_category":0,"_jetpack_memberships_contains_paid_content":false,"footnotes":"","jetpack_publicize_message":"","jetpack_publicize_feature_enabled":true,"jetpack_social_post_already_shared":true,"jetpack_social_options":{"image_generator_settings":{"template":"highway","default_image_id":0,"font":"","enabled":false},"version":2}},"categories":[1,3,11],"tags":[],"class_list":["post-6614","post","type-post","status-publish","format-standard","hentry","category-noticias","category-politica","category-regional"],"acf":[],"jetpack_publicize_connections":[],"jetpack_featured_media_url":"","jetpack_sharing_enabled":true,"publishpress_future_workflow_manual_trigger":{"enabledWorkflows":[]},"_links":{"self":[{"href":"https:\/\/blogdoeloiltoncajuhy.com.br\/site\/wp-json\/wp\/v2\/posts\/6614","targetHints":{"allow":["GET"]}}],"collection":[{"href":"https:\/\/blogdoeloiltoncajuhy.com.br\/site\/wp-json\/wp\/v2\/posts"}],"about":[{"href":"https:\/\/blogdoeloiltoncajuhy.com.br\/site\/wp-json\/wp\/v2\/types\/post"}],"author":[{"embeddable":true,"href":"https:\/\/blogdoeloiltoncajuhy.com.br\/site\/wp-json\/wp\/v2\/users\/2"}],"replies":[{"embeddable":true,"href":"https:\/\/blogdoeloiltoncajuhy.com.br\/site\/wp-json\/wp\/v2\/comments?post=6614"}],"version-history":[{"count":1,"href":"https:\/\/blogdoeloiltoncajuhy.com.br\/site\/wp-json\/wp\/v2\/posts\/6614\/revisions"}],"predecessor-version":[{"id":6615,"href":"https:\/\/blogdoeloiltoncajuhy.com.br\/site\/wp-json\/wp\/v2\/posts\/6614\/revisions\/6615"}],"wp:attachment":[{"href":"https:\/\/blogdoeloiltoncajuhy.com.br\/site\/wp-json\/wp\/v2\/media?parent=6614"}],"wp:term":[{"taxonomy":"category","embeddable":true,"href":"https:\/\/blogdoeloiltoncajuhy.com.br\/site\/wp-json\/wp\/v2\/categories?post=6614"},{"taxonomy":"post_tag","embeddable":true,"href":"https:\/\/blogdoeloiltoncajuhy.com.br\/site\/wp-json\/wp\/v2\/tags?post=6614"}],"curies":[{"name":"wp","href":"https:\/\/api.w.org\/{rel}","templated":true}]}}