{"id":6605,"date":"2015-12-23T13:04:34","date_gmt":"2015-12-23T15:04:34","guid":{"rendered":"http:\/\/blogdoeloiltoncajuhy.com.br\/site\/?p=6605"},"modified":"2015-12-23T13:04:34","modified_gmt":"2015-12-23T15:04:34","slug":"policia-de-bonfim-investiga-morte-de-vigilante-do-inema","status":"publish","type":"post","link":"https:\/\/blogdoeloiltoncajuhy.com.br\/site\/policia-de-bonfim-investiga-morte-de-vigilante-do-inema\/","title":{"rendered":"Pol\u00edcia de Bonfim investiga morte de vigilante do Inema"},"content":{"rendered":"<p><a href=\"https:\/\/i0.wp.com\/blogdoeloiltoncajuhy.com.br\/site\/wp-content\/uploads\/2015\/12\/pol%C3%ADcia.jpg\" rel=\"attachment wp-att-6606\"><img data-recalc-dims=\"1\" fetchpriority=\"high\" decoding=\"async\" class=\"aligncenter size-full wp-image-6606\" src=\"https:\/\/i0.wp.com\/blogdoeloiltoncajuhy.com.br\/site\/wp-content\/uploads\/2015\/12\/pol%C3%ADcia.jpg?resize=385%2C270\" alt=\"pol\u00edcia\" width=\"385\" height=\"270\" srcset=\"https:\/\/i0.wp.com\/blogdoeloiltoncajuhy.com.br\/site\/wp-content\/uploads\/2015\/12\/pol%C3%ADcia.jpg?w=385&amp;ssl=1 385w, https:\/\/i0.wp.com\/blogdoeloiltoncajuhy.com.br\/site\/wp-content\/uploads\/2015\/12\/pol%C3%ADcia.jpg?resize=300%2C210&amp;ssl=1 300w, https:\/\/i0.wp.com\/blogdoeloiltoncajuhy.com.br\/site\/wp-content\/uploads\/2015\/12\/pol%C3%ADcia.jpg?resize=250%2C175&amp;ssl=1 250w\" sizes=\"(max-width: 385px) 100vw, 385px\" \/><\/a>A pol\u00edcia de Bonfim est\u00e1 investigando a morte do vigilante Luiz Carlos Ferreira de Oliveira, de 54 anos, que tinha resid\u00eancia no Bairro Barbosa Santos, em nossa cidade. Ele foi encontrado morto, na manh\u00e3 desta quarta-feira (23), em uma das salas do Instituto de Meio Ambiente e Recursos H\u00eddricos da Bahia (INEMA), localizado nas Casas Populares.<\/p>\n<p>Segundo informa\u00e7\u00f5es da Pol\u00edcia, um colega de trabalho de Luiz Carlos chegou ao Inema por volta das 6h30 e encontrou o corpo da v\u00edtima que foi alvejada com um tiro na cabe\u00e7a. A Pol\u00edcia tamb\u00e9m apurou que vizinhos ouviram barulho de um tiro por volta das 23h de ontem (22).<\/p>\n<p>Na sala onde o vigilante foi encontrado morto, havia o notebook de Luiz Carlos. Foi constatado pela equipe do Dr. Virg\u00edlio, Delegado que esteve no local, juntamente com investigadores da Pol\u00edcia T\u00e9cnica, que a moto da v\u00edtima foi roubada.<\/p>\n<p>O corpo de Luiz Carlos Ferreira de Oliveira, que trabalhava h\u00e1 14 anos no Inema, foi removido pela Pol\u00edcia T\u00e9cnica para o necrot\u00e9rio do Complexo Policial de Bonfim e, posteriormente, ser\u00e1 liberado para sepultamento.<\/p>\n<p><em>BLOG DO ELOILTON CAJUHY<\/em><\/p>\n","protected":false},"excerpt":{"rendered":"<p>A pol\u00edcia de Bonfim est\u00e1 investigando a morte do vigilante Luiz Carlos Ferreira de Oliveira, de 54 anos, que tinha resid\u00eancia no Bairro Barbosa Santos, em nossa cidade. Ele foi encontrado morto, na manh\u00e3 desta quarta-feira (23), em uma das salas do Instituto de Meio Ambiente e Recursos H\u00eddricos da Bahia (INEMA), localizado nas Casas [&hellip;]<\/p>\n","protected":false},"author":2,"featured_media":6606,"comment_status":"open","ping_status":"open","sticky":false,"template":"","format":"standard","meta":{"_acf_changed":false,"_monsterinsights_skip_tracking":false,"_monsterinsights_sitenote_active":false,"_monsterinsights_sitenote_note":"","_monsterinsights_sitenote_category":0,"_jetpack_memberships_contains_paid_content":false,"footnotes":"","jetpack_publicize_message":"","jetpack_publicize_feature_enabled":true,"jetpack_social_post_already_shared":true,"jetpack_social_options":{"image_generator_settings":{"template":"highway","default_image_id":0,"font":"","enabled":false},"version":2}},"categories":[5,1,4],"tags":[],"class_list":["post-6605","post","type-post","status-publish","format-standard","has-post-thumbnail","hentry","category-cotidiano","category-noticias","category-local"],"acf":[],"jetpack_publicize_connections":[],"jetpack_featured_media_url":"https:\/\/i0.wp.com\/blogdoeloiltoncajuhy.com.br\/site\/wp-content\/uploads\/2015\/12\/pol%C3%ADcia.jpg?fit=385%2C270&ssl=1","jetpack_sharing_enabled":true,"publishpress_future_workflow_manual_trigger":{"enabledWorkflows":[]},"_links":{"self":[{"href":"https:\/\/blogdoeloiltoncajuhy.com.br\/site\/wp-json\/wp\/v2\/posts\/6605","targetHints":{"allow":["GET"]}}],"collection":[{"href":"https:\/\/blogdoeloiltoncajuhy.com.br\/site\/wp-json\/wp\/v2\/posts"}],"about":[{"href":"https:\/\/blogdoeloiltoncajuhy.com.br\/site\/wp-json\/wp\/v2\/types\/post"}],"author":[{"embeddable":true,"href":"https:\/\/blogdoeloiltoncajuhy.com.br\/site\/wp-json\/wp\/v2\/users\/2"}],"replies":[{"embeddable":true,"href":"https:\/\/blogdoeloiltoncajuhy.com.br\/site\/wp-json\/wp\/v2\/comments?post=6605"}],"version-history":[{"count":1,"href":"https:\/\/blogdoeloiltoncajuhy.com.br\/site\/wp-json\/wp\/v2\/posts\/6605\/revisions"}],"predecessor-version":[{"id":6607,"href":"https:\/\/blogdoeloiltoncajuhy.com.br\/site\/wp-json\/wp\/v2\/posts\/6605\/revisions\/6607"}],"wp:featuredmedia":[{"embeddable":true,"href":"https:\/\/blogdoeloiltoncajuhy.com.br\/site\/wp-json\/wp\/v2\/media\/6606"}],"wp:attachment":[{"href":"https:\/\/blogdoeloiltoncajuhy.com.br\/site\/wp-json\/wp\/v2\/media?parent=6605"}],"wp:term":[{"taxonomy":"category","embeddable":true,"href":"https:\/\/blogdoeloiltoncajuhy.com.br\/site\/wp-json\/wp\/v2\/categories?post=6605"},{"taxonomy":"post_tag","embeddable":true,"href":"https:\/\/blogdoeloiltoncajuhy.com.br\/site\/wp-json\/wp\/v2\/tags?post=6605"}],"curies":[{"name":"wp","href":"https:\/\/api.w.org\/{rel}","templated":true}]}}