{"id":6602,"date":"2015-12-23T08:23:48","date_gmt":"2015-12-23T10:23:48","guid":{"rendered":"http:\/\/blogdoeloiltoncajuhy.com.br\/site\/?p=6602"},"modified":"2015-12-23T08:23:48","modified_gmt":"2015-12-23T10:23:48","slug":"esportes-com-palmeiras-e-gremio-nos-grupos-da-morte-veja-como-ficou-a-copa-libertadores-de-2016","status":"publish","type":"post","link":"https:\/\/blogdoeloiltoncajuhy.com.br\/site\/esportes-com-palmeiras-e-gremio-nos-grupos-da-morte-veja-como-ficou-a-copa-libertadores-de-2016\/","title":{"rendered":"ESPORTES: Com Palmeiras e Gr\u00eamio nos &#8216;Grupos da Morte&#8217;, veja como ficou a Copa Libertadores de 2016"},"content":{"rendered":"<figure id=\"attachment_6603\" aria-describedby=\"caption-attachment-6603\" style=\"width: 622px\" class=\"wp-caption aligncenter\"><a href=\"https:\/\/i0.wp.com\/blogdoeloiltoncajuhy.com.br\/site\/wp-content\/uploads\/2015\/12\/sorteio-libertadores.jpg\" rel=\"attachment wp-att-6603\"><img data-recalc-dims=\"1\" fetchpriority=\"high\" decoding=\"async\" class=\"wp-image-6603 size-full\" src=\"https:\/\/i0.wp.com\/blogdoeloiltoncajuhy.com.br\/site\/wp-content\/uploads\/2015\/12\/sorteio-libertadores.jpg?resize=622%2C350\" alt=\"sorteio libertadores\" width=\"622\" height=\"350\" srcset=\"https:\/\/i0.wp.com\/blogdoeloiltoncajuhy.com.br\/site\/wp-content\/uploads\/2015\/12\/sorteio-libertadores.jpg?w=622&amp;ssl=1 622w, https:\/\/i0.wp.com\/blogdoeloiltoncajuhy.com.br\/site\/wp-content\/uploads\/2015\/12\/sorteio-libertadores.jpg?resize=300%2C169&amp;ssl=1 300w, https:\/\/i0.wp.com\/blogdoeloiltoncajuhy.com.br\/site\/wp-content\/uploads\/2015\/12\/sorteio-libertadores.jpg?resize=250%2C141&amp;ssl=1 250w\" sizes=\"(max-width: 622px) 100vw, 622px\" \/><\/a><figcaption id=\"caption-attachment-6603\" class=\"wp-caption-text\">Wilmar Valdez, presidente interino da Conmebol, em sorteio da Copa Libertadores (Getty Images)<\/figcaption><\/figure>\n<p>Com a presen\u00e7a dos brasileiros Corinthians, Atl\u00e9tico-MG, S\u00e3o Paulo, Palmeiras e Gr\u00eamio, foram definidos os grupos da Copa Libertadores de 2016, em sorteio realizado na noite desta ter\u00e7a-feira (22), na sede da Conmebol, em Luque, no Paraguai. Veja, abaixo, como ficaram os grupos.<\/p>\n<p>O S\u00e3o Paulo pega o modesto Cesar Vallejo (PER) na fase de pr\u00e9-Libertadores e, se passar, ter\u00e1 pela frente River Plate (ARG), The Strongest (BOL) e Trujillanos (VEN).<\/p>\n<p>Dos brasileiros, Gr\u00eamio e Palmeiras ter\u00e3o os piores desafios e acabaram em &#8220;Grupos da Morte&#8221;. O\u00a0clube ga\u00facho tem dois ex-campe\u00f5es pela frente: encara San Lorenzo (ARG) e LDU (EQU), al\u00e9m do Toluca (MEX), que tamb\u00e9m vem forte.<\/p>\n<p>J\u00e1 o time alviverde enfrenta o tradicional Nacional (URU), al\u00e9m do Rosario Central (ARG) e do vencedor de River Plate (URU) contra a Universidad de Chile (CHI).<\/p>\n<p>O Corinthians, por sua vez, reencontra o Cerro Porte\u00f1o (PAR), encara o Cobresal (CHI) e quem se classificar entre Oriente Petrolero (BOL) e Independiente Santa F\u00e9 (COL), atual campe\u00e3o da Copa Sul-Americana.<\/p>\n<p>J\u00e1 o Atl\u00e9tico-MG vai desafiar o Colo Colo (CHI), o Melgar (PER) e o ganhador de Independiente del Valle (EQU) x Guarani (PAR).<\/p>\n<p><em>*ESPN<\/em><\/p>\n","protected":false},"excerpt":{"rendered":"<p>Com a presen\u00e7a dos brasileiros Corinthians, Atl\u00e9tico-MG, S\u00e3o Paulo, Palmeiras e Gr\u00eamio, foram definidos os grupos da Copa Libertadores de 2016, em sorteio realizado na noite desta ter\u00e7a-feira (22), na sede da Conmebol, em Luque, no Paraguai. Veja, abaixo, como ficaram os grupos. O S\u00e3o Paulo pega o modesto Cesar Vallejo (PER) na fase de [&hellip;]<\/p>\n","protected":false},"author":2,"featured_media":6603,"comment_status":"open","ping_status":"open","sticky":false,"template":"","format":"standard","meta":{"_acf_changed":false,"_monsterinsights_skip_tracking":false,"_monsterinsights_sitenote_active":false,"_monsterinsights_sitenote_note":"","_monsterinsights_sitenote_category":0,"_jetpack_memberships_contains_paid_content":false,"footnotes":"","jetpack_publicize_message":"","jetpack_publicize_feature_enabled":true,"jetpack_social_post_already_shared":true,"jetpack_social_options":{"image_generator_settings":{"template":"highway","default_image_id":0,"font":"","enabled":false},"version":2}},"categories":[6,1],"tags":[],"class_list":["post-6602","post","type-post","status-publish","format-standard","has-post-thumbnail","hentry","category-esportes","category-noticias"],"acf":[],"jetpack_publicize_connections":[],"jetpack_featured_media_url":"https:\/\/i0.wp.com\/blogdoeloiltoncajuhy.com.br\/site\/wp-content\/uploads\/2015\/12\/sorteio-libertadores.jpg?fit=622%2C350&ssl=1","jetpack_sharing_enabled":true,"publishpress_future_workflow_manual_trigger":{"enabledWorkflows":[]},"_links":{"self":[{"href":"https:\/\/blogdoeloiltoncajuhy.com.br\/site\/wp-json\/wp\/v2\/posts\/6602","targetHints":{"allow":["GET"]}}],"collection":[{"href":"https:\/\/blogdoeloiltoncajuhy.com.br\/site\/wp-json\/wp\/v2\/posts"}],"about":[{"href":"https:\/\/blogdoeloiltoncajuhy.com.br\/site\/wp-json\/wp\/v2\/types\/post"}],"author":[{"embeddable":true,"href":"https:\/\/blogdoeloiltoncajuhy.com.br\/site\/wp-json\/wp\/v2\/users\/2"}],"replies":[{"embeddable":true,"href":"https:\/\/blogdoeloiltoncajuhy.com.br\/site\/wp-json\/wp\/v2\/comments?post=6602"}],"version-history":[{"count":1,"href":"https:\/\/blogdoeloiltoncajuhy.com.br\/site\/wp-json\/wp\/v2\/posts\/6602\/revisions"}],"predecessor-version":[{"id":6604,"href":"https:\/\/blogdoeloiltoncajuhy.com.br\/site\/wp-json\/wp\/v2\/posts\/6602\/revisions\/6604"}],"wp:featuredmedia":[{"embeddable":true,"href":"https:\/\/blogdoeloiltoncajuhy.com.br\/site\/wp-json\/wp\/v2\/media\/6603"}],"wp:attachment":[{"href":"https:\/\/blogdoeloiltoncajuhy.com.br\/site\/wp-json\/wp\/v2\/media?parent=6602"}],"wp:term":[{"taxonomy":"category","embeddable":true,"href":"https:\/\/blogdoeloiltoncajuhy.com.br\/site\/wp-json\/wp\/v2\/categories?post=6602"},{"taxonomy":"post_tag","embeddable":true,"href":"https:\/\/blogdoeloiltoncajuhy.com.br\/site\/wp-json\/wp\/v2\/tags?post=6602"}],"curies":[{"name":"wp","href":"https:\/\/api.w.org\/{rel}","templated":true}]}}