{"id":6598,"date":"2015-12-23T08:07:49","date_gmt":"2015-12-23T10:07:49","guid":{"rendered":"http:\/\/blogdoeloiltoncajuhy.com.br\/site\/?p=6598"},"modified":"2015-12-23T08:07:49","modified_gmt":"2015-12-23T10:07:49","slug":"gente-que-faz-historia-hoje-e-aniversario-de-claudia-raia","status":"publish","type":"post","link":"https:\/\/blogdoeloiltoncajuhy.com.br\/site\/gente-que-faz-historia-hoje-e-aniversario-de-claudia-raia\/","title":{"rendered":"GENTE QUE FAZ HIST\u00d3RIA: Hoje \u00e9 anivers\u00e1rio de Claudia Raia"},"content":{"rendered":"<p><em><strong>Cl\u00e1udia Raia era bailarina antes de se tornar atriz. Sua primeira atua\u00e7\u00e3o foi em Viva o Gordo e, depois, Roque Santeiro<\/strong><\/em><\/p>\n<figure id=\"attachment_6599\" aria-describedby=\"caption-attachment-6599\" style=\"width: 611px\" class=\"wp-caption aligncenter\"><a href=\"https:\/\/i0.wp.com\/blogdoeloiltoncajuhy.com.br\/site\/wp-content\/uploads\/2015\/12\/Claudia-Raia.jpg\" rel=\"attachment wp-att-6599\"><img data-recalc-dims=\"1\" fetchpriority=\"high\" decoding=\"async\" class=\"wp-image-6599 size-full\" src=\"https:\/\/i0.wp.com\/blogdoeloiltoncajuhy.com.br\/site\/wp-content\/uploads\/2015\/12\/Claudia-Raia.jpg?resize=611%2C518\" alt=\"Claudia Raia\" width=\"611\" height=\"518\" srcset=\"https:\/\/i0.wp.com\/blogdoeloiltoncajuhy.com.br\/site\/wp-content\/uploads\/2015\/12\/Claudia-Raia.jpg?w=611&amp;ssl=1 611w, https:\/\/i0.wp.com\/blogdoeloiltoncajuhy.com.br\/site\/wp-content\/uploads\/2015\/12\/Claudia-Raia.jpg?resize=300%2C254&amp;ssl=1 300w, https:\/\/i0.wp.com\/blogdoeloiltoncajuhy.com.br\/site\/wp-content\/uploads\/2015\/12\/Claudia-Raia.jpg?resize=250%2C212&amp;ssl=1 250w\" sizes=\"(max-width: 611px) 100vw, 611px\" \/><\/a><figcaption id=\"caption-attachment-6599\" class=\"wp-caption-text\">Claudia Raia em Terra Nostra, 1999. TV Globo<\/figcaption><\/figure>\n<p>Maria Cl\u00e1udia Motta Raia nasceu em Campinas, S\u00e3o Paulo, no dia 23 de dezembro de 1966. No Viva o Gordo, al\u00e9m de fazer dupla com J\u00f4 Soares, fez parte do corpo de baile do programa.<\/p>\n<p>Sua primeira novela foi Roque Santeiro (1985), de Dias Gomes e Aguinaldo Silva, na qual interpretou a dan\u00e7arina Ninon. Embora pequeno, seu papel caiu no gosto do p\u00fablico e da cr\u00edtica \u2013 ela ganhou o pr\u00eamio de Revela\u00e7\u00e3o Feminina da Associa\u00e7\u00e3o Paulista de Cr\u00edticos de Arte (APCA).<\/p>\n<p>Em 1987, viveu a Edwiges de O Outro, de Aguinaldo Silva e Ricardo Linhares. No mesmo ano, incorporou o sotaque \u00edtalo-paulistano do bairro do Bixiga para interpretar a Tancinha, de Sassaricando, escrita por Silvio de Abreu, autor com quem manteria uma produtiva parceria.<\/p>\n<p>Gra\u00e7as ao sucesso de Tancinha, foi convidada para fazer parte do elenco do humor\u00edstico TV Pirata. No programa, encarnou tipos antol\u00f3gicos, como a presidi\u00e1ria Tonh\u00e3o.<\/p>\n<p><em>*Mem\u00f3ria Globo<\/em><\/p>\n","protected":false},"excerpt":{"rendered":"<p>Cl\u00e1udia Raia era bailarina antes de se tornar atriz. Sua primeira atua\u00e7\u00e3o foi em Viva o Gordo e, depois, Roque Santeiro Maria Cl\u00e1udia Motta Raia nasceu em Campinas, S\u00e3o Paulo, no dia 23 de dezembro de 1966. No Viva o Gordo, al\u00e9m de fazer dupla com J\u00f4 Soares, fez parte do corpo de baile do [&hellip;]<\/p>\n","protected":false},"author":2,"featured_media":6599,"comment_status":"open","ping_status":"open","sticky":false,"template":"","format":"standard","meta":{"_acf_changed":false,"_monsterinsights_skip_tracking":false,"_monsterinsights_sitenote_active":false,"_monsterinsights_sitenote_note":"","_monsterinsights_sitenote_category":0,"_jetpack_memberships_contains_paid_content":false,"footnotes":"","jetpack_publicize_message":"","jetpack_publicize_feature_enabled":true,"jetpack_social_post_already_shared":true,"jetpack_social_options":{"image_generator_settings":{"template":"highway","default_image_id":0,"font":"","enabled":false},"version":2}},"categories":[8,12,1],"tags":[],"class_list":["post-6598","post","type-post","status-publish","format-standard","has-post-thumbnail","hentry","category-cultura","category-gente-que-faz-a-nossa-historia","category-noticias"],"acf":[],"jetpack_publicize_connections":[],"jetpack_featured_media_url":"https:\/\/i0.wp.com\/blogdoeloiltoncajuhy.com.br\/site\/wp-content\/uploads\/2015\/12\/Claudia-Raia.jpg?fit=611%2C518&ssl=1","jetpack_sharing_enabled":true,"publishpress_future_workflow_manual_trigger":{"enabledWorkflows":[]},"_links":{"self":[{"href":"https:\/\/blogdoeloiltoncajuhy.com.br\/site\/wp-json\/wp\/v2\/posts\/6598","targetHints":{"allow":["GET"]}}],"collection":[{"href":"https:\/\/blogdoeloiltoncajuhy.com.br\/site\/wp-json\/wp\/v2\/posts"}],"about":[{"href":"https:\/\/blogdoeloiltoncajuhy.com.br\/site\/wp-json\/wp\/v2\/types\/post"}],"author":[{"embeddable":true,"href":"https:\/\/blogdoeloiltoncajuhy.com.br\/site\/wp-json\/wp\/v2\/users\/2"}],"replies":[{"embeddable":true,"href":"https:\/\/blogdoeloiltoncajuhy.com.br\/site\/wp-json\/wp\/v2\/comments?post=6598"}],"version-history":[{"count":2,"href":"https:\/\/blogdoeloiltoncajuhy.com.br\/site\/wp-json\/wp\/v2\/posts\/6598\/revisions"}],"predecessor-version":[{"id":6601,"href":"https:\/\/blogdoeloiltoncajuhy.com.br\/site\/wp-json\/wp\/v2\/posts\/6598\/revisions\/6601"}],"wp:featuredmedia":[{"embeddable":true,"href":"https:\/\/blogdoeloiltoncajuhy.com.br\/site\/wp-json\/wp\/v2\/media\/6599"}],"wp:attachment":[{"href":"https:\/\/blogdoeloiltoncajuhy.com.br\/site\/wp-json\/wp\/v2\/media?parent=6598"}],"wp:term":[{"taxonomy":"category","embeddable":true,"href":"https:\/\/blogdoeloiltoncajuhy.com.br\/site\/wp-json\/wp\/v2\/categories?post=6598"},{"taxonomy":"post_tag","embeddable":true,"href":"https:\/\/blogdoeloiltoncajuhy.com.br\/site\/wp-json\/wp\/v2\/tags?post=6598"}],"curies":[{"name":"wp","href":"https:\/\/api.w.org\/{rel}","templated":true}]}}