{"id":65915,"date":"2022-06-16T22:10:24","date_gmt":"2022-06-17T01:10:24","guid":{"rendered":"http:\/\/blogdoeloiltoncajuhy.com.br\/site\/?p=65915"},"modified":"2022-06-16T22:10:26","modified_gmt":"2022-06-17T01:10:26","slug":"frutifique-a-verdade-2","status":"publish","type":"post","link":"https:\/\/blogdoeloiltoncajuhy.com.br\/site\/frutifique-a-verdade-2\/","title":{"rendered":"Frutifique a verdade"},"content":{"rendered":"\n<p class=\"has-text-align-center has-medium-font-size\"><em>\u201cEu sou a videira, e voc\u00eas s\u00e3o os ramos. Quem est\u00e1 unido comigo e eu com ele, esse d\u00e1 muito fruto porque sem mim voc\u00eas n\u00e3o podem fazer nada\u201d. Joao 15:15<\/em><\/p>\n\n\n\n<figure class=\"wp-block-image alignleft size-full is-resized\"><a href=\"https:\/\/i0.wp.com\/blogdoeloiltoncajuhy.com.br\/site\/wp-content\/uploads\/2022\/06\/Photo_Pinterest-16062022.jpg\"><img data-recalc-dims=\"1\" fetchpriority=\"high\" decoding=\"async\" src=\"https:\/\/i0.wp.com\/blogdoeloiltoncajuhy.com.br\/site\/wp-content\/uploads\/2022\/06\/Photo_Pinterest-16062022.jpg?resize=282%2C502\" alt=\"\" class=\"wp-image-65916\" width=\"282\" height=\"502\" srcset=\"https:\/\/i0.wp.com\/blogdoeloiltoncajuhy.com.br\/site\/wp-content\/uploads\/2022\/06\/Photo_Pinterest-16062022.jpg?w=564&amp;ssl=1 564w, https:\/\/i0.wp.com\/blogdoeloiltoncajuhy.com.br\/site\/wp-content\/uploads\/2022\/06\/Photo_Pinterest-16062022.jpg?resize=169%2C300&amp;ssl=1 169w\" sizes=\"(max-width: 282px) 100vw, 282px\" \/><\/a><figcaption><sub>Pinterest<\/sub><\/figcaption><\/figure>\n\n\n\n<p>No mundo natural, conseguimos visualizar bem a rela\u00e7\u00e3o do fruto com a \u00e1rvore. Podemos perceber que uma \u00e1rvore n\u00e3o se torna produtiva do nada.<\/p>\n\n\n\n<p>Existem componentes e condi\u00e7\u00f5es essenciais para que ela chegue nesse est\u00e1gio, como a semente, um bom solo, o adubo, o sol, a \u00e1gua e o tempo necess\u00e1rio para crescer.<\/p>\n\n\n\n<p>Quando este processo \u00e9 bem-sucedido, a \u00e1rvore come\u00e7a a frutificar. Por\u00e9m, duas coisas s\u00e3o certas: 1) um fruto nunca nascer\u00e1 e crescer\u00e1 se n\u00e3o estiver ligado \u00e0 \u00e1rvore; 2) cada fruto nasce de acordo com a sua esp\u00e9cie, ou seja, uma ma\u00e7\u00e3 n\u00e3o nascer\u00e1 de uma bananeira em hip\u00f3tese alguma.<\/p>\n\n\n\n<p>No mundo espiritual \u00e9 a mesma coisa: precisamos estar conectados a Jesus e \u00e0 Palavra de Deus, ser guiados pelo Esp\u00edrito Santo, ter um cora\u00e7\u00e3o pr\u00f3prio e ensin\u00e1vel, gastar tempo em comunh\u00e3o com Deus e, ent\u00e3o, frutificaremos.<\/p>\n\n\n\n<p>Os frutos s\u00e3o, naturalmente, uma consequ\u00eancia de todo esse processo. Como produziremos bons frutos se n\u00e3o estivermos dispostos a passar pelas etapas?<\/p>\n\n\n\n<p>Muitos tentam \u201cfor\u00e7ar\u201d um fruto a nascer e parecer muito apetitoso, mas, em algum momento, a \u00e1rvore de onde ele foi originado ficar\u00e1 evidente. E muitos tamb\u00e9m se cobram e se angustiam porque seus frutos ainda n\u00e3o est\u00e3o maduros e n\u00e3o aparecem. Mas, como voc\u00ea sabe, frutos n\u00e3o nascem de um dia para o outro.<\/p>\n\n\n\n<p>Por isso, n\u00e3o se preocupe em mostrar seus belos frutos, mas apenas dedique-se \u00e0 sua prepara\u00e7\u00e3o interior. Tudo que \u00e9 apenas aparente cair\u00e1 por terra, mas o que \u00e9 verdadeiro ter\u00e1 tanta vida que chamar\u00e1 a aten\u00e7\u00e3o de outros e transformar\u00e1 tudo ao redor!<\/p>\n","protected":false},"excerpt":{"rendered":"<p>\u201cEu sou a videira, e voc\u00eas s\u00e3o os ramos. Quem est\u00e1 unido comigo e eu com ele, esse d\u00e1 muito fruto porque sem mim voc\u00eas n\u00e3o podem fazer nada\u201d. Joao 15:15 No mundo natural, conseguimos visualizar bem a rela\u00e7\u00e3o do fruto com a \u00e1rvore. Podemos perceber que uma \u00e1rvore n\u00e3o se torna produtiva do nada. [&hellip;]<\/p>\n","protected":false},"author":2,"featured_media":65916,"comment_status":"open","ping_status":"open","sticky":false,"template":"","format":"standard","meta":{"_acf_changed":false,"_monsterinsights_skip_tracking":false,"_monsterinsights_sitenote_active":false,"_monsterinsights_sitenote_note":"","_monsterinsights_sitenote_category":0,"_jetpack_memberships_contains_paid_content":false,"footnotes":"","jetpack_publicize_message":"","jetpack_publicize_feature_enabled":true,"jetpack_social_post_already_shared":true,"jetpack_social_options":{"image_generator_settings":{"template":"highway","default_image_id":0,"font":"","enabled":false},"version":2}},"categories":[9],"tags":[],"class_list":["post-65915","post","type-post","status-publish","format-standard","has-post-thumbnail","hentry","category-reflexao"],"acf":[],"jetpack_publicize_connections":[],"jetpack_featured_media_url":"https:\/\/i0.wp.com\/blogdoeloiltoncajuhy.com.br\/site\/wp-content\/uploads\/2022\/06\/Photo_Pinterest-16062022.jpg?fit=564%2C1003&ssl=1","jetpack_sharing_enabled":true,"publishpress_future_workflow_manual_trigger":{"enabledWorkflows":[]},"_links":{"self":[{"href":"https:\/\/blogdoeloiltoncajuhy.com.br\/site\/wp-json\/wp\/v2\/posts\/65915","targetHints":{"allow":["GET"]}}],"collection":[{"href":"https:\/\/blogdoeloiltoncajuhy.com.br\/site\/wp-json\/wp\/v2\/posts"}],"about":[{"href":"https:\/\/blogdoeloiltoncajuhy.com.br\/site\/wp-json\/wp\/v2\/types\/post"}],"author":[{"embeddable":true,"href":"https:\/\/blogdoeloiltoncajuhy.com.br\/site\/wp-json\/wp\/v2\/users\/2"}],"replies":[{"embeddable":true,"href":"https:\/\/blogdoeloiltoncajuhy.com.br\/site\/wp-json\/wp\/v2\/comments?post=65915"}],"version-history":[{"count":2,"href":"https:\/\/blogdoeloiltoncajuhy.com.br\/site\/wp-json\/wp\/v2\/posts\/65915\/revisions"}],"predecessor-version":[{"id":65918,"href":"https:\/\/blogdoeloiltoncajuhy.com.br\/site\/wp-json\/wp\/v2\/posts\/65915\/revisions\/65918"}],"wp:featuredmedia":[{"embeddable":true,"href":"https:\/\/blogdoeloiltoncajuhy.com.br\/site\/wp-json\/wp\/v2\/media\/65916"}],"wp:attachment":[{"href":"https:\/\/blogdoeloiltoncajuhy.com.br\/site\/wp-json\/wp\/v2\/media?parent=65915"}],"wp:term":[{"taxonomy":"category","embeddable":true,"href":"https:\/\/blogdoeloiltoncajuhy.com.br\/site\/wp-json\/wp\/v2\/categories?post=65915"},{"taxonomy":"post_tag","embeddable":true,"href":"https:\/\/blogdoeloiltoncajuhy.com.br\/site\/wp-json\/wp\/v2\/tags?post=65915"}],"curies":[{"name":"wp","href":"https:\/\/api.w.org\/{rel}","templated":true}]}}