{"id":65908,"date":"2022-06-16T19:18:47","date_gmt":"2022-06-16T22:18:47","guid":{"rendered":"http:\/\/blogdoeloiltoncajuhy.com.br\/site\/?p=65908"},"modified":"2022-06-16T19:18:48","modified_gmt":"2022-06-16T22:18:48","slug":"simaria-anuncia-que-dara-tempo-na-carreira-para-cuidar-da-minha-saude","status":"publish","type":"post","link":"https:\/\/blogdoeloiltoncajuhy.com.br\/site\/simaria-anuncia-que-dara-tempo-na-carreira-para-cuidar-da-minha-saude\/","title":{"rendered":"Simaria anuncia que dar\u00e1 tempo na carreira: &#8220;Para cuidar da minha sa\u00fade&#8221;"},"content":{"rendered":"\n<p class=\"has-text-align-center has-medium-font-size\"><em>Cantora, que completa 40 anos nesta quinta-feira (16), n\u00e3o poder\u00e1 cumprir a agenda de shows por determina\u00e7\u00e3o m\u00e9dica<\/em><\/p>\n\n\n\n<figure class=\"wp-block-image aligncenter size-full is-resized\"><a href=\"https:\/\/i0.wp.com\/blogdoeloiltoncajuhy.com.br\/site\/wp-content\/uploads\/2022\/06\/Simaria-16062022.webp\"><img data-recalc-dims=\"1\" fetchpriority=\"high\" decoding=\"async\" src=\"https:\/\/i0.wp.com\/blogdoeloiltoncajuhy.com.br\/site\/wp-content\/uploads\/2022\/06\/Simaria-16062022.webp?resize=679%2C452\" alt=\"\" class=\"wp-image-65909\" width=\"679\" height=\"452\" srcset=\"https:\/\/i0.wp.com\/blogdoeloiltoncajuhy.com.br\/site\/wp-content\/uploads\/2022\/06\/Simaria-16062022.webp?w=620&amp;ssl=1 620w, https:\/\/i0.wp.com\/blogdoeloiltoncajuhy.com.br\/site\/wp-content\/uploads\/2022\/06\/Simaria-16062022.webp?resize=300%2C200&amp;ssl=1 300w\" sizes=\"(max-width: 679px) 100vw, 679px\" \/><\/a><figcaption><sub>Simaria &#8211; Foto: Caio Duran e Thiago Duran\/BrazilNews<\/sub><\/figcaption><\/figure>\n\n\n\n<p>Simaria dar\u00e1 um tempo na carreira de cantora. Em comunicado oficial da assessoria de imprensa da dupla Simone &amp; Simaria, enviado em primeira m\u00e3o \u00e0 <strong>Quem<\/strong>, nesta quinta-feira (16), \u00e9 informado que a artista ir\u00e1 se afastar dos palcos para cuidar da sua sa\u00fade, e que Simone cumprir\u00e1 a agenda de shows sozinha.<\/p>\n\n\n\n<p>&#8220;A RSS Produ\u00e7\u00f5es Art\u00edsticas e Entretenimento, escrit\u00f3rio respons\u00e1vel pelo gerenciamento da carreira de Simone e Simaria, comunica que Simaria Mendes, por determina\u00e7\u00e3o m\u00e9dica, n\u00e3o poder\u00e1 cumprir a agenda de compromissos (shows)&#8221;. Em recado aos contratantes e f\u00e3s Simaria disse: &#8216;Meus amores, cantar \u00e9 tudo que mais amo, mas neste momento preciso me afastar dos palcos para cuidar da minha sa\u00fade. Certa de que vamos nos reencontrar, em breve, sejam a segunda voz de minha irm\u00e3, Simone, na minha aus\u00eancia. Em breve nos reencontramos&#8217;. &#8220;Todos os compromissos da dupla Simone &amp; Simaria ser\u00e3o cumpridos pela artista Simone Mendes&#8221;.<\/p>\n\n\n\n<p>Simaria escolheu uma forma bem diferente do fest\u00e3o realizado na \u00faltima segunda-feira (13) para passar a madrugada de virada do seu anivers\u00e1rio de 40 anos, nesta quinta-feira (16). Depois do evento para 800 convidados, em que ela literalmente dan\u00e7ou at\u00e9 o ch\u00e3o e chegou a criticar a irm\u00e3, Simone, nos bastidores do evento, a cantora convidou as pastoras, Glaucy Cunha e Rosenil Cardoso, para uma celebra\u00e7\u00e3o crist\u00e3.<\/p>\n\n\n\n<p>&#8220;Como est\u00e1 sendo o meu anivers\u00e1rio n\u00e9, pastora? N\u00f3s celebramos na ben\u00e7\u00e3o de Deus e com pessoas que a gente ama muito&#8221;, declarou a aniversariante mostrando as religiosas. As duas s\u00e3o de congrega\u00e7\u00f5es da ala conservadora da igreja evang\u00e9lica.<\/p>\n\n\n\n<figure class=\"wp-block-image aligncenter size-full\"><a href=\"https:\/\/i0.wp.com\/blogdoeloiltoncajuhy.com.br\/site\/wp-content\/uploads\/2022\/06\/Simaria-16062022-02.webp\"><img data-recalc-dims=\"1\" decoding=\"async\" width=\"620\" height=\"466\" src=\"https:\/\/i0.wp.com\/blogdoeloiltoncajuhy.com.br\/site\/wp-content\/uploads\/2022\/06\/Simaria-16062022-02.webp?resize=620%2C466\" alt=\"\" class=\"wp-image-65910\" srcset=\"https:\/\/i0.wp.com\/blogdoeloiltoncajuhy.com.br\/site\/wp-content\/uploads\/2022\/06\/Simaria-16062022-02.webp?w=620&amp;ssl=1 620w, https:\/\/i0.wp.com\/blogdoeloiltoncajuhy.com.br\/site\/wp-content\/uploads\/2022\/06\/Simaria-16062022-02.webp?resize=300%2C225&amp;ssl=1 300w\" sizes=\"(max-width: 620px) 100vw, 620px\" \/><\/a><figcaption><sub>Simaria &#8211; Foto: Caio Duran e Thiago Duran\/BrazilNews<\/sub><\/figcaption><\/figure>\n\n\n\n<p>Pelos v\u00eddeos compartilhados no Stories, Simone n\u00e3o estava presente na comemora\u00e7\u00e3o mais \u00edntima. Na festa do Village JK, na Vila Ol\u00edmpia, em S\u00e3o Paulo, Simaria entrou cantando ao lado da irm\u00e3 e depois desabafou que estava cansada de ser recriminada e que passou a ser ela mesma com a chegada da nova idade.<\/p>\n\n\n\n<p>&#8220;Eu realmente estou podendo ser a Simaria que eu sou de verdade, com um peito saindo para fora do decote. O peito pula e eu pulo junto. Eu n\u00e3o estou nem a\u00ed. Falo a besteira que eu falo, esculhambando. Isso \u00e9 alegria. \u00c9 assim que eu chego nos lugares e as pessoas adoram\u2026 Estou muito feliz de poder estar compartilhando essas verdades com voc\u00eas e mostrar quem eu sou de verdade\u2026 N\u00e3o \u00e9 toda mulher que tem culh\u00e3o para mostrar toda essa sensualidade, for\u00e7a que tenho&#8221;, disparou.<\/p>\n\n\n\n<p>Enquanto isso, Simone ficou sentada escutando a irm\u00e3 no fundo do palco. Ap\u00f3s o show e a prega\u00e7\u00e3o de Simaria, Simone deixou a festa com o marido, Kak\u00e1 Diniz, e o filho, Henry, e a m\u00e3e, dona Mara. Antes de seguir no carro, ela parou para falar com Quem e desejar felicidades a irm\u00e3 mais velha: &#8220;Que venham mil anos de muita sa\u00fade, felicidade e paz. Toda sorte na vida dela e que ela continue linda e radiante. Te amo, minha irm\u00e3&#8221;.<\/p>\n\n\n\n<p>J\u00e1 Kak\u00e1 comentou sobre as pol\u00eamicas com a cunhada e disse que jamais iria expor a fam\u00edlia mandando indireta nas redes sociais: &#8220;Tenho 10 anos de casado e nunca soltei indireta em rede social. Hoje que vou soltar [indireta]? As pessoas distorcem mesmo, pegam aquele contexto. O algoritmo da rede social sempre entende que a pol\u00eamica \u00e9 algo mais sugestivo, porque voc\u00ea ati\u00e7a as outras pessoas que querem gerar pol\u00eamica e as pessoas come\u00e7am a argumentar. Tem gente que hypa nisso&#8221;.<\/p>\n\n\n\n<figure class=\"wp-block-image aligncenter size-full\"><a href=\"https:\/\/i0.wp.com\/blogdoeloiltoncajuhy.com.br\/site\/wp-content\/uploads\/2022\/06\/Simaria-e-Simone-16062022.webp\"><img data-recalc-dims=\"1\" decoding=\"async\" width=\"620\" height=\"520\" src=\"https:\/\/i0.wp.com\/blogdoeloiltoncajuhy.com.br\/site\/wp-content\/uploads\/2022\/06\/Simaria-e-Simone-16062022.webp?resize=620%2C520\" alt=\"\" class=\"wp-image-65911\" srcset=\"https:\/\/i0.wp.com\/blogdoeloiltoncajuhy.com.br\/site\/wp-content\/uploads\/2022\/06\/Simaria-e-Simone-16062022.webp?w=620&amp;ssl=1 620w, https:\/\/i0.wp.com\/blogdoeloiltoncajuhy.com.br\/site\/wp-content\/uploads\/2022\/06\/Simaria-e-Simone-16062022.webp?resize=300%2C252&amp;ssl=1 300w\" sizes=\"(max-width: 620px) 100vw, 620px\" \/><\/a><figcaption><sub>Simaria e Simone &#8211; Foto: Caio Duran e Thiago Duran\/BrazilNews<\/sub><\/figcaption><\/figure>\n\n\n\n<p>Ao colunista L\u00e9o Dias, Simaria foi mais enf\u00e1tica e afirmou o desgaste com a irm\u00e3 enquanto se arrumava para o grande dia. &#8220;Nada. S\u00f3 a Simaria sendo ela de verdade, coisa que eu nunca pude ser na minha vida\u2026 Todo irm\u00e3o briga. Estou cansada de muito trabalho, muita responsabilidade nas minhas costas\u2026 O caminho que eu decidi seguir para mim, mesmo que todos me digam que est\u00e1 errado, \u00e9 o certo&#8221;, acredita.<\/p>\n\n\n\n<p>A aniversariante ainda falou das personalidades distintas das duas. &#8220;Uma empreendedora e outra est\u00e1 tudo bem\u2026 N\u00e3o \u00e9 toda mulher que tem um saco do tamanho do meu, n\u00e3o. Voc\u00ea acha que estou ligando para o que as pessoas est\u00e3o falando\u2026 Sabe a parte do Ratinho? Foi meu grito de socorro. Porque tudo que vou fazer sou recriminada pela Simone. Sabe o que \u00e9 passar 30 e poucos anos sendo mandada calar a boca?&#8221;, revelou.<\/p>\n\n\n\n<p class=\"has-black-color has-text-color has-medium-font-size\"><strong>Simaria se emocionou muito em sua festa<\/strong><\/p>\n\n\n\n<figure class=\"wp-block-image aligncenter size-full is-resized\"><a href=\"https:\/\/i0.wp.com\/blogdoeloiltoncajuhy.com.br\/site\/wp-content\/uploads\/2022\/06\/simone_e_simaria_31.webp\"><img data-recalc-dims=\"1\" loading=\"lazy\" decoding=\"async\" src=\"https:\/\/i0.wp.com\/blogdoeloiltoncajuhy.com.br\/site\/wp-content\/uploads\/2022\/06\/simone_e_simaria_31.webp?resize=465%2C600\" alt=\"\" class=\"wp-image-65912\" width=\"465\" height=\"600\" srcset=\"https:\/\/i0.wp.com\/blogdoeloiltoncajuhy.com.br\/site\/wp-content\/uploads\/2022\/06\/simone_e_simaria_31.webp?w=620&amp;ssl=1 620w, https:\/\/i0.wp.com\/blogdoeloiltoncajuhy.com.br\/site\/wp-content\/uploads\/2022\/06\/simone_e_simaria_31.webp?resize=233%2C300&amp;ssl=1 233w\" sizes=\"(max-width: 465px) 100vw, 465px\" \/><\/a><figcaption><sub>Simaria e os filhos &#8211; Foto: Leo Franco e Bruno Ulivieri\/Agnews<\/sub><\/figcaption><\/figure>\n\n\n\n<p>Visivelmente sens\u00edvel, Simaria chegou a chorar em diversos momentos em sua festa enquanto recebia o carinho dos filhos, Giovanna, de 9 anos, e Pawel, de 6, e quando reencontrou com seus amigos de escola. A cantora relembrou a sua inf\u00e2ncia pobre no interior da Bahia com a fam\u00edlia e de como precisou da ajuda deles at\u00e9 para comer. A artista ficou t\u00e3o comovida que esqueceu de cantar parab\u00e9ns e cortar o bolo de cinco andares.<\/p>\n\n\n\n<p class=\"has-black-color has-text-color has-medium-font-size\"><strong>Separa\u00e7\u00e3o de Simaria<\/strong><\/p>\n\n\n\n<p>Segundo amigos pr\u00f3ximos a Simaria, ela tem resgatado as amizades antigas e dado ainda mais valor para as coisas simples ap\u00f3s sua conturbada separa\u00e7\u00e3o do espanhol Vicente Escrig, pai de seus filhos. Tamb\u00e9m ao L\u00e9o Dias, a artista falou como decidiu divorciar do ex-companheiro. &#8220;J\u00e1 tinha me separado dele uma vez, quando fiquei gr\u00e1vida do Pawel, que eu tive a primeira tuberculose e n\u00e3o tive um parceiro dentro de casa&#8221;, disse. Mas a decis\u00e3o definitiva veio no Dia dos Namorados de 2021, ap\u00f3s um jantar rom\u00e2ntico dos dois.<\/p>\n\n\n\n<p>&#8220;Perdi a admira\u00e7\u00e3o. Sabe quando voc\u00ea olha um homem e n\u00e3o sente nada demais?! Nossa vidas eram diferentes demais\u2026 Cara contratei o povo e mandava o povo embora (na pandemia) e fazia tudo dentro de casa. Quando voc\u00ea trabalha, voc\u00ea precisa de uma equipe em casa para te ajudar a fazer as coisas e ele ficava l\u00e1 parado e n\u00e3o fazia nada. Eu comecei a observar. Fiquei 10 meses observando\u2026 A\u00ed, ele chamou para jantar no Dia dos Namorados\u2026 Minha decis\u00e3o j\u00e1 estava formada\u2026 Ele percebeu que eu estava estranha e eu disse: &#8216;A \u00fanica certeza que tenho na minha vida \u00e9 que eu n\u00e3o quero mais voc\u00ea&#8221;, relatou ela, que completou: &#8220;Foi libertador, sempre sonhei em morar sozinha&#8221;.<\/p>\n","protected":false},"excerpt":{"rendered":"<p>Cantora, que completa 40 anos nesta quinta-feira (16), n\u00e3o poder\u00e1 cumprir a agenda de shows por determina\u00e7\u00e3o m\u00e9dica Simaria dar\u00e1 um tempo na carreira de cantora. Em comunicado oficial da assessoria de imprensa da dupla Simone &amp; Simaria, enviado em primeira m\u00e3o \u00e0 Quem, nesta quinta-feira (16), \u00e9 informado que a artista ir\u00e1 se afastar [&hellip;]<\/p>\n","protected":false},"author":2,"featured_media":65909,"comment_status":"open","ping_status":"open","sticky":false,"template":"","format":"standard","meta":{"_acf_changed":false,"_monsterinsights_skip_tracking":false,"_monsterinsights_sitenote_active":false,"_monsterinsights_sitenote_note":"","_monsterinsights_sitenote_category":0,"_jetpack_memberships_contains_paid_content":false,"footnotes":"","jetpack_publicize_message":"","jetpack_publicize_feature_enabled":true,"jetpack_social_post_already_shared":true,"jetpack_social_options":{"image_generator_settings":{"template":"highway","default_image_id":0,"font":"","enabled":false},"version":2}},"categories":[8],"tags":[],"class_list":["post-65908","post","type-post","status-publish","format-standard","has-post-thumbnail","hentry","category-cultura"],"acf":[],"jetpack_publicize_connections":[],"jetpack_featured_media_url":"https:\/\/i0.wp.com\/blogdoeloiltoncajuhy.com.br\/site\/wp-content\/uploads\/2022\/06\/Simaria-16062022.webp?fit=620%2C413&ssl=1","jetpack_sharing_enabled":true,"publishpress_future_workflow_manual_trigger":{"enabledWorkflows":[]},"_links":{"self":[{"href":"https:\/\/blogdoeloiltoncajuhy.com.br\/site\/wp-json\/wp\/v2\/posts\/65908","targetHints":{"allow":["GET"]}}],"collection":[{"href":"https:\/\/blogdoeloiltoncajuhy.com.br\/site\/wp-json\/wp\/v2\/posts"}],"about":[{"href":"https:\/\/blogdoeloiltoncajuhy.com.br\/site\/wp-json\/wp\/v2\/types\/post"}],"author":[{"embeddable":true,"href":"https:\/\/blogdoeloiltoncajuhy.com.br\/site\/wp-json\/wp\/v2\/users\/2"}],"replies":[{"embeddable":true,"href":"https:\/\/blogdoeloiltoncajuhy.com.br\/site\/wp-json\/wp\/v2\/comments?post=65908"}],"version-history":[{"count":2,"href":"https:\/\/blogdoeloiltoncajuhy.com.br\/site\/wp-json\/wp\/v2\/posts\/65908\/revisions"}],"predecessor-version":[{"id":65914,"href":"https:\/\/blogdoeloiltoncajuhy.com.br\/site\/wp-json\/wp\/v2\/posts\/65908\/revisions\/65914"}],"wp:featuredmedia":[{"embeddable":true,"href":"https:\/\/blogdoeloiltoncajuhy.com.br\/site\/wp-json\/wp\/v2\/media\/65909"}],"wp:attachment":[{"href":"https:\/\/blogdoeloiltoncajuhy.com.br\/site\/wp-json\/wp\/v2\/media?parent=65908"}],"wp:term":[{"taxonomy":"category","embeddable":true,"href":"https:\/\/blogdoeloiltoncajuhy.com.br\/site\/wp-json\/wp\/v2\/categories?post=65908"},{"taxonomy":"post_tag","embeddable":true,"href":"https:\/\/blogdoeloiltoncajuhy.com.br\/site\/wp-json\/wp\/v2\/tags?post=65908"}],"curies":[{"name":"wp","href":"https:\/\/api.w.org\/{rel}","templated":true}]}}