{"id":65894,"date":"2022-06-16T11:40:17","date_gmt":"2022-06-16T14:40:17","guid":{"rendered":"http:\/\/blogdoeloiltoncajuhy.com.br\/site\/?p=65894"},"modified":"2022-06-16T11:40:18","modified_gmt":"2022-06-16T14:40:18","slug":"com-muita-alegria-andorinha-celebra-seu-aniversario-de-33-anos","status":"publish","type":"post","link":"https:\/\/blogdoeloiltoncajuhy.com.br\/site\/com-muita-alegria-andorinha-celebra-seu-aniversario-de-33-anos\/","title":{"rendered":"Com muita alegria Andorinha celebra seu anivers\u00e1rio de 33 anos"},"content":{"rendered":"\n<figure class=\"wp-block-image aligncenter size-large\"><a href=\"https:\/\/i0.wp.com\/blogdoeloiltoncajuhy.com.br\/site\/wp-content\/uploads\/2022\/06\/PMA_Andorinha-33-anos-02.png\"><img data-recalc-dims=\"1\" fetchpriority=\"high\" decoding=\"async\" width=\"800\" height=\"448\" src=\"https:\/\/i0.wp.com\/blogdoeloiltoncajuhy.com.br\/site\/wp-content\/uploads\/2022\/06\/PMA_Andorinha-33-anos-02.png?resize=800%2C448\" alt=\"\" class=\"wp-image-65895\" srcset=\"https:\/\/i0.wp.com\/blogdoeloiltoncajuhy.com.br\/site\/wp-content\/uploads\/2022\/06\/PMA_Andorinha-33-anos-02.png?resize=1024%2C573&amp;ssl=1 1024w, https:\/\/i0.wp.com\/blogdoeloiltoncajuhy.com.br\/site\/wp-content\/uploads\/2022\/06\/PMA_Andorinha-33-anos-02.png?resize=300%2C168&amp;ssl=1 300w, https:\/\/i0.wp.com\/blogdoeloiltoncajuhy.com.br\/site\/wp-content\/uploads\/2022\/06\/PMA_Andorinha-33-anos-02.png?resize=768%2C430&amp;ssl=1 768w, https:\/\/i0.wp.com\/blogdoeloiltoncajuhy.com.br\/site\/wp-content\/uploads\/2022\/06\/PMA_Andorinha-33-anos-02.png?w=1276&amp;ssl=1 1276w\" sizes=\"(max-width: 800px) 100vw, 800px\" \/><\/a><\/figure>\n\n\n\n<p>Andorinha completou 33 anos de emancipa\u00e7\u00e3o pol\u00edtica na \u00faltima segunda-feira (13), com as comemora\u00e7\u00f5es antecipadas para o \u00faltimo domingo (12), com grande evento. A prefeitura, atrav\u00e9s da Secretaria de Cultura, Desporto e Turismo, proporcionou um domingo de muita festividade e divers\u00e3o para os andorinhenses e visitantes.<\/p>\n\n\n\n<p>As comemora\u00e7\u00f5es iniciaram bem cedo, \u00e0s 06h, com muito esporte. Atletas e amadores participaram da Corrida R\u00fastica, que trouxe gente de diversas partes da Bahia. \u00c0s 07h foi dada a largada para o 1\u00ba Encontro de Ciclistas de Andorinha, continuamos a manh\u00e3 de celebra\u00e7\u00e3o do anivers\u00e1rio da cidade com o momento religioso, quando foi celebrada missa solene na Igreja Matriz e depois momento c\u00edvico e desfile da Fanfarra do Col\u00e9gio Estadual de Andorinha, com hasteamento das bandeiras.<\/p>\n\n\n\n<figure class=\"wp-block-image aligncenter size-large\"><a href=\"https:\/\/i0.wp.com\/blogdoeloiltoncajuhy.com.br\/site\/wp-content\/uploads\/2022\/06\/PMA_Andorinha-33-anos-03.png\"><img data-recalc-dims=\"1\" decoding=\"async\" width=\"800\" height=\"449\" src=\"https:\/\/i0.wp.com\/blogdoeloiltoncajuhy.com.br\/site\/wp-content\/uploads\/2022\/06\/PMA_Andorinha-33-anos-03.png?resize=800%2C449\" alt=\"\" class=\"wp-image-65896\" srcset=\"https:\/\/i0.wp.com\/blogdoeloiltoncajuhy.com.br\/site\/wp-content\/uploads\/2022\/06\/PMA_Andorinha-33-anos-03.png?resize=1024%2C575&amp;ssl=1 1024w, https:\/\/i0.wp.com\/blogdoeloiltoncajuhy.com.br\/site\/wp-content\/uploads\/2022\/06\/PMA_Andorinha-33-anos-03.png?resize=300%2C168&amp;ssl=1 300w, https:\/\/i0.wp.com\/blogdoeloiltoncajuhy.com.br\/site\/wp-content\/uploads\/2022\/06\/PMA_Andorinha-33-anos-03.png?resize=768%2C431&amp;ssl=1 768w, https:\/\/i0.wp.com\/blogdoeloiltoncajuhy.com.br\/site\/wp-content\/uploads\/2022\/06\/PMA_Andorinha-33-anos-03.png?w=1274&amp;ssl=1 1274w\" sizes=\"(max-width: 800px) 100vw, 800px\" \/><\/a><\/figure>\n\n\n\n<p>A tarde de domingo tamb\u00e9m foi bem movimentada. No Povoado de Caldeir\u00e3o da Vaca houve a disputa final da Copa Rural Andorinhense 2022 e desfile para escolha da Musa da competi\u00e7\u00e3o, atraindo muitos torcedores para prestigiar o jogo e grande plateia para o desfile.<\/p>\n\n\n\n<p>A Copa Rural teve como time campe\u00e3o o S\u00edtio do A\u00e7ude e vice a equipe de Coxo. Caldeir\u00e3o da Vaca ficou com terceiro lugar. Logo ap\u00f3s os jogos, Lilian Maria dos Santos, representante da equipe de Izaura foi eleita Musa da Copa Rural 2022.<\/p>\n\n\n\n<p>A noite foi de muita festa dan\u00e7ante na Pra\u00e7a P\u00fablica, passando pelo palco de eventos grandes atra\u00e7\u00f5es. Dom Avelar iniciou a noite com as serestas mais conhecidas pelo p\u00fablico, seguido pela apresenta\u00e7\u00e3o de forr\u00f3 de Drikka Martins. Logo depois, banda Destak Samba, Paulo Henrique que apaixonou e encantou o p\u00fablico, e, fechando a noite, Mirella e Lenno fizeram um show para Andorinha jamais esquecer.<\/p>\n\n\n\n<figure class=\"wp-block-image aligncenter size-large\"><a href=\"https:\/\/i0.wp.com\/blogdoeloiltoncajuhy.com.br\/site\/wp-content\/uploads\/2022\/06\/PMA_Andorinha-33-anos-04.png\"><img data-recalc-dims=\"1\" decoding=\"async\" width=\"800\" height=\"446\" src=\"https:\/\/i0.wp.com\/blogdoeloiltoncajuhy.com.br\/site\/wp-content\/uploads\/2022\/06\/PMA_Andorinha-33-anos-04.png?resize=800%2C446\" alt=\"\" class=\"wp-image-65897\" srcset=\"https:\/\/i0.wp.com\/blogdoeloiltoncajuhy.com.br\/site\/wp-content\/uploads\/2022\/06\/PMA_Andorinha-33-anos-04.png?resize=1024%2C571&amp;ssl=1 1024w, https:\/\/i0.wp.com\/blogdoeloiltoncajuhy.com.br\/site\/wp-content\/uploads\/2022\/06\/PMA_Andorinha-33-anos-04.png?resize=300%2C167&amp;ssl=1 300w, https:\/\/i0.wp.com\/blogdoeloiltoncajuhy.com.br\/site\/wp-content\/uploads\/2022\/06\/PMA_Andorinha-33-anos-04.png?resize=768%2C428&amp;ssl=1 768w, https:\/\/i0.wp.com\/blogdoeloiltoncajuhy.com.br\/site\/wp-content\/uploads\/2022\/06\/PMA_Andorinha-33-anos-04.png?w=1276&amp;ssl=1 1276w\" sizes=\"(max-width: 800px) 100vw, 800px\" \/><\/a><\/figure>\n\n\n\n<p>Estiveram presentes para prestigiar o anivers\u00e1rio de Andorinha, o deputado estadual Euclides Fernandes; o ex-prefeito de Senhor do Bonfim e ex-deputado estadual, Miguel Abra\u00e3o; ex-prefeito de Jequi\u00e9, S\u00e9rgio da Gameleira; prefeito Jo\u00e3o Fernando Alves de Jiquiri\u00e7\u00e1, autoridades do munic\u00edpio e povo em geral.<\/p>\n\n\n\n<figure class=\"wp-block-embed aligncenter is-type-video is-provider-youtube wp-block-embed-youtube wp-embed-aspect-16-9 wp-has-aspect-ratio\"><div class=\"wp-block-embed__wrapper\">\n<iframe title=\"Anivers\u00e1rio de Andorinha   33 anos\" width=\"800\" height=\"450\" src=\"https:\/\/www.youtube.com\/embed\/hRPv_PmehtY?feature=oembed\" frameborder=\"0\" allow=\"accelerometer; autoplay; clipboard-write; encrypted-media; gyroscope; picture-in-picture\" allowfullscreen><\/iframe>\n<\/div><figcaption>Assista ao v\u00eddeo produzido pela Assessoria de Comunica\u00e7\u00e3o da Prefeitura de Andorinha com imagens da festa e mensagem do Prefeito Renato Brand\u00e3o<\/figcaption><\/figure>\n\n\n\n<figure class=\"wp-block-image aligncenter size-large\"><a href=\"https:\/\/i0.wp.com\/blogdoeloiltoncajuhy.com.br\/site\/wp-content\/uploads\/2022\/06\/PMA_Andorinha-33-anos-05.png\"><img data-recalc-dims=\"1\" loading=\"lazy\" decoding=\"async\" width=\"800\" height=\"446\" src=\"https:\/\/i0.wp.com\/blogdoeloiltoncajuhy.com.br\/site\/wp-content\/uploads\/2022\/06\/PMA_Andorinha-33-anos-05.png?resize=800%2C446\" alt=\"\" class=\"wp-image-65898\" srcset=\"https:\/\/i0.wp.com\/blogdoeloiltoncajuhy.com.br\/site\/wp-content\/uploads\/2022\/06\/PMA_Andorinha-33-anos-05.png?resize=1024%2C571&amp;ssl=1 1024w, https:\/\/i0.wp.com\/blogdoeloiltoncajuhy.com.br\/site\/wp-content\/uploads\/2022\/06\/PMA_Andorinha-33-anos-05.png?resize=300%2C167&amp;ssl=1 300w, https:\/\/i0.wp.com\/blogdoeloiltoncajuhy.com.br\/site\/wp-content\/uploads\/2022\/06\/PMA_Andorinha-33-anos-05.png?resize=768%2C428&amp;ssl=1 768w, https:\/\/i0.wp.com\/blogdoeloiltoncajuhy.com.br\/site\/wp-content\/uploads\/2022\/06\/PMA_Andorinha-33-anos-05.png?w=1276&amp;ssl=1 1276w\" sizes=\"(max-width: 800px) 100vw, 800px\" \/><\/a><\/figure>\n","protected":false},"excerpt":{"rendered":"<p>Andorinha completou 33 anos de emancipa\u00e7\u00e3o pol\u00edtica na \u00faltima segunda-feira (13), com as comemora\u00e7\u00f5es antecipadas para o \u00faltimo domingo (12), com grande evento. A prefeitura, atrav\u00e9s da Secretaria de Cultura, Desporto e Turismo, proporcionou um domingo de muita festividade e divers\u00e3o para os andorinhenses e visitantes. As comemora\u00e7\u00f5es iniciaram bem cedo, \u00e0s 06h, com muito [&hellip;]<\/p>\n","protected":false},"author":2,"featured_media":65899,"comment_status":"open","ping_status":"open","sticky":false,"template":"","format":"standard","meta":{"_acf_changed":false,"_monsterinsights_skip_tracking":false,"_monsterinsights_sitenote_active":false,"_monsterinsights_sitenote_note":"","_monsterinsights_sitenote_category":0,"_jetpack_memberships_contains_paid_content":false,"footnotes":"","jetpack_publicize_message":"","jetpack_publicize_feature_enabled":true,"jetpack_social_post_already_shared":true,"jetpack_social_options":{"image_generator_settings":{"template":"highway","default_image_id":0,"font":"","enabled":false},"version":2}},"categories":[11],"tags":[],"class_list":["post-65894","post","type-post","status-publish","format-standard","has-post-thumbnail","hentry","category-regional"],"acf":[],"jetpack_publicize_connections":[],"jetpack_featured_media_url":"https:\/\/i0.wp.com\/blogdoeloiltoncajuhy.com.br\/site\/wp-content\/uploads\/2022\/06\/PMA_Andorinha-33-anos-01.png?fit=1279%2C616&ssl=1","jetpack_sharing_enabled":true,"publishpress_future_workflow_manual_trigger":{"enabledWorkflows":[]},"_links":{"self":[{"href":"https:\/\/blogdoeloiltoncajuhy.com.br\/site\/wp-json\/wp\/v2\/posts\/65894","targetHints":{"allow":["GET"]}}],"collection":[{"href":"https:\/\/blogdoeloiltoncajuhy.com.br\/site\/wp-json\/wp\/v2\/posts"}],"about":[{"href":"https:\/\/blogdoeloiltoncajuhy.com.br\/site\/wp-json\/wp\/v2\/types\/post"}],"author":[{"embeddable":true,"href":"https:\/\/blogdoeloiltoncajuhy.com.br\/site\/wp-json\/wp\/v2\/users\/2"}],"replies":[{"embeddable":true,"href":"https:\/\/blogdoeloiltoncajuhy.com.br\/site\/wp-json\/wp\/v2\/comments?post=65894"}],"version-history":[{"count":1,"href":"https:\/\/blogdoeloiltoncajuhy.com.br\/site\/wp-json\/wp\/v2\/posts\/65894\/revisions"}],"predecessor-version":[{"id":65900,"href":"https:\/\/blogdoeloiltoncajuhy.com.br\/site\/wp-json\/wp\/v2\/posts\/65894\/revisions\/65900"}],"wp:featuredmedia":[{"embeddable":true,"href":"https:\/\/blogdoeloiltoncajuhy.com.br\/site\/wp-json\/wp\/v2\/media\/65899"}],"wp:attachment":[{"href":"https:\/\/blogdoeloiltoncajuhy.com.br\/site\/wp-json\/wp\/v2\/media?parent=65894"}],"wp:term":[{"taxonomy":"category","embeddable":true,"href":"https:\/\/blogdoeloiltoncajuhy.com.br\/site\/wp-json\/wp\/v2\/categories?post=65894"},{"taxonomy":"post_tag","embeddable":true,"href":"https:\/\/blogdoeloiltoncajuhy.com.br\/site\/wp-json\/wp\/v2\/tags?post=65894"}],"curies":[{"name":"wp","href":"https:\/\/api.w.org\/{rel}","templated":true}]}}