{"id":65881,"date":"2022-06-16T10:19:35","date_gmt":"2022-06-16T13:19:35","guid":{"rendered":"http:\/\/blogdoeloiltoncajuhy.com.br\/site\/?p=65881"},"modified":"2022-06-16T10:19:37","modified_gmt":"2022-06-16T13:19:37","slug":"andorinha-renato-brandao-inaugura-consultorio-odontologico-em-riacho-seco","status":"publish","type":"post","link":"https:\/\/blogdoeloiltoncajuhy.com.br\/site\/andorinha-renato-brandao-inaugura-consultorio-odontologico-em-riacho-seco\/","title":{"rendered":"Andorinha: Renato Brand\u00e3o inaugura consult\u00f3rio odontol\u00f3gico em Riacho Seco"},"content":{"rendered":"\n<figure class=\"wp-block-image aligncenter size-large\"><a href=\"https:\/\/i0.wp.com\/blogdoeloiltoncajuhy.com.br\/site\/wp-content\/uploads\/2022\/06\/PMA_Inauguracao-Consultorio-Odontlogico-Riacho-Seco-16062022-01.jpeg\"><img data-recalc-dims=\"1\" fetchpriority=\"high\" decoding=\"async\" width=\"800\" height=\"533\" src=\"https:\/\/i0.wp.com\/blogdoeloiltoncajuhy.com.br\/site\/wp-content\/uploads\/2022\/06\/PMA_Inauguracao-Consultorio-Odontlogico-Riacho-Seco-16062022-01.jpeg?resize=800%2C533\" alt=\"\" class=\"wp-image-65882\" srcset=\"https:\/\/i0.wp.com\/blogdoeloiltoncajuhy.com.br\/site\/wp-content\/uploads\/2022\/06\/PMA_Inauguracao-Consultorio-Odontlogico-Riacho-Seco-16062022-01.jpeg?resize=1024%2C682&amp;ssl=1 1024w, https:\/\/i0.wp.com\/blogdoeloiltoncajuhy.com.br\/site\/wp-content\/uploads\/2022\/06\/PMA_Inauguracao-Consultorio-Odontlogico-Riacho-Seco-16062022-01.jpeg?resize=300%2C200&amp;ssl=1 300w, https:\/\/i0.wp.com\/blogdoeloiltoncajuhy.com.br\/site\/wp-content\/uploads\/2022\/06\/PMA_Inauguracao-Consultorio-Odontlogico-Riacho-Seco-16062022-01.jpeg?resize=768%2C512&amp;ssl=1 768w, https:\/\/i0.wp.com\/blogdoeloiltoncajuhy.com.br\/site\/wp-content\/uploads\/2022\/06\/PMA_Inauguracao-Consultorio-Odontlogico-Riacho-Seco-16062022-01.jpeg?w=1280&amp;ssl=1 1280w\" sizes=\"(max-width: 800px) 100vw, 800px\" \/><\/a><\/figure>\n\n\n\n<p>O Prefeito Renato Brand\u00e3o esteve na comunidade do Riacho Seco, para inaugurar o consult\u00f3rio odontol\u00f3gico, que contou com o apoio do deputado estadual Euclides Fernandes, o qual concedeu o equipamento que ir\u00e1 garantir o atendimento \u00e0 popula\u00e7\u00e3o.<\/p>\n\n\n\n<p>A partir do dia 21 de junho, o consult\u00f3rio j\u00e1 estar\u00e1 realizando atendimento. A partir desta data, a popula\u00e7\u00e3o ser\u00e1 atendida \u00e0s quartas, quintas e sextas-feiras. Na oportunidade, o gestor tamb\u00e9m entregou aos moradores a nova unidade de Sa\u00fade da Fam\u00edlia completamente reformada.<\/p>\n\n\n\n<p>Participaram da cerim\u00f4nia o vice-prefeito Jos\u00e9 Vitor Soares, os vereadores Marinaldo Oliveira, Nilton Matos, Jairo Duarte e Nen\u00ea do D\u00e1rio, os secret\u00e1rios de Sa\u00fade, Gabriel Alves, de Assist\u00eancia Social, Maria Helena, de Educa\u00e7\u00e3o, Lurdineia Guimar\u00e3es, de Desenvolvimento Rural, Valt\u00f4nio Guimar\u00e3es, de Finan\u00e7as, Louren\u00e7o Duarte, de Infraestrutura, Jos\u00e9 Braz e os moradores da localidade.<\/p>\n\n\n\n<figure class=\"wp-block-image aligncenter size-large\"><a href=\"https:\/\/i0.wp.com\/blogdoeloiltoncajuhy.com.br\/site\/wp-content\/uploads\/2022\/06\/PMA_Consultorio-Odontlogico-Riacho-Seco-16062022-01.jpeg\"><img data-recalc-dims=\"1\" decoding=\"async\" width=\"800\" height=\"533\" src=\"https:\/\/i0.wp.com\/blogdoeloiltoncajuhy.com.br\/site\/wp-content\/uploads\/2022\/06\/PMA_Consultorio-Odontlogico-Riacho-Seco-16062022-01.jpeg?resize=800%2C533\" alt=\"\" class=\"wp-image-65883\" srcset=\"https:\/\/i0.wp.com\/blogdoeloiltoncajuhy.com.br\/site\/wp-content\/uploads\/2022\/06\/PMA_Consultorio-Odontlogico-Riacho-Seco-16062022-01.jpeg?resize=1024%2C682&amp;ssl=1 1024w, https:\/\/i0.wp.com\/blogdoeloiltoncajuhy.com.br\/site\/wp-content\/uploads\/2022\/06\/PMA_Consultorio-Odontlogico-Riacho-Seco-16062022-01.jpeg?resize=300%2C200&amp;ssl=1 300w, https:\/\/i0.wp.com\/blogdoeloiltoncajuhy.com.br\/site\/wp-content\/uploads\/2022\/06\/PMA_Consultorio-Odontlogico-Riacho-Seco-16062022-01.jpeg?resize=768%2C512&amp;ssl=1 768w, https:\/\/i0.wp.com\/blogdoeloiltoncajuhy.com.br\/site\/wp-content\/uploads\/2022\/06\/PMA_Consultorio-Odontlogico-Riacho-Seco-16062022-01.jpeg?w=1280&amp;ssl=1 1280w\" sizes=\"(max-width: 800px) 100vw, 800px\" \/><\/a><\/figure>\n","protected":false},"excerpt":{"rendered":"<p>O Prefeito Renato Brand\u00e3o esteve na comunidade do Riacho Seco, para inaugurar o consult\u00f3rio odontol\u00f3gico, que contou com o apoio do deputado estadual Euclides Fernandes, o qual concedeu o equipamento que ir\u00e1 garantir o atendimento \u00e0 popula\u00e7\u00e3o. A partir do dia 21 de junho, o consult\u00f3rio j\u00e1 estar\u00e1 realizando atendimento. A partir desta data, a [&hellip;]<\/p>\n","protected":false},"author":2,"featured_media":65882,"comment_status":"open","ping_status":"open","sticky":false,"template":"","format":"standard","meta":{"_acf_changed":false,"_monsterinsights_skip_tracking":false,"_monsterinsights_sitenote_active":false,"_monsterinsights_sitenote_note":"","_monsterinsights_sitenote_category":0,"_jetpack_memberships_contains_paid_content":false,"footnotes":"","jetpack_publicize_message":"","jetpack_publicize_feature_enabled":true,"jetpack_social_post_already_shared":true,"jetpack_social_options":{"image_generator_settings":{"template":"highway","default_image_id":0,"font":"","enabled":false},"version":2}},"categories":[11],"tags":[],"class_list":["post-65881","post","type-post","status-publish","format-standard","has-post-thumbnail","hentry","category-regional"],"acf":[],"jetpack_publicize_connections":[],"jetpack_featured_media_url":"https:\/\/i0.wp.com\/blogdoeloiltoncajuhy.com.br\/site\/wp-content\/uploads\/2022\/06\/PMA_Inauguracao-Consultorio-Odontlogico-Riacho-Seco-16062022-01.jpeg?fit=1280%2C853&ssl=1","jetpack_sharing_enabled":true,"publishpress_future_workflow_manual_trigger":{"enabledWorkflows":[]},"_links":{"self":[{"href":"https:\/\/blogdoeloiltoncajuhy.com.br\/site\/wp-json\/wp\/v2\/posts\/65881","targetHints":{"allow":["GET"]}}],"collection":[{"href":"https:\/\/blogdoeloiltoncajuhy.com.br\/site\/wp-json\/wp\/v2\/posts"}],"about":[{"href":"https:\/\/blogdoeloiltoncajuhy.com.br\/site\/wp-json\/wp\/v2\/types\/post"}],"author":[{"embeddable":true,"href":"https:\/\/blogdoeloiltoncajuhy.com.br\/site\/wp-json\/wp\/v2\/users\/2"}],"replies":[{"embeddable":true,"href":"https:\/\/blogdoeloiltoncajuhy.com.br\/site\/wp-json\/wp\/v2\/comments?post=65881"}],"version-history":[{"count":2,"href":"https:\/\/blogdoeloiltoncajuhy.com.br\/site\/wp-json\/wp\/v2\/posts\/65881\/revisions"}],"predecessor-version":[{"id":65885,"href":"https:\/\/blogdoeloiltoncajuhy.com.br\/site\/wp-json\/wp\/v2\/posts\/65881\/revisions\/65885"}],"wp:featuredmedia":[{"embeddable":true,"href":"https:\/\/blogdoeloiltoncajuhy.com.br\/site\/wp-json\/wp\/v2\/media\/65882"}],"wp:attachment":[{"href":"https:\/\/blogdoeloiltoncajuhy.com.br\/site\/wp-json\/wp\/v2\/media?parent=65881"}],"wp:term":[{"taxonomy":"category","embeddable":true,"href":"https:\/\/blogdoeloiltoncajuhy.com.br\/site\/wp-json\/wp\/v2\/categories?post=65881"},{"taxonomy":"post_tag","embeddable":true,"href":"https:\/\/blogdoeloiltoncajuhy.com.br\/site\/wp-json\/wp\/v2\/tags?post=65881"}],"curies":[{"name":"wp","href":"https:\/\/api.w.org\/{rel}","templated":true}]}}