{"id":65876,"date":"2022-06-15T10:12:33","date_gmt":"2022-06-15T13:12:33","guid":{"rendered":"http:\/\/blogdoeloiltoncajuhy.com.br\/site\/?p=65876"},"modified":"2022-06-15T10:12:35","modified_gmt":"2022-06-15T13:12:35","slug":"senadores-podem-analisar-ainda-este-ano-proposta-que-acaba-com-reeleicao-de-prefeitos-governadores-e-presidente-da-republica","status":"publish","type":"post","link":"https:\/\/blogdoeloiltoncajuhy.com.br\/site\/senadores-podem-analisar-ainda-este-ano-proposta-que-acaba-com-reeleicao-de-prefeitos-governadores-e-presidente-da-republica\/","title":{"rendered":"Senadores podem analisar ainda este ano proposta que acaba com reelei\u00e7\u00e3o de prefeitos, governadores e presidente da rep\u00fablica"},"content":{"rendered":"\n<figure class=\"wp-block-image aligncenter size-full\"><a href=\"https:\/\/i0.wp.com\/blogdoeloiltoncajuhy.com.br\/site\/wp-content\/uploads\/2020\/11\/Urna-MandatoColetivo.jpg\"><img data-recalc-dims=\"1\" fetchpriority=\"high\" decoding=\"async\" width=\"768\" height=\"511\" src=\"https:\/\/i0.wp.com\/blogdoeloiltoncajuhy.com.br\/site\/wp-content\/uploads\/2020\/11\/Urna-MandatoColetivo.jpg?resize=768%2C511\" alt=\"\" class=\"wp-image-50917\" srcset=\"https:\/\/i0.wp.com\/blogdoeloiltoncajuhy.com.br\/site\/wp-content\/uploads\/2020\/11\/Urna-MandatoColetivo.jpg?w=768&amp;ssl=1 768w, https:\/\/i0.wp.com\/blogdoeloiltoncajuhy.com.br\/site\/wp-content\/uploads\/2020\/11\/Urna-MandatoColetivo.jpg?resize=300%2C200&amp;ssl=1 300w\" sizes=\"(max-width: 768px) 100vw, 768px\" \/><\/a><\/figure>\n\n\n\n<p>A proposta de emenda \u00e0 Constitui\u00e7\u00e3o que determina o fim da reelei\u00e7\u00e3o dos chefes do Poder Executivo federal, estadual e municipal pode entrar em pauta ap\u00f3s outubro. Foi o que afirmou em plen\u00e1rio o autor da PEC, o senador Jorge Kajuru, do Podemos de Goi\u00e1s, ao revelar conversas anteriores sobre o assunto com o presidente do Senado, Rodrigo Pacheco.<\/p>\n\n\n\n<p>&#8220;O que o senhor fala o senhor sustenta. Eu tive por parte do senhor que, depois da elei\u00e7\u00e3o, o senhor pensa em colocar em pauta esta minha proposta. Eu tenho certeza de que ser\u00e1 um marco da sua gest\u00e3o se a gente aprovar aqui o fim da reelei\u00e7\u00e3o a partir de 2026. A reelei\u00e7\u00e3o evidencia o personalismo pol\u00edtico. Resultado: as estrat\u00e9gias pela manuten\u00e7\u00e3o do poder acabam prevalecendo sobre o interesse coletivo. Espero firmemente, ap\u00f3s outubro, que aprovemos o fim da reelei\u00e7\u00e3o para dar mais equil\u00edbrio \u00e0s disputas eleitorais&#8221;.<\/p>\n\n\n\n<p>Rodrigo Pacheco avalia que os parlamentares v\u00e3o se dedicar \u00e0 an\u00e1lise da proposta. &#8220;Acredito que h\u00e1 certa simpatia e ades\u00e3o a essa tese do fim da reelei\u00e7\u00e3o. Considero \u2013 e j\u00e1 publicamente externei isto \u2013 que seria muito bom para o pa\u00eds. A gest\u00e3o p\u00fablica feita sem o prop\u00f3sito de uma reelei\u00e7\u00e3o normalmente \u00e9 mais criteriosa e mais afeita a realiza\u00e7\u00f5es imediatas sem populismo e sem inten\u00e7\u00e3o eleitoral. Vejamos agora o melhor momento para debater a ideia e construir uma proposta, preservando direitos sem que seja casu\u00edsta, sem que seja para o alcance de qualquer desses que se apresentam como candidatos neste momento&#8221;.<\/p>\n\n\n\n<p>Apresentada no in\u00edcio de maio deste ano, a proposta de Kajuru altera a Constitui\u00e7\u00e3o para acabar com a reelei\u00e7\u00e3o do presidente da Rep\u00fablica, governadores e prefeitos, ampliando o tempo de mandato de quatro para cinco anos, a partir de 2026. A reelei\u00e7\u00e3o para esses cargos foi aprovada por meio de uma PEC em 1997, no governo Fernando Henrique Cardoso.<\/p>\n","protected":false},"excerpt":{"rendered":"<p>A proposta de emenda \u00e0 Constitui\u00e7\u00e3o que determina o fim da reelei\u00e7\u00e3o dos chefes do Poder Executivo federal, estadual e municipal pode entrar em pauta ap\u00f3s outubro. Foi o que afirmou em plen\u00e1rio o autor da PEC, o senador Jorge Kajuru, do Podemos de Goi\u00e1s, ao revelar conversas anteriores sobre o assunto com o presidente [&hellip;]<\/p>\n","protected":false},"author":2,"featured_media":50917,"comment_status":"open","ping_status":"open","sticky":false,"template":"","format":"standard","meta":{"_acf_changed":false,"_monsterinsights_skip_tracking":false,"_monsterinsights_sitenote_active":false,"_monsterinsights_sitenote_note":"","_monsterinsights_sitenote_category":0,"_jetpack_memberships_contains_paid_content":false,"footnotes":"","jetpack_publicize_message":"","jetpack_publicize_feature_enabled":true,"jetpack_social_post_already_shared":true,"jetpack_social_options":{"image_generator_settings":{"template":"highway","default_image_id":0,"font":"","enabled":false},"version":2}},"categories":[3],"tags":[],"class_list":["post-65876","post","type-post","status-publish","format-standard","has-post-thumbnail","hentry","category-politica"],"acf":[],"jetpack_publicize_connections":[],"jetpack_featured_media_url":"https:\/\/i0.wp.com\/blogdoeloiltoncajuhy.com.br\/site\/wp-content\/uploads\/2020\/11\/Urna-MandatoColetivo.jpg?fit=768%2C511&ssl=1","jetpack_sharing_enabled":true,"publishpress_future_workflow_manual_trigger":{"enabledWorkflows":[]},"_links":{"self":[{"href":"https:\/\/blogdoeloiltoncajuhy.com.br\/site\/wp-json\/wp\/v2\/posts\/65876","targetHints":{"allow":["GET"]}}],"collection":[{"href":"https:\/\/blogdoeloiltoncajuhy.com.br\/site\/wp-json\/wp\/v2\/posts"}],"about":[{"href":"https:\/\/blogdoeloiltoncajuhy.com.br\/site\/wp-json\/wp\/v2\/types\/post"}],"author":[{"embeddable":true,"href":"https:\/\/blogdoeloiltoncajuhy.com.br\/site\/wp-json\/wp\/v2\/users\/2"}],"replies":[{"embeddable":true,"href":"https:\/\/blogdoeloiltoncajuhy.com.br\/site\/wp-json\/wp\/v2\/comments?post=65876"}],"version-history":[{"count":2,"href":"https:\/\/blogdoeloiltoncajuhy.com.br\/site\/wp-json\/wp\/v2\/posts\/65876\/revisions"}],"predecessor-version":[{"id":65878,"href":"https:\/\/blogdoeloiltoncajuhy.com.br\/site\/wp-json\/wp\/v2\/posts\/65876\/revisions\/65878"}],"wp:featuredmedia":[{"embeddable":true,"href":"https:\/\/blogdoeloiltoncajuhy.com.br\/site\/wp-json\/wp\/v2\/media\/50917"}],"wp:attachment":[{"href":"https:\/\/blogdoeloiltoncajuhy.com.br\/site\/wp-json\/wp\/v2\/media?parent=65876"}],"wp:term":[{"taxonomy":"category","embeddable":true,"href":"https:\/\/blogdoeloiltoncajuhy.com.br\/site\/wp-json\/wp\/v2\/categories?post=65876"},{"taxonomy":"post_tag","embeddable":true,"href":"https:\/\/blogdoeloiltoncajuhy.com.br\/site\/wp-json\/wp\/v2\/tags?post=65876"}],"curies":[{"name":"wp","href":"https:\/\/api.w.org\/{rel}","templated":true}]}}