{"id":65867,"date":"2022-06-15T08:29:06","date_gmt":"2022-06-15T11:29:06","guid":{"rendered":"http:\/\/blogdoeloiltoncajuhy.com.br\/site\/?p=65867"},"modified":"2022-06-15T08:29:08","modified_gmt":"2022-06-15T11:29:08","slug":"formacao-de-professores-e-fundamental-para-boa-recomposicao-da-aprendizagem","status":"publish","type":"post","link":"https:\/\/blogdoeloiltoncajuhy.com.br\/site\/formacao-de-professores-e-fundamental-para-boa-recomposicao-da-aprendizagem\/","title":{"rendered":"Forma\u00e7\u00e3o de professores \u00e9 fundamental para boa recomposi\u00e7\u00e3o da aprendizagem"},"content":{"rendered":"\n<figure class=\"wp-block-image aligncenter size-full\"><a href=\"https:\/\/i0.wp.com\/blogdoeloiltoncajuhy.com.br\/site\/wp-content\/uploads\/2022\/06\/Professor_sala-de-aula.jpeg\"><img data-recalc-dims=\"1\" fetchpriority=\"high\" decoding=\"async\" width=\"676\" height=\"450\" src=\"https:\/\/i0.wp.com\/blogdoeloiltoncajuhy.com.br\/site\/wp-content\/uploads\/2022\/06\/Professor_sala-de-aula.jpeg?resize=676%2C450\" alt=\"\" class=\"wp-image-65868\" srcset=\"https:\/\/i0.wp.com\/blogdoeloiltoncajuhy.com.br\/site\/wp-content\/uploads\/2022\/06\/Professor_sala-de-aula.jpeg?w=676&amp;ssl=1 676w, https:\/\/i0.wp.com\/blogdoeloiltoncajuhy.com.br\/site\/wp-content\/uploads\/2022\/06\/Professor_sala-de-aula.jpeg?resize=300%2C200&amp;ssl=1 300w\" sizes=\"(max-width: 676px) 100vw, 676px\" \/><\/a><figcaption><sub>Foto: Getty Images\/iStockphoto\/direitos reservados<\/sub><\/figcaption><\/figure>\n\n\n\n<p>A Subcomiss\u00e3o Tempor\u00e1ria para Acompanhamento da Educa\u00e7\u00e3o na Pandemia, do Senado Federal, discutiu nesta segunda-feira (13) formas de recomposi\u00e7\u00e3o da aprendizagem dos estudantes, que n\u00e3o puderam receber todo o conte\u00fado previsto durante a pandemia. Segundo o Minist\u00e9rio da Educa\u00e7\u00e3o, a m\u00e9dia de aulas online foi de 279 dias. Para a representante do F\u00f3rum Nacional de Educa\u00e7\u00e3o, Roberta Guedes, a valoriza\u00e7\u00e3o dos professores deve ser vista como pauta emergencial. Ela defendeu uma forma\u00e7\u00e3o compartilhada da escola privada para a escola p\u00fablica, j\u00e1 que muitos docentes d\u00e3o aulas nas duas redes de ensino.<\/p>\n\n\n\n<p>&#8220;Como \u00e9 que n\u00f3s vamos falar de perdas de aprendizagem se a gente n\u00e3o falar desse professor, que precisa ter valoriza\u00e7\u00e3o, que precisa ter condi\u00e7\u00f5es de trabalho, que precisa ter forma\u00e7\u00e3o adequada? Porque est\u00e1 caindo no colo dele um novo ensino m\u00e9dio, s\u00f3 que ele n\u00e3o foi formado para isso. Ent\u00e3o, n\u00f3s precisamos urgentemente come\u00e7ar do come\u00e7o, que \u00e9 forma\u00e7\u00e3o inicial e forma\u00e7\u00e3o em servi\u00e7o&#8221;.<\/p>\n\n\n\n<p>O presidente do colegiado, senador Fl\u00e1vio Arns, do Podemos do Paran\u00e1, concorda que \u00e9 preciso tornar a carreira docente mais atrativa. E criticou que os chamados contratos tempor\u00e1rios de profissionais de educa\u00e7\u00e3o sejam hoje t\u00e3o comuns.<\/p>\n\n\n\n<p>&#8220;O professor, o profissional da educa\u00e7\u00e3o concursados, para terem sal\u00e1rio, plano de carreira, uma perspectiva de vida inclusive para atrair os jovens. H\u00e1 muitos professores seletivos ou o que eles falam de processo de contrata\u00e7\u00e3o simplificada, porque, \u00e0s vezes, faltam professores. E isso \u00e9, ali\u00e1s, importante, porque algu\u00e9m pode ficar doente, ter um acidente\u2026 Tem que ter o Processo Seletivo Simplificado. Por\u00e9m, isso passou a ser a regra&#8221;.<\/p>\n\n\n\n<p>O Censo Escolar de 2021 apontou que 44% dos professores da rede p\u00fablica s\u00e3o tempor\u00e1rios, contratados por processo seletivo simplificado ou CLT. Segundo a representante do MEC, Leda da Silva, a pasta tem investido na forma\u00e7\u00e3o de professores.<\/p>\n\n\n\n<p>&#8220;Aconteceram defasagens. O que a gente est\u00e1 fazendo s\u00e3o esses programas de avalia\u00e7\u00f5es e investindo tamb\u00e9m na forma\u00e7\u00e3o de professores, tanto inicial quanto continuada. Houve perdas &#8211; e perdas grandes. \u00c9 fato que a gente tem estudante hoje que est\u00e1 no terceiro ano, que s\u00f3 teve aula de forma virtual, que j\u00e1 era para estar alfabetizado de acordo com a base do segundo ano e que tem essas defasagens&#8221;.<\/p>\n\n\n\n<p>O Minist\u00e9rio da Educa\u00e7\u00e3o apresentou aos senadores dois programas de avalia\u00e7\u00e3o do aprendizado. Um deles foi idealizado pela Universidade de Juiz de Fora e oferece testes de acordo com a s\u00e9rie do aluno, gerando um quadro geral com os resultados obtidos e oferecendo \u00e0 escola as orienta\u00e7\u00f5es do que precisa ser trabalhado com aquele grupo de estudantes. Outra iniciativa \u00e9 um aplicativo que corrige, por meio de intelig\u00eancia artificial, os textos dos alunos. Al\u00e9m de elencar as dificuldades apresentadas pelo estudante, tamb\u00e9m \u00e9 sugerido quais conte\u00fados precisam ser enfatizados pelo professor.<\/p>\n","protected":false},"excerpt":{"rendered":"<p>A Subcomiss\u00e3o Tempor\u00e1ria para Acompanhamento da Educa\u00e7\u00e3o na Pandemia, do Senado Federal, discutiu nesta segunda-feira (13) formas de recomposi\u00e7\u00e3o da aprendizagem dos estudantes, que n\u00e3o puderam receber todo o conte\u00fado previsto durante a pandemia. Segundo o Minist\u00e9rio da Educa\u00e7\u00e3o, a m\u00e9dia de aulas online foi de 279 dias. Para a representante do F\u00f3rum Nacional de [&hellip;]<\/p>\n","protected":false},"author":2,"featured_media":65868,"comment_status":"open","ping_status":"open","sticky":false,"template":"","format":"standard","meta":{"_acf_changed":false,"_monsterinsights_skip_tracking":false,"_monsterinsights_sitenote_active":false,"_monsterinsights_sitenote_note":"","_monsterinsights_sitenote_category":0,"_jetpack_memberships_contains_paid_content":false,"footnotes":"","jetpack_publicize_message":"","jetpack_publicize_feature_enabled":true,"jetpack_social_post_already_shared":true,"jetpack_social_options":{"image_generator_settings":{"template":"highway","default_image_id":0,"font":"","enabled":false},"version":2}},"categories":[3],"tags":[],"class_list":["post-65867","post","type-post","status-publish","format-standard","has-post-thumbnail","hentry","category-politica"],"acf":[],"jetpack_publicize_connections":[],"jetpack_featured_media_url":"https:\/\/i0.wp.com\/blogdoeloiltoncajuhy.com.br\/site\/wp-content\/uploads\/2022\/06\/Professor_sala-de-aula.jpeg?fit=676%2C450&ssl=1","jetpack_sharing_enabled":true,"publishpress_future_workflow_manual_trigger":{"enabledWorkflows":[]},"_links":{"self":[{"href":"https:\/\/blogdoeloiltoncajuhy.com.br\/site\/wp-json\/wp\/v2\/posts\/65867","targetHints":{"allow":["GET"]}}],"collection":[{"href":"https:\/\/blogdoeloiltoncajuhy.com.br\/site\/wp-json\/wp\/v2\/posts"}],"about":[{"href":"https:\/\/blogdoeloiltoncajuhy.com.br\/site\/wp-json\/wp\/v2\/types\/post"}],"author":[{"embeddable":true,"href":"https:\/\/blogdoeloiltoncajuhy.com.br\/site\/wp-json\/wp\/v2\/users\/2"}],"replies":[{"embeddable":true,"href":"https:\/\/blogdoeloiltoncajuhy.com.br\/site\/wp-json\/wp\/v2\/comments?post=65867"}],"version-history":[{"count":2,"href":"https:\/\/blogdoeloiltoncajuhy.com.br\/site\/wp-json\/wp\/v2\/posts\/65867\/revisions"}],"predecessor-version":[{"id":65870,"href":"https:\/\/blogdoeloiltoncajuhy.com.br\/site\/wp-json\/wp\/v2\/posts\/65867\/revisions\/65870"}],"wp:featuredmedia":[{"embeddable":true,"href":"https:\/\/blogdoeloiltoncajuhy.com.br\/site\/wp-json\/wp\/v2\/media\/65868"}],"wp:attachment":[{"href":"https:\/\/blogdoeloiltoncajuhy.com.br\/site\/wp-json\/wp\/v2\/media?parent=65867"}],"wp:term":[{"taxonomy":"category","embeddable":true,"href":"https:\/\/blogdoeloiltoncajuhy.com.br\/site\/wp-json\/wp\/v2\/categories?post=65867"},{"taxonomy":"post_tag","embeddable":true,"href":"https:\/\/blogdoeloiltoncajuhy.com.br\/site\/wp-json\/wp\/v2\/tags?post=65867"}],"curies":[{"name":"wp","href":"https:\/\/api.w.org\/{rel}","templated":true}]}}