{"id":65862,"date":"2022-06-15T08:28:40","date_gmt":"2022-06-15T11:28:40","guid":{"rendered":"http:\/\/blogdoeloiltoncajuhy.com.br\/site\/?p=65862"},"modified":"2022-06-15T08:28:41","modified_gmt":"2022-06-15T11:28:41","slug":"camara-aprova-projeto-que-institui-o-dia-nacional-do-terco-dos-homens","status":"publish","type":"post","link":"https:\/\/blogdoeloiltoncajuhy.com.br\/site\/camara-aprova-projeto-que-institui-o-dia-nacional-do-terco-dos-homens\/","title":{"rendered":"C\u00e2mara aprova projeto que institui o Dia Nacional do Ter\u00e7o dos Homens"},"content":{"rendered":"\n<p class=\"has-text-align-center has-medium-font-size\"><em>Proposta seguir\u00e1 para o Senado<\/em><\/p>\n\n\n\n<figure class=\"wp-block-image aligncenter size-full\"><a href=\"https:\/\/i0.wp.com\/blogdoeloiltoncajuhy.com.br\/site\/wp-content\/uploads\/2022\/06\/Terco-dos-homens.jpg\"><img data-recalc-dims=\"1\" fetchpriority=\"high\" decoding=\"async\" width=\"700\" height=\"412\" src=\"https:\/\/i0.wp.com\/blogdoeloiltoncajuhy.com.br\/site\/wp-content\/uploads\/2022\/06\/Terco-dos-homens.jpg?resize=700%2C412\" alt=\"\" class=\"wp-image-65863\" srcset=\"https:\/\/i0.wp.com\/blogdoeloiltoncajuhy.com.br\/site\/wp-content\/uploads\/2022\/06\/Terco-dos-homens.jpg?w=700&amp;ssl=1 700w, https:\/\/i0.wp.com\/blogdoeloiltoncajuhy.com.br\/site\/wp-content\/uploads\/2022\/06\/Terco-dos-homens.jpg?resize=300%2C177&amp;ssl=1 300w\" sizes=\"(max-width: 700px) 100vw, 700px\" \/><\/a><\/figure>\n\n\n\n<p>A C\u00e2mara dos Deputados aprovou nesta segunda-feira (13) o Projeto de Lei 2676\/21, do deputado Eros Biondini (PL-MG), que institui o dia 8 de setembro como o <strong>Dia Nacional do Ter\u00e7o dos Homens<\/strong>, em homenagem a um movimento crist\u00e3o de ora\u00e7\u00e3o. A proposta ser\u00e1 enviada ao Senado.<\/p>\n\n\n\n<p>O relator do projeto, deputado Evair Vieira de Melo (PP-ES), destacou a import\u00e2ncia do movimento, que, segundo ele, conta com mais de 1 milh\u00e3o de homens. &#8220;Para n\u00f3s crist\u00e3os, a ora\u00e7\u00e3o \u00e9 a melhor forma de estabelecer uma uni\u00e3o verdadeira com Deus. O homem, quando ignorado no processo da forma\u00e7\u00e3o religiosa, \u00e9 tentado a procurar outros v\u00ednculos e outros lugares&#8221;, comentou.<\/p>\n\n\n\n<p>Segundo o deputado, o movimento Ter\u00e7o dos Homens busca incentivar a pr\u00e1tica da ora\u00e7\u00e3o em grupos de homens. A data de 8 de Setembro foi escolhida por ter sido a primeira manifesta\u00e7\u00e3o do movimento no Brasil, onde chegou por iniciativa de Frei Peregrino.<\/p>\n\n\n\n<p>A deputada Carmen Zanotto (Cidadania-SC) tamb\u00e9m elogiou a proposta por homenagear a cultura do ter\u00e7o. &#8220;Significa unir a fam\u00edlia na ora\u00e7\u00e3o e devo\u00e7\u00e3o, trazer os homens para mais perto da fam\u00edlia&#8221;, disse.<\/p>\n\n\n\n<p>Emocionado, o deputado Aliel Machado (PV-PR) confessou que o ter\u00e7o serviu de amparo ap\u00f3s a morte de seu pai. &#8220;Tenho muito orgulho da f\u00e9 e dos ensinamentos que ele dedicou&#8221;, declarou. &#8220;\u00c9 um momento simb\u00f3lico e importante pela luta por justi\u00e7a e igualdade.&#8221;<\/p>\n\n\n\n<p>O coordenador da Frente Parlamentar Cat\u00f3lica, deputado Francisco Jr. (PSD-GO), afirmou que a data traduz o sentimento de espiritualidade do brasileiro. &#8220;\u00c9 assim que temos enfrentado e superado as crises: com coragem, disposi\u00e7\u00e3o e f\u00e9&#8221;, afirmou.<\/p>\n","protected":false},"excerpt":{"rendered":"<p>Proposta seguir\u00e1 para o Senado A C\u00e2mara dos Deputados aprovou nesta segunda-feira (13) o Projeto de Lei 2676\/21, do deputado Eros Biondini (PL-MG), que institui o dia 8 de setembro como o Dia Nacional do Ter\u00e7o dos Homens, em homenagem a um movimento crist\u00e3o de ora\u00e7\u00e3o. A proposta ser\u00e1 enviada ao Senado. O relator do [&hellip;]<\/p>\n","protected":false},"author":2,"featured_media":65863,"comment_status":"open","ping_status":"open","sticky":false,"template":"","format":"standard","meta":{"_acf_changed":false,"_monsterinsights_skip_tracking":false,"_monsterinsights_sitenote_active":false,"_monsterinsights_sitenote_note":"","_monsterinsights_sitenote_category":0,"_jetpack_memberships_contains_paid_content":false,"footnotes":"","jetpack_publicize_message":"","jetpack_publicize_feature_enabled":true,"jetpack_social_post_already_shared":true,"jetpack_social_options":{"image_generator_settings":{"template":"highway","default_image_id":0,"font":"","enabled":false},"version":2}},"categories":[3],"tags":[],"class_list":["post-65862","post","type-post","status-publish","format-standard","has-post-thumbnail","hentry","category-politica"],"acf":[],"jetpack_publicize_connections":[],"jetpack_featured_media_url":"https:\/\/i0.wp.com\/blogdoeloiltoncajuhy.com.br\/site\/wp-content\/uploads\/2022\/06\/Terco-dos-homens.jpg?fit=700%2C412&ssl=1","jetpack_sharing_enabled":true,"publishpress_future_workflow_manual_trigger":{"enabledWorkflows":[]},"_links":{"self":[{"href":"https:\/\/blogdoeloiltoncajuhy.com.br\/site\/wp-json\/wp\/v2\/posts\/65862","targetHints":{"allow":["GET"]}}],"collection":[{"href":"https:\/\/blogdoeloiltoncajuhy.com.br\/site\/wp-json\/wp\/v2\/posts"}],"about":[{"href":"https:\/\/blogdoeloiltoncajuhy.com.br\/site\/wp-json\/wp\/v2\/types\/post"}],"author":[{"embeddable":true,"href":"https:\/\/blogdoeloiltoncajuhy.com.br\/site\/wp-json\/wp\/v2\/users\/2"}],"replies":[{"embeddable":true,"href":"https:\/\/blogdoeloiltoncajuhy.com.br\/site\/wp-json\/wp\/v2\/comments?post=65862"}],"version-history":[{"count":2,"href":"https:\/\/blogdoeloiltoncajuhy.com.br\/site\/wp-json\/wp\/v2\/posts\/65862\/revisions"}],"predecessor-version":[{"id":65865,"href":"https:\/\/blogdoeloiltoncajuhy.com.br\/site\/wp-json\/wp\/v2\/posts\/65862\/revisions\/65865"}],"wp:featuredmedia":[{"embeddable":true,"href":"https:\/\/blogdoeloiltoncajuhy.com.br\/site\/wp-json\/wp\/v2\/media\/65863"}],"wp:attachment":[{"href":"https:\/\/blogdoeloiltoncajuhy.com.br\/site\/wp-json\/wp\/v2\/media?parent=65862"}],"wp:term":[{"taxonomy":"category","embeddable":true,"href":"https:\/\/blogdoeloiltoncajuhy.com.br\/site\/wp-json\/wp\/v2\/categories?post=65862"},{"taxonomy":"post_tag","embeddable":true,"href":"https:\/\/blogdoeloiltoncajuhy.com.br\/site\/wp-json\/wp\/v2\/tags?post=65862"}],"curies":[{"name":"wp","href":"https:\/\/api.w.org\/{rel}","templated":true}]}}