{"id":65839,"date":"2022-06-14T10:09:16","date_gmt":"2022-06-14T13:09:16","guid":{"rendered":"http:\/\/blogdoeloiltoncajuhy.com.br\/site\/?p=65839"},"modified":"2022-06-14T10:11:20","modified_gmt":"2022-06-14T13:11:20","slug":"saxofonista-ivanildo-sax-de-ouro-morre-aos-89-anos","status":"publish","type":"post","link":"https:\/\/blogdoeloiltoncajuhy.com.br\/site\/saxofonista-ivanildo-sax-de-ouro-morre-aos-89-anos\/","title":{"rendered":"Saxofonista Ivanildo Sax de Ouro morre aos 89 anos"},"content":{"rendered":"\n<p class=\"has-text-align-center has-medium-font-size\"><em>Com o sucesso iniciado em Fortaleza, o m\u00fasico morreu em Natal, cidade em que morava atualmente, durante a manh\u00e3 do \u00faltimo s\u00e1bado (11).<\/em><\/p>\n\n\n\n<figure class=\"wp-block-image aligncenter size-large\"><a href=\"https:\/\/i0.wp.com\/blogdoeloiltoncajuhy.com.br\/site\/wp-content\/uploads\/2022\/06\/Ivanildo-Sax-de-Ouro.jpg\"><img data-recalc-dims=\"1\" fetchpriority=\"high\" decoding=\"async\" width=\"800\" height=\"450\" src=\"https:\/\/i0.wp.com\/blogdoeloiltoncajuhy.com.br\/site\/wp-content\/uploads\/2022\/06\/Ivanildo-Sax-de-Ouro.jpg?resize=800%2C450\" alt=\"\" class=\"wp-image-65840\" srcset=\"https:\/\/i0.wp.com\/blogdoeloiltoncajuhy.com.br\/site\/wp-content\/uploads\/2022\/06\/Ivanildo-Sax-de-Ouro.jpg?resize=1024%2C576&amp;ssl=1 1024w, https:\/\/i0.wp.com\/blogdoeloiltoncajuhy.com.br\/site\/wp-content\/uploads\/2022\/06\/Ivanildo-Sax-de-Ouro.jpg?resize=300%2C169&amp;ssl=1 300w, https:\/\/i0.wp.com\/blogdoeloiltoncajuhy.com.br\/site\/wp-content\/uploads\/2022\/06\/Ivanildo-Sax-de-Ouro.jpg?resize=768%2C432&amp;ssl=1 768w, https:\/\/i0.wp.com\/blogdoeloiltoncajuhy.com.br\/site\/wp-content\/uploads\/2022\/06\/Ivanildo-Sax-de-Ouro.jpg?w=1200&amp;ssl=1 1200w\" sizes=\"(max-width: 800px) 100vw, 800px\" \/><\/a><figcaption><sub>Ivanildo em apresenta\u00e7\u00e3o no Parnamirim Jazz Fest, em 2019, na cidade de Parnamirim, Pernambuco | Foto: Divulga\u00e7\u00e3o\/Prefeitura de Parnamirim<\/sub><\/figcaption><\/figure>\n\n\n\n<p>O m\u00fasico cearense Ivanildo Jos\u00e9 da Silva, conhecido como <strong>Ivanildo Sax de Ouro<\/strong>, morreu aos 89, na manh\u00e3 do \u00faltimo s\u00e1bado (11), em Natal, Rio Grande do Norte. A informa\u00e7\u00e3o foi confirmada pelo tamb\u00e9m saxofonista Chico Bethoven, amigo e um dos m\u00fasicos influenciados pelo artista.<\/p>\n\n\n\n<p>Nascido em Pernambuco, mas registrado no Cear\u00e1, Sax de Ouro iniciou carreira ainda aos 12 anos, mas foi na d\u00e9cada de 1960 que come\u00e7ou a fazer sucesso pela son\u00e2ncia do seu sax, considerada inconfund\u00edvel, enquanto tocava em clubes de Fortaleza. Suas principais influ\u00eancias perpassam do jazz \u00e0 m\u00fasica erudita.<\/p>\n\n\n\n<figure class=\"wp-block-embed aligncenter is-type-video is-provider-youtube wp-block-embed-youtube wp-embed-aspect-4-3 wp-has-aspect-ratio\"><div class=\"wp-block-embed__wrapper\">\n<iframe title=\"Ivanildo o Sax de Ouro vol 1\" width=\"800\" height=\"600\" src=\"https:\/\/www.youtube.com\/embed\/bemzt1pQG2M?feature=oembed\" frameborder=\"0\" allow=\"accelerometer; autoplay; clipboard-write; encrypted-media; gyroscope; picture-in-picture\" allowfullscreen><\/iframe>\n<\/div><\/figure>\n\n\n\n<p>Ivanildo estava internado em hospital da Capital do Rio Grande do Norte h\u00e1 alguns dias. Por\u00e9m, a causa da morte n\u00e3o foi informada. O m\u00fasico j\u00e1 vivia h\u00e1 anos na capital Potiguar, local em que tamb\u00e9m era considerado cidad\u00e3o.<\/p>\n\n\n\n<figure class=\"wp-block-pullquote has-small-font-size\" style=\"font-style:normal;font-weight:400\"><blockquote><p><strong>&#8220;Deus levou hoje minha maior influ\u00eancia na m\u00fasica, minha inspira\u00e7\u00e3o, meu \u00eddolo Ivanildo O Sax de Ouro. Na altura dos seus 89 anos e mais de 70 anos de carreira, continuava produzindo bastante. Nos \u00faltimos 12 anos, tive a honra de produzir e gravar suas \u00faltimas composi\u00e7\u00f5es&#8221;, escreveu Chico Bethoven, Saxofonista<\/strong><\/p><\/blockquote><\/figure>\n\n\n\n<p>Em cerca de 70 anos de carreira, foram mais de dois milh\u00f5es de discos vendidos, chegando a ganhar um de platina e quatro de ouro pelo sucesso. At\u00e9 seus \u00faltimos dias de vida, Ivanildo ainda compunha melodias.<\/p>\n","protected":false},"excerpt":{"rendered":"<p>Com o sucesso iniciado em Fortaleza, o m\u00fasico morreu em Natal, cidade em que morava atualmente, durante a manh\u00e3 do \u00faltimo s\u00e1bado (11). O m\u00fasico cearense Ivanildo Jos\u00e9 da Silva, conhecido como Ivanildo Sax de Ouro, morreu aos 89, na manh\u00e3 do \u00faltimo s\u00e1bado (11), em Natal, Rio Grande do Norte. A informa\u00e7\u00e3o foi confirmada [&hellip;]<\/p>\n","protected":false},"author":2,"featured_media":65840,"comment_status":"open","ping_status":"open","sticky":false,"template":"","format":"standard","meta":{"_acf_changed":false,"_monsterinsights_skip_tracking":false,"_monsterinsights_sitenote_active":false,"_monsterinsights_sitenote_note":"","_monsterinsights_sitenote_category":0,"_jetpack_memberships_contains_paid_content":false,"footnotes":"","jetpack_publicize_message":"","jetpack_publicize_feature_enabled":true,"jetpack_social_post_already_shared":true,"jetpack_social_options":{"image_generator_settings":{"template":"highway","default_image_id":0,"font":"","enabled":false},"version":2}},"categories":[8],"tags":[],"class_list":["post-65839","post","type-post","status-publish","format-standard","has-post-thumbnail","hentry","category-cultura"],"acf":[],"jetpack_publicize_connections":[],"jetpack_featured_media_url":"https:\/\/i0.wp.com\/blogdoeloiltoncajuhy.com.br\/site\/wp-content\/uploads\/2022\/06\/Ivanildo-Sax-de-Ouro.jpg?fit=1200%2C675&ssl=1","jetpack_sharing_enabled":true,"publishpress_future_workflow_manual_trigger":{"enabledWorkflows":[]},"_links":{"self":[{"href":"https:\/\/blogdoeloiltoncajuhy.com.br\/site\/wp-json\/wp\/v2\/posts\/65839","targetHints":{"allow":["GET"]}}],"collection":[{"href":"https:\/\/blogdoeloiltoncajuhy.com.br\/site\/wp-json\/wp\/v2\/posts"}],"about":[{"href":"https:\/\/blogdoeloiltoncajuhy.com.br\/site\/wp-json\/wp\/v2\/types\/post"}],"author":[{"embeddable":true,"href":"https:\/\/blogdoeloiltoncajuhy.com.br\/site\/wp-json\/wp\/v2\/users\/2"}],"replies":[{"embeddable":true,"href":"https:\/\/blogdoeloiltoncajuhy.com.br\/site\/wp-json\/wp\/v2\/comments?post=65839"}],"version-history":[{"count":3,"href":"https:\/\/blogdoeloiltoncajuhy.com.br\/site\/wp-json\/wp\/v2\/posts\/65839\/revisions"}],"predecessor-version":[{"id":65844,"href":"https:\/\/blogdoeloiltoncajuhy.com.br\/site\/wp-json\/wp\/v2\/posts\/65839\/revisions\/65844"}],"wp:featuredmedia":[{"embeddable":true,"href":"https:\/\/blogdoeloiltoncajuhy.com.br\/site\/wp-json\/wp\/v2\/media\/65840"}],"wp:attachment":[{"href":"https:\/\/blogdoeloiltoncajuhy.com.br\/site\/wp-json\/wp\/v2\/media?parent=65839"}],"wp:term":[{"taxonomy":"category","embeddable":true,"href":"https:\/\/blogdoeloiltoncajuhy.com.br\/site\/wp-json\/wp\/v2\/categories?post=65839"},{"taxonomy":"post_tag","embeddable":true,"href":"https:\/\/blogdoeloiltoncajuhy.com.br\/site\/wp-json\/wp\/v2\/tags?post=65839"}],"curies":[{"name":"wp","href":"https:\/\/api.w.org\/{rel}","templated":true}]}}