{"id":65835,"date":"2022-06-14T09:23:35","date_gmt":"2022-06-14T12:23:35","guid":{"rendered":"http:\/\/blogdoeloiltoncajuhy.com.br\/site\/?p=65835"},"modified":"2022-06-14T19:37:44","modified_gmt":"2022-06-14T22:37:44","slug":"bonfim-veja-como-sera-o-funcionamento-de-comercio-e-bancos-nos-feriados-de-corpus-christi-e-sao-joao","status":"publish","type":"post","link":"https:\/\/blogdoeloiltoncajuhy.com.br\/site\/bonfim-veja-como-sera-o-funcionamento-de-comercio-e-bancos-nos-feriados-de-corpus-christi-e-sao-joao\/","title":{"rendered":"Bonfim: Veja como ser\u00e1 o funcionamento de com\u00e9rcio e bancos nos feriados de Corpus Christi e S\u00e3o Jo\u00e3o"},"content":{"rendered":"\n<p>Atualizado em 14 de junho de 2022 \u00e0s 19h35.<\/p>\n\n\n\n<figure class=\"wp-block-image aligncenter size-full\"><a href=\"https:\/\/i0.wp.com\/blogdoeloiltoncajuhy.com.br\/site\/wp-content\/uploads\/2022\/06\/Bonfim_Calcadao-Bonfim-Digital-28032022.png\"><img data-recalc-dims=\"1\" fetchpriority=\"high\" decoding=\"async\" width=\"487\" height=\"560\" src=\"https:\/\/i0.wp.com\/blogdoeloiltoncajuhy.com.br\/site\/wp-content\/uploads\/2022\/06\/Bonfim_Calcadao-Bonfim-Digital-28032022.png?resize=487%2C560\" alt=\"\" class=\"wp-image-65836\" srcset=\"https:\/\/i0.wp.com\/blogdoeloiltoncajuhy.com.br\/site\/wp-content\/uploads\/2022\/06\/Bonfim_Calcadao-Bonfim-Digital-28032022.png?w=487&amp;ssl=1 487w, https:\/\/i0.wp.com\/blogdoeloiltoncajuhy.com.br\/site\/wp-content\/uploads\/2022\/06\/Bonfim_Calcadao-Bonfim-Digital-28032022.png?resize=261%2C300&amp;ssl=1 261w\" sizes=\"(max-width: 487px) 100vw, 487px\" \/><\/a><figcaption><sub>Cal\u00e7ad\u00e3o da Joviniano Duarte &#8211; Foto: Bonfim Digital<\/sub><\/figcaption><\/figure>\n\n\n\n<p>Uma reuni\u00e3o na Prefeitura de Senhor do Bonfim definiu que no dia 24 de junho, tradicionalmente feriado na cidade, o com\u00e9rcio ir\u00e1 funcionar das 8h \u00e0s 14h, e no dia 27 ser\u00e1 feriado municipal. A decis\u00e3o n\u00e3o agradou a uma boa parte dos empres\u00e1rios. Participaram do encontro representantes do com\u00e9rcio bonfinense.<\/p>\n\n\n\n<p>Nesta ter\u00e7a-feira (14), a Associa\u00e7\u00e3o Comercial, Industrial e Agr\u00edcola de Senhor do Bonfim (Aciasb) emitiu comunicado informando que, na quinta-feira (16), Dia de Corpus Christi, o com\u00e9rcio iria funcionar das 8h \u00e0s 14h.<\/p>\n\n\n\n<p>No entanto, \u00e0 tarde o prefeito La\u00e9rcio Jr. publicou decreto instituindo feriado em todo o munic\u00edpio na quinta-feira.<\/p>\n\n\n\n<p>Em contato com um banc\u00e1rio, nossa produ\u00e7\u00e3o foi informada que neste dia os bancos estar\u00e3o fechados.<\/p>\n\n\n\n<p>Em rela\u00e7\u00e3o aos dias 24 e 27 de junho, a fonte informou que as ag\u00eancias banc\u00e1rias da cidade ainda n\u00e3o decidiram como ser\u00e1 o funcionamento para o p\u00fablico. Em breve, os bancos v\u00e3o se pronunciar sobre o assunto.<\/p>\n","protected":false},"excerpt":{"rendered":"<p>Atualizado em 14 de junho de 2022 \u00e0s 19h35. Uma reuni\u00e3o na Prefeitura de Senhor do Bonfim definiu que no dia 24 de junho, tradicionalmente feriado na cidade, o com\u00e9rcio ir\u00e1 funcionar das 8h \u00e0s 14h, e no dia 27 ser\u00e1 feriado municipal. A decis\u00e3o n\u00e3o agradou a uma boa parte dos empres\u00e1rios. Participaram do [&hellip;]<\/p>\n","protected":false},"author":2,"featured_media":65836,"comment_status":"open","ping_status":"open","sticky":false,"template":"","format":"standard","meta":{"_acf_changed":false,"_monsterinsights_skip_tracking":false,"_monsterinsights_sitenote_active":false,"_monsterinsights_sitenote_note":"","_monsterinsights_sitenote_category":0,"_jetpack_memberships_contains_paid_content":false,"footnotes":"","jetpack_publicize_message":"","jetpack_publicize_feature_enabled":true,"jetpack_social_post_already_shared":true,"jetpack_social_options":{"image_generator_settings":{"template":"highway","default_image_id":0,"font":"","enabled":false},"version":2}},"categories":[4],"tags":[],"class_list":["post-65835","post","type-post","status-publish","format-standard","has-post-thumbnail","hentry","category-local"],"acf":[],"jetpack_publicize_connections":[],"jetpack_featured_media_url":"https:\/\/i0.wp.com\/blogdoeloiltoncajuhy.com.br\/site\/wp-content\/uploads\/2022\/06\/Bonfim_Calcadao-Bonfim-Digital-28032022.png?fit=487%2C560&ssl=1","jetpack_sharing_enabled":true,"publishpress_future_workflow_manual_trigger":{"enabledWorkflows":[]},"_links":{"self":[{"href":"https:\/\/blogdoeloiltoncajuhy.com.br\/site\/wp-json\/wp\/v2\/posts\/65835","targetHints":{"allow":["GET"]}}],"collection":[{"href":"https:\/\/blogdoeloiltoncajuhy.com.br\/site\/wp-json\/wp\/v2\/posts"}],"about":[{"href":"https:\/\/blogdoeloiltoncajuhy.com.br\/site\/wp-json\/wp\/v2\/types\/post"}],"author":[{"embeddable":true,"href":"https:\/\/blogdoeloiltoncajuhy.com.br\/site\/wp-json\/wp\/v2\/users\/2"}],"replies":[{"embeddable":true,"href":"https:\/\/blogdoeloiltoncajuhy.com.br\/site\/wp-json\/wp\/v2\/comments?post=65835"}],"version-history":[{"count":4,"href":"https:\/\/blogdoeloiltoncajuhy.com.br\/site\/wp-json\/wp\/v2\/posts\/65835\/revisions"}],"predecessor-version":[{"id":65874,"href":"https:\/\/blogdoeloiltoncajuhy.com.br\/site\/wp-json\/wp\/v2\/posts\/65835\/revisions\/65874"}],"wp:featuredmedia":[{"embeddable":true,"href":"https:\/\/blogdoeloiltoncajuhy.com.br\/site\/wp-json\/wp\/v2\/media\/65836"}],"wp:attachment":[{"href":"https:\/\/blogdoeloiltoncajuhy.com.br\/site\/wp-json\/wp\/v2\/media?parent=65835"}],"wp:term":[{"taxonomy":"category","embeddable":true,"href":"https:\/\/blogdoeloiltoncajuhy.com.br\/site\/wp-json\/wp\/v2\/categories?post=65835"},{"taxonomy":"post_tag","embeddable":true,"href":"https:\/\/blogdoeloiltoncajuhy.com.br\/site\/wp-json\/wp\/v2\/tags?post=65835"}],"curies":[{"name":"wp","href":"https:\/\/api.w.org\/{rel}","templated":true}]}}