{"id":65819,"date":"2022-06-13T10:27:08","date_gmt":"2022-06-13T13:27:08","guid":{"rendered":"http:\/\/blogdoeloiltoncajuhy.com.br\/site\/?p=65819"},"modified":"2022-06-13T10:27:09","modified_gmt":"2022-06-13T13:27:09","slug":"dificuldade-no-acesso-a-exames-e-tratamentos-mantem-estavel-a-mortalidade-por-cancer-de-mama-no-brasil","status":"publish","type":"post","link":"https:\/\/blogdoeloiltoncajuhy.com.br\/site\/dificuldade-no-acesso-a-exames-e-tratamentos-mantem-estavel-a-mortalidade-por-cancer-de-mama-no-brasil\/","title":{"rendered":"Dificuldade no acesso a exames e tratamentos mant\u00e9m est\u00e1vel a mortalidade por c\u00e2ncer de mama no Brasil"},"content":{"rendered":"\n<p class=\"has-text-align-center has-medium-font-size\"><em>Segundo dados do Inca, quase 18 mil mulheres morreram de c\u00e2ncer de mama no Brasil em 2020<\/em><\/p>\n\n\n\n<figure class=\"wp-block-image aligncenter size-full is-resized\"><a href=\"https:\/\/i0.wp.com\/blogdoeloiltoncajuhy.com.br\/site\/wp-content\/uploads\/2022\/06\/Camara-discute-cancer-de-mama-13062022.jpg\"><img data-recalc-dims=\"1\" fetchpriority=\"high\" decoding=\"async\" src=\"https:\/\/i0.wp.com\/blogdoeloiltoncajuhy.com.br\/site\/wp-content\/uploads\/2022\/06\/Camara-discute-cancer-de-mama-13062022.jpg?resize=654%2C436\" alt=\"\" class=\"wp-image-65820\" width=\"654\" height=\"436\" srcset=\"https:\/\/i0.wp.com\/blogdoeloiltoncajuhy.com.br\/site\/wp-content\/uploads\/2022\/06\/Camara-discute-cancer-de-mama-13062022.jpg?w=768&amp;ssl=1 768w, https:\/\/i0.wp.com\/blogdoeloiltoncajuhy.com.br\/site\/wp-content\/uploads\/2022\/06\/Camara-discute-cancer-de-mama-13062022.jpg?resize=300%2C200&amp;ssl=1 300w\" sizes=\"(max-width: 654px) 100vw, 654px\" \/><\/a><figcaption><sub>Weliton Prado (D): \u00e9 preciso discutir a implementa\u00e7\u00e3o da lei | Foto: Elaine Menke\/C\u00e2mara dos Deputados<\/sub><\/figcaption><\/figure>\n\n\n\n<p>A mortalidade por c\u00e2ncer de mama no Brasil se mant\u00e9m est\u00e1vel desde 2008 e isso se deve em parte pela dificuldade de acesso ao diagn\u00f3stico e tratamento, alertou o coordenador do Hospital das Cl\u00ednicas de Goi\u00e1s, Rufo de Freitas, em audi\u00eancia p\u00fablica da Comiss\u00e3o Especial de Combate ao C\u00e2ncer da C\u00e2mara dos Deputados.<\/p>\n\n\n\n<p>Dados do Instituto Nacional do C\u00e2ncer (Inca) apontam que 17.825 morreram de c\u00e2ncer de mama em 2020, 16% das pacientes. \u00c9 o c\u00e2ncer que mais mata mulheres no Pa\u00eds.<\/p>\n\n\n\n<p>Para Rufo de Freitas, a dificuldade das mulheres em conseguir realizar exames faz com que menos de 20% delas realizem as mamografias no tempo certo.<\/p>\n\n\n\n<p>\u201cEla vai no local para pegar a solicita\u00e7\u00e3o, depois vai em outro dia para ir fazer a mamografia, outro dia para pegar o resultado e outro dia para mostrar para o m\u00e9dico. Cinco dias que ela deixou de exercer seu direito de cidad\u00e3\u201d, disse.<\/p>\n\n\n\n<p>J\u00e1 a representante da Federa\u00e7\u00e3o Brasileira de Institui\u00e7\u00f5es Filantr\u00f3picas de Apoio \u00e0 Sa\u00fade da Mama (Femama), Maria Helena Mendon\u00e7a, destacou que a baixa qualidade nos exames dificulta muito a atua\u00e7\u00e3o m\u00e9dica nos casos de c\u00e2ncer de mama. Ela defendeu que o controle de qualidade dessas imagens seja realizado de forma obrigat\u00f3ria e n\u00e3o voluntariamente, como acontece hoje em dia.<\/p>\n\n\n\n<p class=\"has-black-color has-text-color has-medium-font-size\"><strong>Excesso de exames<\/strong><\/p>\n\n\n\n<p>Para o representante do Inca, Arn Migowski, o excesso de rastreamento \u00e9 prejudicial porque leva muitas vezes a tratamentos desnecess\u00e1rios, como, por exemplo, no caso de tumores em est\u00e1gio muito inicial. Para ele, al\u00e9m dos exames de imagem, existe a possibilidade de se fazer o rastreamento de c\u00e2ncer de mama com exames cl\u00ednicos e com o autoexame.<\/p>\n\n\n\n<p>\u201cNem sempre a mulher apalpa tarde demais. Ela deve procurar logo assist\u00eancia m\u00e9dica e n\u00e3o achar que est\u00e1 desenganada e que \u00e9 uma doen\u00e7a necessariamente letal. \u00c9 procurar logo assist\u00eancia m\u00e9dica diante dos sinais de alerta, porque a terapia evoluiu e ela pode ter um resultado bom no tratamento do c\u00e2ncer de mama, se \u00e9 que o c\u00e2ncer de mama ser\u00e1 confirmado\u201d, afirmou.<\/p>\n\n\n\n<p class=\"has-black-color has-text-color has-medium-font-size\"><strong>Tempo certo<\/strong><\/p>\n\n\n\n<p>A presidente do Grupo Brasileiro de Estudos em C\u00e2ncer de Mama, Daniela Rosa, destacou a import\u00e2ncia da mamografia, desde que ela seja realizada no per\u00edodo correto.<\/p>\n\n\n\n<p>\u201cN\u00f3s, do Grupo Brasileiro de Mama e da Sociedade Brasileira de Oncologia Cl\u00ednica, achamos que \u00e9 correto fazer mamografia a partir dos 40 anos para todas as mulheres que n\u00e3o tenham sintomas. Quando elas tiverem sintomas, a\u00ed ent\u00e3o elas devem ter direito a fazer exames, mas a\u00ed n\u00e3o \u00e9 mais rastreamento de preven\u00e7\u00e3o, \u00e9 exame de diagn\u00f3stico\u201d, explicou.<\/p>\n\n\n\n<p class=\"has-black-color has-text-color has-medium-font-size\"><strong>Legisla\u00e7\u00e3o<\/strong><\/p>\n\n\n\n<p>O deputado Weliton Prado (Pros-MG), presidente da comiss\u00e3o, afirmou que \u00e9 preciso discutir a implementa\u00e7\u00e3o da lei que estabelece que, em caso de suspeita de c\u00e2ncer, os exames de diagn\u00f3stico devem ser realizados em at\u00e9 30 dias (Lei 13.896\/19), al\u00e9m da legisla\u00e7\u00e3o que prev\u00ea que, ap\u00f3s o diagn\u00f3stico, o paciente tenha direito de iniciar o tratamento pelo Sistema \u00danico de Sa\u00fade em, no m\u00e1ximo, 60 dias (Lei 12.732\/12). Segundo ele, os prazos s\u00e3o importantes para que os pacientes tenham diagn\u00f3sticos precoces e mais chances de sobreviv\u00eancia.<\/p>\n\n\n\n<p>\u201cA gente sabe que o c\u00e2ncer de mama \u00e9 o mais comum entre as mulheres e lidera outro ranking: \u00e9 o c\u00e2ncer que mais mata no nosso Pa\u00eds &#8211; e acho que no mundo todo. A gente sabe que a preven\u00e7\u00e3o \u00e9 o principal rem\u00e9dio, a preven\u00e7\u00e3o e o diagn\u00f3stico precoce. Infelizmente, 30% dos diagn\u00f3sticos em mulheres j\u00e1 s\u00e3o feitos no est\u00e1gio do c\u00e2ncer avan\u00e7ado\u201d, lamentou.<\/p>\n\n\n\n<p>A representante do Instituto Lado a Lado pela Vida, Fernanda de Carvalho, afirmou que a legisla\u00e7\u00e3o s\u00f3 vai ser cumprida quando os pacientes tiverem acesso \u00e0 informa\u00e7\u00e3o sobre seus direitos.<\/p>\n","protected":false},"excerpt":{"rendered":"<p>Segundo dados do Inca, quase 18 mil mulheres morreram de c\u00e2ncer de mama no Brasil em 2020 A mortalidade por c\u00e2ncer de mama no Brasil se mant\u00e9m est\u00e1vel desde 2008 e isso se deve em parte pela dificuldade de acesso ao diagn\u00f3stico e tratamento, alertou o coordenador do Hospital das Cl\u00ednicas de Goi\u00e1s, Rufo de [&hellip;]<\/p>\n","protected":false},"author":2,"featured_media":65820,"comment_status":"open","ping_status":"open","sticky":false,"template":"","format":"standard","meta":{"_acf_changed":false,"_monsterinsights_skip_tracking":false,"_monsterinsights_sitenote_active":false,"_monsterinsights_sitenote_note":"","_monsterinsights_sitenote_category":0,"_jetpack_memberships_contains_paid_content":false,"footnotes":"","jetpack_publicize_message":"","jetpack_publicize_feature_enabled":true,"jetpack_social_post_already_shared":true,"jetpack_social_options":{"image_generator_settings":{"template":"highway","default_image_id":0,"font":"","enabled":false},"version":2}},"categories":[3],"tags":[],"class_list":["post-65819","post","type-post","status-publish","format-standard","has-post-thumbnail","hentry","category-politica"],"acf":[],"jetpack_publicize_connections":[],"jetpack_featured_media_url":"https:\/\/i0.wp.com\/blogdoeloiltoncajuhy.com.br\/site\/wp-content\/uploads\/2022\/06\/Camara-discute-cancer-de-mama-13062022.jpg?fit=768%2C512&ssl=1","jetpack_sharing_enabled":true,"publishpress_future_workflow_manual_trigger":{"enabledWorkflows":[]},"_links":{"self":[{"href":"https:\/\/blogdoeloiltoncajuhy.com.br\/site\/wp-json\/wp\/v2\/posts\/65819","targetHints":{"allow":["GET"]}}],"collection":[{"href":"https:\/\/blogdoeloiltoncajuhy.com.br\/site\/wp-json\/wp\/v2\/posts"}],"about":[{"href":"https:\/\/blogdoeloiltoncajuhy.com.br\/site\/wp-json\/wp\/v2\/types\/post"}],"author":[{"embeddable":true,"href":"https:\/\/blogdoeloiltoncajuhy.com.br\/site\/wp-json\/wp\/v2\/users\/2"}],"replies":[{"embeddable":true,"href":"https:\/\/blogdoeloiltoncajuhy.com.br\/site\/wp-json\/wp\/v2\/comments?post=65819"}],"version-history":[{"count":2,"href":"https:\/\/blogdoeloiltoncajuhy.com.br\/site\/wp-json\/wp\/v2\/posts\/65819\/revisions"}],"predecessor-version":[{"id":65822,"href":"https:\/\/blogdoeloiltoncajuhy.com.br\/site\/wp-json\/wp\/v2\/posts\/65819\/revisions\/65822"}],"wp:featuredmedia":[{"embeddable":true,"href":"https:\/\/blogdoeloiltoncajuhy.com.br\/site\/wp-json\/wp\/v2\/media\/65820"}],"wp:attachment":[{"href":"https:\/\/blogdoeloiltoncajuhy.com.br\/site\/wp-json\/wp\/v2\/media?parent=65819"}],"wp:term":[{"taxonomy":"category","embeddable":true,"href":"https:\/\/blogdoeloiltoncajuhy.com.br\/site\/wp-json\/wp\/v2\/categories?post=65819"},{"taxonomy":"post_tag","embeddable":true,"href":"https:\/\/blogdoeloiltoncajuhy.com.br\/site\/wp-json\/wp\/v2\/tags?post=65819"}],"curies":[{"name":"wp","href":"https:\/\/api.w.org\/{rel}","templated":true}]}}