{"id":65809,"date":"2022-06-13T09:45:15","date_gmt":"2022-06-13T12:45:15","guid":{"rendered":"http:\/\/blogdoeloiltoncajuhy.com.br\/site\/?p=65809"},"modified":"2022-06-13T09:45:16","modified_gmt":"2022-06-13T12:45:16","slug":"200-concursos-publicos-com-inscricoes-abertas-reunem-668-mil-vagas-no-pais-veja-lista","status":"publish","type":"post","link":"https:\/\/blogdoeloiltoncajuhy.com.br\/site\/200-concursos-publicos-com-inscricoes-abertas-reunem-668-mil-vagas-no-pais-veja-lista\/","title":{"rendered":"200 concursos p\u00fablicos com inscri\u00e7\u00f5es abertas re\u00fanem 66,8 mil vagas no pa\u00eds; veja lista"},"content":{"rendered":"\n<p class=\"has-text-align-center has-medium-font-size\"><em>Cargos s\u00e3o em todos os n\u00edveis de escolaridade. Sal\u00e1rios chegam a R$ 32.004,65 no Tribunal Regional Federal da 4\u00aa Regi\u00e3o.<\/em><\/p>\n\n\n\n<figure class=\"wp-block-image aligncenter size-full is-resized\"><a href=\"https:\/\/i0.wp.com\/blogdoeloiltoncajuhy.com.br\/site\/wp-content\/uploads\/2022\/06\/Prova-de-concurso-publico-%E2%80%94-Foto_Camila-Batista-Semsa.webp\"><img data-recalc-dims=\"1\" fetchpriority=\"high\" decoding=\"async\" src=\"https:\/\/i0.wp.com\/blogdoeloiltoncajuhy.com.br\/site\/wp-content\/uploads\/2022\/06\/Prova-de-concurso-publico-%E2%80%94-Foto_Camila-Batista-Semsa.webp?resize=738%2C476\" alt=\"\" class=\"wp-image-65810\" width=\"738\" height=\"476\" srcset=\"https:\/\/i0.wp.com\/blogdoeloiltoncajuhy.com.br\/site\/wp-content\/uploads\/2022\/06\/Prova-de-concurso-publico-%E2%80%94-Foto_Camila-Batista-Semsa.webp?w=984&amp;ssl=1 984w, https:\/\/i0.wp.com\/blogdoeloiltoncajuhy.com.br\/site\/wp-content\/uploads\/2022\/06\/Prova-de-concurso-publico-%E2%80%94-Foto_Camila-Batista-Semsa.webp?resize=300%2C193&amp;ssl=1 300w, https:\/\/i0.wp.com\/blogdoeloiltoncajuhy.com.br\/site\/wp-content\/uploads\/2022\/06\/Prova-de-concurso-publico-%E2%80%94-Foto_Camila-Batista-Semsa.webp?resize=768%2C495&amp;ssl=1 768w\" sizes=\"(max-width: 738px) 100vw, 738px\" \/><\/a><figcaption><sub>Prova de concurso p\u00fablico \u2014 Foto: Camila Batista\/Semsa<\/sub><\/figcaption><\/figure>\n\n\n\n<p>Pelo menos 200 concursos p\u00fablicos no pa\u00eds est\u00e3o com inscri\u00e7\u00f5es abertas nesta segunda-feira (13) e re\u00fanem 66.818 vagas em cargos de todos os n\u00edveis de escolaridade. Somente no IBGE, s\u00e3o 48.535 vagas para recenseadores em todo o pa\u00eds. Os sal\u00e1rios chegam a R$ 32.004,65 no Tribunal Regional Federal da 4\u00aa Regi\u00e3o.<\/p>\n\n\n\n<ul class=\"wp-block-list\"><li><a href=\"https:\/\/especiais.g1.globo.com\/economia\/concursos-e-emprego\/lista-de-concursos-publicos-e-vagas-de-emprego\/?_ga=2.250917446.1596520099.1649331891-62aa1c0e-db02-49ab-2d25-88d5f3e5ce67\" target=\"_blank\" rel=\"noreferrer noopener\"><strong>CONFIRA AQUI A LISTA COMPLETA DE CONCURSOS<\/strong><\/a><\/li><\/ul>\n\n\n\n<p>Al\u00e9m das vagas abertas, h\u00e1 concursos para forma\u00e7\u00e3o de cadastro de reserva \u2013 ou seja, os candidatos aprovados s\u00e3o chamados conforme a abertura de vagas durante a validade do concurso.<\/p>\n\n\n\n<p><strong>Entre os concursos abertos em \u00f3rg\u00e3os federais, est\u00e3o:<\/strong><\/p>\n\n\n\n<ul class=\"wp-block-list\"><li>Apex Brasil, com 8 vagas<br><\/li><\/ul>\n\n\n\n<ul class=\"wp-block-list\"><li>Ex\u00e9rcito, com dois concursos: um para 19 vagas e outro com 92 vagas<br><\/li><\/ul>\n\n\n\n<ul class=\"wp-block-list\"><li>Ibama, com 1.143 vagas<br><\/li><\/ul>\n\n\n\n<ul class=\"wp-block-list\"><li>IBGE, com 48.535 vagas<br><\/li><\/ul>\n\n\n\n<ul class=\"wp-block-list\"><li>Marinha, com 263 vagas<\/li><\/ul>\n\n\n\n<p><\/p>\n\n\n\n<p>H\u00e1 ainda concursos em tribunais, Minist\u00e9rio P\u00fablico, Defensorias P\u00fablicas, Pol\u00edcia Civil e Militar, Procuradorias e Conselhos Regionais em v\u00e1rios estados.<\/p>\n\n\n\n<p>Nesta segunda, pelo menos 13 \u00f3rg\u00e3os abrem o prazo de inscri\u00e7\u00f5es para 340 vagas em cargos de todos os n\u00edveis de escolaridade. Os sal\u00e1rios chegam a R$ 19.722,56. <strong>Veja abaixo as informa\u00e7\u00f5es de cada concurso:<\/strong><\/p>\n\n\n\n<h2 class=\"wp-block-heading\">C\u00e2mara Municipal de Ita\u00fana (MG)<\/h2>\n\n\n\n<ul class=\"wp-block-list\"><li>Inscri\u00e7\u00f5es: at\u00e9 13\/07\/2022<\/li><li>7 vagas<\/li><li>Sal\u00e1rios de at\u00e9 R$ 5.997,24<\/li><li>Cargos de n\u00edvel m\u00e9dio e superior<\/li><li><a href=\"https:\/\/www.cmitauna.mg.gov.br\/edital#arq\" target=\"_blank\" rel=\"noreferrer noopener\">Veja o edital<\/a><\/li><\/ul>\n\n\n\n<h2 class=\"wp-block-heading\">Cons\u00f3rcio Intermunicipal de Sa\u00fade da Baixada Fluminense (Cisbaf &#8211; RJ)<\/h2>\n\n\n\n<ul class=\"wp-block-list\"><li>Inscri\u00e7\u00f5es: at\u00e9 13\/07\/2022<\/li><li>3 vagas<\/li><li>Sal\u00e1rios de at\u00e9 R$ 1.578,36<\/li><li>Cargos de n\u00edvel m\u00e9dio<\/li><li><a href=\"https:\/\/concursos.ibdoprojetos.org.br\/informacoes\/23\/\" target=\"_blank\" rel=\"noreferrer noopener\">Veja o edital<\/a><\/li><\/ul>\n\n\n\n<h2 class=\"wp-block-heading\">Prefeitura de Arapu\u00e3 (PR)<\/h2>\n\n\n\n<ul class=\"wp-block-list\"><li>Inscri\u00e7\u00f5es: at\u00e9 12\/07\/2022<\/li><li>10 vagas<\/li><li>Sal\u00e1rios de at\u00e9 R$ 14.746,67<\/li><li>Cargos de n\u00edvel fundamental, m\u00e9dio e superior<\/li><li><a href=\"https:\/\/www.fundacaofafipa.org.br\/informacoes\/3797\/\" target=\"_blank\" rel=\"noreferrer noopener\">Veja o edital<\/a><\/li><\/ul>\n\n\n\n<h2 class=\"wp-block-heading\">Prefeitura de Canabrava do Norte (MT)<\/h2>\n\n\n\n<ul class=\"wp-block-list\"><li>Inscri\u00e7\u00f5es: at\u00e9 05\/07\/2022<\/li><li>98 vagas<\/li><li>Sal\u00e1rios de at\u00e9 R$ 4.999,32<\/li><li>Cargos de n\u00edvel fundamental, m\u00e9dio e superior<\/li><li><a href=\"https:\/\/portal.assepublica.selecao.site\/edital\/ver\/12\" target=\"_blank\" rel=\"noreferrer noopener\">Veja o edital<\/a><\/li><\/ul>\n\n\n\n<h2 class=\"wp-block-heading\">Prefeitura de C\u00f3rrego do Ouro (GO)<\/h2>\n\n\n\n<ul class=\"wp-block-list\"><li>Inscri\u00e7\u00f5es: at\u00e9 21\/07\/2022<\/li><li>72 vagas<\/li><li>Sal\u00e1rios de at\u00e9 R$ 11.016,00<\/li><li>Cargos de n\u00edvel fundamental, m\u00e9dio e superior<\/li><li><a href=\"https:\/\/www.aptaconcursos.com.br\/concursos\/publicacoes\/PREFEITURA+MUNICIPAL+DE+C%C3%93RREGO+DO+OURO-+GO\/623\" target=\"_blank\" rel=\"noreferrer noopener\">Veja o edital<\/a><\/li><\/ul>\n\n\n\n<h2 class=\"wp-block-heading\">Prefeitura de Dom Feliciano (RS)<\/h2>\n\n\n\n<ul class=\"wp-block-list\"><li>Inscri\u00e7\u00f5es: at\u00e9 15\/06\/2022<\/li><li>6 vagas<\/li><li>Sal\u00e1rios de at\u00e9 R$ 1.527,93<\/li><li>Cargos de n\u00edvel fundamental<\/li><li><a rel=\"noreferrer noopener\" href=\"https:\/\/www.domfeliciano.rs.gov.br\/portal\/editais\/3\" target=\"_blank\">Veja o edital<\/a> <\/li><\/ul>\n\n\n\n<h2 class=\"wp-block-heading\">Prefeitura de Nova Gl\u00f3ria (GO)<\/h2>\n\n\n\n<ul class=\"wp-block-list\"><li>Inscri\u00e7\u00f5es: at\u00e9 14\/06\/2022<\/li><li>10 vagas<\/li><li>Sal\u00e1rios de at\u00e9 R$ 2.384,61<\/li><li>Cargos de n\u00edvel superior<\/li><li><a href=\"https:\/\/www.novagloria.go.gov.br\/noticia\/325-processo-seletivo-simplificado-0022022---professores-temporrios\" target=\"_blank\" rel=\"noreferrer noopener\">Veja o edital<\/a><\/li><\/ul>\n\n\n\n<h2 class=\"wp-block-heading\">Prefeitura de Renascen\u00e7a (PR)<\/h2>\n\n\n\n<ul class=\"wp-block-list\"><li>Inscri\u00e7\u00f5es: at\u00e9 13\/07\/2022<\/li><li>30 vagas<\/li><li>Sal\u00e1rios de at\u00e9 R$ 19.722,56<\/li><li>Cargos de n\u00edvel fundamental, m\u00e9dio e superior<\/li><li><a href=\"https:\/\/www.concursosfau.com.br\/novo\/\" target=\"_blank\" rel=\"noreferrer noopener\">Veja o edital<\/a><\/li><\/ul>\n\n\n\n<h2 class=\"wp-block-heading\">Prefeitura de Santo Anast\u00e1cio (SP)<\/h2>\n\n\n\n<ul class=\"wp-block-list\"><li>Inscri\u00e7\u00f5es: at\u00e9 28\/06\/2022<\/li><li>21 vagas<\/li><li>Sal\u00e1rios de at\u00e9 R$ 4.222,00<\/li><li>Cargos de n\u00edvel fundamental, m\u00e9dio e superior<\/li><li><a href=\"http:\/\/www.conscamweb.com.br\/concurso\/concursoMaisInformacoes.do?idInstituicao=149&amp;idConcurso=1\" target=\"_blank\" rel=\"noreferrer noopener\">Veja o edital<\/a><\/li><\/ul>\n\n\n\n<h2 class=\"wp-block-heading\">Prefeitura de Senador Guiomard (AC)<\/h2>\n\n\n\n<ul class=\"wp-block-list\"><li>Inscri\u00e7\u00f5es: at\u00e9 14\/06\/2022<\/li><li>38 vagas<\/li><li>Sal\u00e1rios de at\u00e9 R$ 1.600,00<\/li><li>Cargos de n\u00edvel fundamental, m\u00e9dio e superior<\/li><li><a href=\"https:\/\/www.senadorguiomard.ac.gov.br\/product-page\/pss-002-2022-educa%C3%A7%C3%A3o-n%C3%ADvel-m%C3%A9dio-e-superior\" target=\"_blank\" rel=\"noreferrer noopener\">Veja o edital<\/a><\/li><\/ul>\n\n\n\n<h2 class=\"wp-block-heading\">Procuradoria-Geral do Estado do Par\u00e1<\/h2>\n\n\n\n<ul class=\"wp-block-list\"><li>Inscri\u00e7\u00f5es: at\u00e9 01\/07\/2022<\/li><li>10 vagas<\/li><li>Sal\u00e1rios de at\u00e9 R$ 10.533,99<\/li><li>Cargos de n\u00edvel superior<\/li><li><a href=\"https:\/\/www.cebraspe.org.br\/concursos\/PGE_PA_22_PROCURADOR\" target=\"_blank\" rel=\"noreferrer noopener\">Veja o edital<\/a><\/li><\/ul>\n\n\n\n<h2 class=\"wp-block-heading\">Tribunal Regional do Trabalho de Alagoas<\/h2>\n\n\n\n<ul class=\"wp-block-list\"><li>Inscri\u00e7\u00f5es: at\u00e9 06\/07\/2022<\/li><li>8 vagas<\/li><li>Sal\u00e1rios de at\u00e9 R$ 12.455,30<\/li><li>Cargos de n\u00edvel m\u00e9dio e superior<\/li><li><a href=\"https:\/\/www.concursosfcc.com.br\/concursos\/trt19122\/index.html\" target=\"_blank\" rel=\"noreferrer noopener\">Veja o edital<\/a><\/li><\/ul>\n\n\n\n<h2 class=\"wp-block-heading\">Universidade Federal do Rio Grande do Norte (UFRN)<\/h2>\n\n\n\n<ul class=\"wp-block-list\"><li>Inscri\u00e7\u00f5es: at\u00e9 12\/07\/2022<\/li><li>27 vagas<\/li><li>Sal\u00e1rios de at\u00e9 R$ 10.074,18<\/li><li>Cargos de n\u00edvel superior<\/li><li><a href=\"https:\/\/sigrh.ufrn.br\/sigrh\/public\/home.jsf\" target=\"_blank\" rel=\"noreferrer noopener\">Veja o edital<\/a><\/li><\/ul>\n","protected":false},"excerpt":{"rendered":"<p>Cargos s\u00e3o em todos os n\u00edveis de escolaridade. Sal\u00e1rios chegam a R$ 32.004,65 no Tribunal Regional Federal da 4\u00aa Regi\u00e3o. Pelo menos 200 concursos p\u00fablicos no pa\u00eds est\u00e3o com inscri\u00e7\u00f5es abertas nesta segunda-feira (13) e re\u00fanem 66.818 vagas em cargos de todos os n\u00edveis de escolaridade. Somente no IBGE, s\u00e3o 48.535 vagas para recenseadores em [&hellip;]<\/p>\n","protected":false},"author":2,"featured_media":65810,"comment_status":"open","ping_status":"open","sticky":false,"template":"","format":"standard","meta":{"_acf_changed":false,"_monsterinsights_skip_tracking":false,"_monsterinsights_sitenote_active":false,"_monsterinsights_sitenote_note":"","_monsterinsights_sitenote_category":0,"_jetpack_memberships_contains_paid_content":false,"footnotes":"","jetpack_publicize_message":"","jetpack_publicize_feature_enabled":true,"jetpack_social_post_already_shared":true,"jetpack_social_options":{"image_generator_settings":{"template":"highway","default_image_id":0,"font":"","enabled":false},"version":2}},"categories":[5],"tags":[],"class_list":["post-65809","post","type-post","status-publish","format-standard","has-post-thumbnail","hentry","category-cotidiano"],"acf":[],"jetpack_publicize_connections":[],"jetpack_featured_media_url":"https:\/\/i0.wp.com\/blogdoeloiltoncajuhy.com.br\/site\/wp-content\/uploads\/2022\/06\/Prova-de-concurso-publico-%E2%80%94-Foto_Camila-Batista-Semsa.webp?fit=984%2C634&ssl=1","jetpack_sharing_enabled":true,"publishpress_future_workflow_manual_trigger":{"enabledWorkflows":[]},"_links":{"self":[{"href":"https:\/\/blogdoeloiltoncajuhy.com.br\/site\/wp-json\/wp\/v2\/posts\/65809","targetHints":{"allow":["GET"]}}],"collection":[{"href":"https:\/\/blogdoeloiltoncajuhy.com.br\/site\/wp-json\/wp\/v2\/posts"}],"about":[{"href":"https:\/\/blogdoeloiltoncajuhy.com.br\/site\/wp-json\/wp\/v2\/types\/post"}],"author":[{"embeddable":true,"href":"https:\/\/blogdoeloiltoncajuhy.com.br\/site\/wp-json\/wp\/v2\/users\/2"}],"replies":[{"embeddable":true,"href":"https:\/\/blogdoeloiltoncajuhy.com.br\/site\/wp-json\/wp\/v2\/comments?post=65809"}],"version-history":[{"count":2,"href":"https:\/\/blogdoeloiltoncajuhy.com.br\/site\/wp-json\/wp\/v2\/posts\/65809\/revisions"}],"predecessor-version":[{"id":65812,"href":"https:\/\/blogdoeloiltoncajuhy.com.br\/site\/wp-json\/wp\/v2\/posts\/65809\/revisions\/65812"}],"wp:featuredmedia":[{"embeddable":true,"href":"https:\/\/blogdoeloiltoncajuhy.com.br\/site\/wp-json\/wp\/v2\/media\/65810"}],"wp:attachment":[{"href":"https:\/\/blogdoeloiltoncajuhy.com.br\/site\/wp-json\/wp\/v2\/media?parent=65809"}],"wp:term":[{"taxonomy":"category","embeddable":true,"href":"https:\/\/blogdoeloiltoncajuhy.com.br\/site\/wp-json\/wp\/v2\/categories?post=65809"},{"taxonomy":"post_tag","embeddable":true,"href":"https:\/\/blogdoeloiltoncajuhy.com.br\/site\/wp-json\/wp\/v2\/tags?post=65809"}],"curies":[{"name":"wp","href":"https:\/\/api.w.org\/{rel}","templated":true}]}}