{"id":65804,"date":"2022-06-13T07:50:15","date_gmt":"2022-06-13T10:50:15","guid":{"rendered":"http:\/\/blogdoeloiltoncajuhy.com.br\/site\/?p=65804"},"modified":"2022-06-13T07:50:17","modified_gmt":"2022-06-13T10:50:17","slug":"justica-proibe-maiara-e-maraisa-de-usarem-marca-as-patroas-entenda","status":"publish","type":"post","link":"https:\/\/blogdoeloiltoncajuhy.com.br\/site\/justica-proibe-maiara-e-maraisa-de-usarem-marca-as-patroas-entenda\/","title":{"rendered":"Justi\u00e7a pro\u00edbe Maiara e Maraisa de usarem marca &#8216;As Patroas&#8217;; entenda"},"content":{"rendered":"\n<figure class=\"wp-block-image aligncenter size-full\"><a href=\"https:\/\/i0.wp.com\/blogdoeloiltoncajuhy.com.br\/site\/wp-content\/uploads\/2022\/06\/As-Patroas-13062022-01.webp\"><img data-recalc-dims=\"1\" fetchpriority=\"high\" decoding=\"async\" width=\"648\" height=\"434\" src=\"https:\/\/i0.wp.com\/blogdoeloiltoncajuhy.com.br\/site\/wp-content\/uploads\/2022\/06\/As-Patroas-13062022-01.webp?resize=648%2C434\" alt=\"\" class=\"wp-image-65805\" srcset=\"https:\/\/i0.wp.com\/blogdoeloiltoncajuhy.com.br\/site\/wp-content\/uploads\/2022\/06\/As-Patroas-13062022-01.webp?w=648&amp;ssl=1 648w, https:\/\/i0.wp.com\/blogdoeloiltoncajuhy.com.br\/site\/wp-content\/uploads\/2022\/06\/As-Patroas-13062022-01.webp?resize=300%2C201&amp;ssl=1 300w\" sizes=\"(max-width: 648px) 100vw, 648px\" \/><\/a><figcaption><sub>Mar\u00edlia Mendon\u00e7a e Maiara &amp; Maraisa se apresentando em show das Patroas | Foto: Cifra Club<\/sub><\/figcaption><\/figure>\n\n\n\n<p>A dupla Maiara e Maraisa e o escrit\u00f3rio WorkShow, respons\u00e1vel por cuidar da carreira das cantoras e de Mar\u00edlia Mendon\u00e7a, est\u00e3o impedidos de usar a marca &#8216;A Patroa&#8217;, no plural ou singular, ap\u00f3s decis\u00e3o da Justi\u00e7a na Bahia.<\/p>\n\n\n\n<p>De acordo com o colunista Lucas Pasin, do Splash, uma liminar determinou que qualquer utiliza\u00e7\u00e3o da marca ocorrer\u00e1 em uma multa de R$ 100 mil por uso.<\/p>\n\n\n\n<p>A determina\u00e7\u00e3o ocorreu depois da cantora baiana Daisy Soares ter sido reconhecida como propriet\u00e1ria da marca em documento deferido pelo juiz substituto Argemiro de Azevedo Dutra, da 2\u00aa Vara Empresarial de Salvador, Bahia.<\/p>\n\n\n\n<figure class=\"wp-block-image aligncenter size-full is-resized\"><a href=\"https:\/\/i0.wp.com\/blogdoeloiltoncajuhy.com.br\/site\/wp-content\/uploads\/2022\/06\/As-Patroas-13062022-02.jpg\"><img data-recalc-dims=\"1\" decoding=\"async\" src=\"https:\/\/i0.wp.com\/blogdoeloiltoncajuhy.com.br\/site\/wp-content\/uploads\/2022\/06\/As-Patroas-13062022-02.jpg?resize=541%2C541\" alt=\"\" class=\"wp-image-65806\" width=\"541\" height=\"541\" srcset=\"https:\/\/i0.wp.com\/blogdoeloiltoncajuhy.com.br\/site\/wp-content\/uploads\/2022\/06\/As-Patroas-13062022-02.jpg?w=899&amp;ssl=1 899w, https:\/\/i0.wp.com\/blogdoeloiltoncajuhy.com.br\/site\/wp-content\/uploads\/2022\/06\/As-Patroas-13062022-02.jpg?resize=300%2C300&amp;ssl=1 300w, https:\/\/i0.wp.com\/blogdoeloiltoncajuhy.com.br\/site\/wp-content\/uploads\/2022\/06\/As-Patroas-13062022-02.jpg?resize=150%2C150&amp;ssl=1 150w, https:\/\/i0.wp.com\/blogdoeloiltoncajuhy.com.br\/site\/wp-content\/uploads\/2022\/06\/As-Patroas-13062022-02.jpg?resize=768%2C768&amp;ssl=1 768w\" sizes=\"(max-width: 541px) 100vw, 541px\" \/><\/a><figcaption><sub>Foto: Reprodu\u00e7\u00e3o \/ Instagram<\/sub><\/figcaption><\/figure>\n\n\n\n<p>De acordo com a artista baiana, desde 2013 ela se apresenta como &#8216;A Patroa&#8217;. Em 2017, com o crescimento da marca, ela conseguiu junto ao Instituto Nacional de Propriedade Industrial (INPI) o registro do t\u00edtulo, sendo a leg\u00edtima titular da marca.<\/p>\n\n\n\n<p>Ainda de acordo com a reportagem, Daisy conta no processo que realizou diversas reuni\u00f5es com advogados da WorkShow, e tamb\u00e9m com as cantoras. A baiana aponta, no entanto, que n\u00e3o conseguiu realizar um acordo de forma amig\u00e1vel e precisou entrar na Justi\u00e7a.<\/p>\n\n\n\n<p>Apesar da tutela de proibi\u00e7\u00e3o do uso da marca &#8216;As Patroas&#8217;, Maiara e Maraisa e a WorkShow ainda n\u00e3o sofreram com uma senten\u00e7a final e definitiva do processo na Justi\u00e7a, e podem reverter a decis\u00e3o.<\/p>\n","protected":false},"excerpt":{"rendered":"<p>A dupla Maiara e Maraisa e o escrit\u00f3rio WorkShow, respons\u00e1vel por cuidar da carreira das cantoras e de Mar\u00edlia Mendon\u00e7a, est\u00e3o impedidos de usar a marca &#8216;A Patroa&#8217;, no plural ou singular, ap\u00f3s decis\u00e3o da Justi\u00e7a na Bahia. De acordo com o colunista Lucas Pasin, do Splash, uma liminar determinou que qualquer utiliza\u00e7\u00e3o da marca [&hellip;]<\/p>\n","protected":false},"author":2,"featured_media":65805,"comment_status":"open","ping_status":"open","sticky":false,"template":"","format":"standard","meta":{"_acf_changed":false,"_monsterinsights_skip_tracking":false,"_monsterinsights_sitenote_active":false,"_monsterinsights_sitenote_note":"","_monsterinsights_sitenote_category":0,"_jetpack_memberships_contains_paid_content":false,"footnotes":"","jetpack_publicize_message":"","jetpack_publicize_feature_enabled":true,"jetpack_social_post_already_shared":true,"jetpack_social_options":{"image_generator_settings":{"template":"highway","default_image_id":0,"font":"","enabled":false},"version":2}},"categories":[8],"tags":[],"class_list":["post-65804","post","type-post","status-publish","format-standard","has-post-thumbnail","hentry","category-cultura"],"acf":[],"jetpack_publicize_connections":[],"jetpack_featured_media_url":"https:\/\/i0.wp.com\/blogdoeloiltoncajuhy.com.br\/site\/wp-content\/uploads\/2022\/06\/As-Patroas-13062022-01.webp?fit=648%2C434&ssl=1","jetpack_sharing_enabled":true,"publishpress_future_workflow_manual_trigger":{"enabledWorkflows":[]},"_links":{"self":[{"href":"https:\/\/blogdoeloiltoncajuhy.com.br\/site\/wp-json\/wp\/v2\/posts\/65804","targetHints":{"allow":["GET"]}}],"collection":[{"href":"https:\/\/blogdoeloiltoncajuhy.com.br\/site\/wp-json\/wp\/v2\/posts"}],"about":[{"href":"https:\/\/blogdoeloiltoncajuhy.com.br\/site\/wp-json\/wp\/v2\/types\/post"}],"author":[{"embeddable":true,"href":"https:\/\/blogdoeloiltoncajuhy.com.br\/site\/wp-json\/wp\/v2\/users\/2"}],"replies":[{"embeddable":true,"href":"https:\/\/blogdoeloiltoncajuhy.com.br\/site\/wp-json\/wp\/v2\/comments?post=65804"}],"version-history":[{"count":2,"href":"https:\/\/blogdoeloiltoncajuhy.com.br\/site\/wp-json\/wp\/v2\/posts\/65804\/revisions"}],"predecessor-version":[{"id":65808,"href":"https:\/\/blogdoeloiltoncajuhy.com.br\/site\/wp-json\/wp\/v2\/posts\/65804\/revisions\/65808"}],"wp:featuredmedia":[{"embeddable":true,"href":"https:\/\/blogdoeloiltoncajuhy.com.br\/site\/wp-json\/wp\/v2\/media\/65805"}],"wp:attachment":[{"href":"https:\/\/blogdoeloiltoncajuhy.com.br\/site\/wp-json\/wp\/v2\/media?parent=65804"}],"wp:term":[{"taxonomy":"category","embeddable":true,"href":"https:\/\/blogdoeloiltoncajuhy.com.br\/site\/wp-json\/wp\/v2\/categories?post=65804"},{"taxonomy":"post_tag","embeddable":true,"href":"https:\/\/blogdoeloiltoncajuhy.com.br\/site\/wp-json\/wp\/v2\/tags?post=65804"}],"curies":[{"name":"wp","href":"https:\/\/api.w.org\/{rel}","templated":true}]}}