{"id":65692,"date":"2022-06-08T20:10:43","date_gmt":"2022-06-08T23:10:43","guid":{"rendered":"http:\/\/blogdoeloiltoncajuhy.com.br\/site\/?p=65692"},"modified":"2022-06-08T20:10:44","modified_gmt":"2022-06-08T23:10:44","slug":"60-dos-baianos-vacinados-contra-a-covid-19-nao-reforcaram-a-imunizacao-com-as-3a-e-4a-doses","status":"publish","type":"post","link":"https:\/\/blogdoeloiltoncajuhy.com.br\/site\/60-dos-baianos-vacinados-contra-a-covid-19-nao-reforcaram-a-imunizacao-com-as-3a-e-4a-doses\/","title":{"rendered":"60% dos baianos vacinados contra a Covid-19 n\u00e3o refor\u00e7aram a imuniza\u00e7\u00e3o com as 3\u00aa e 4\u00aa doses"},"content":{"rendered":"\n<figure class=\"wp-block-image aligncenter size-large is-resized\"><a href=\"https:\/\/i0.wp.com\/blogdoeloiltoncajuhy.com.br\/site\/wp-content\/uploads\/2022\/06\/vacinacao.jpg\"><img data-recalc-dims=\"1\" fetchpriority=\"high\" decoding=\"async\" src=\"https:\/\/i0.wp.com\/blogdoeloiltoncajuhy.com.br\/site\/wp-content\/uploads\/2022\/06\/vacinacao.jpg?resize=632%2C422\" alt=\"\" class=\"wp-image-65693\" width=\"632\" height=\"422\" srcset=\"https:\/\/i0.wp.com\/blogdoeloiltoncajuhy.com.br\/site\/wp-content\/uploads\/2022\/06\/vacinacao.jpg?resize=1024%2C683&amp;ssl=1 1024w, https:\/\/i0.wp.com\/blogdoeloiltoncajuhy.com.br\/site\/wp-content\/uploads\/2022\/06\/vacinacao.jpg?resize=300%2C200&amp;ssl=1 300w, https:\/\/i0.wp.com\/blogdoeloiltoncajuhy.com.br\/site\/wp-content\/uploads\/2022\/06\/vacinacao.jpg?resize=768%2C512&amp;ssl=1 768w, https:\/\/i0.wp.com\/blogdoeloiltoncajuhy.com.br\/site\/wp-content\/uploads\/2022\/06\/vacinacao.jpg?resize=1536%2C1024&amp;ssl=1 1536w, https:\/\/i0.wp.com\/blogdoeloiltoncajuhy.com.br\/site\/wp-content\/uploads\/2022\/06\/vacinacao.jpg?resize=2048%2C1365&amp;ssl=1 2048w, https:\/\/i0.wp.com\/blogdoeloiltoncajuhy.com.br\/site\/wp-content\/uploads\/2022\/06\/vacinacao.jpg?w=1600 1600w\" sizes=\"(max-width: 632px) 100vw, 632px\" \/><\/a><figcaption><sub>Foto: Leonardo Rattes\/Sa\u00fade GOVBA<\/sub><\/figcaption><\/figure>\n\n\n\n<p>Do total de 11,6 milh\u00f5es de baianos vacinados com as 1\u00aa e 2\u00aa doses de vacina contra a Covid-19, cerca de 6,1 milh\u00f5es de pessoas simplesmente n\u00e3o voltaram aos postos para refor\u00e7ar a imuniza\u00e7\u00e3o com as 3\u00aa e 4\u00aa doses. Ou seja, 60% das pessoas est\u00e3o negligenciando a prote\u00e7\u00e3o adicional garantida pelo SUS.<\/p>\n\n\n\n<p>\u201cA imunidade cai ap\u00f3s 5 meses da vacina\u00e7\u00e3o. Por isso \u00e9 t\u00e3o importante, neste momento pr\u00e9-festejos juninos em que grande parte da popula\u00e7\u00e3o se aglomera para dan\u00e7ar, beber e comer, que a popula\u00e7\u00e3o reforce sua prote\u00e7\u00e3o a fim de evitar um novo boom de casos ap\u00f3s o S\u00e3o Jo\u00e3o\u201d, esclarece a secret\u00e1ria da Sa\u00fade do Estado da Bahia, Ad\u00e9lia Pinheiro.<\/p>\n\n\n\n<p>A despeito do aumento do n\u00famero de casos verificado nas duas \u00faltimas semanas, a titular da Sesab esclarece que, no momento, os indicadores avaliados n\u00e3o justificam uma suspens\u00e3o de eventos ou ado\u00e7\u00e3o de alguma medida restritiva.<\/p>\n\n\n\n<p>&#8220;Ainda que o n\u00famero de casos ativos tenha crescido, os n\u00fameros de interna\u00e7\u00f5es e de \u00f3bitos n\u00e3o sofreram altera\u00e7\u00f5es, o que permite que os eventos sejam mantidos ressaltando a import\u00e2ncia da vacina\u00e7\u00e3o&#8221;, pontua Ad\u00e9lia.<\/p>\n\n\n\n<p>A Sesab realiza a distribui\u00e7\u00e3o das vacinas para os 417 munic\u00edpios do estado e os orienta a realizarem a\u00e7\u00f5es, junto \u00e0s lideran\u00e7as locais, destacando a import\u00e2ncia da vacina\u00e7\u00e3o, envolvendo a aten\u00e7\u00e3o b\u00e1sica e os agentes de sa\u00fade da fam\u00edlia para a busca ativa das pessoas com esquema vacinal incompleto. A Secretaria Estadual da Sa\u00fade tamb\u00e9m elabora e divulga notas t\u00e9cnicas e alertas epidemiol\u00f3gicos; material educativo com refor\u00e7o \u00e0s orienta\u00e7\u00f5es de preven\u00e7\u00e3o e controle da doen\u00e7a, al\u00e9m de reuni\u00f5es peri\u00f3dicas com as equipes t\u00e9cnicas regionais de sa\u00fade.<\/p>\n\n\n\n<p>Segundo a diretora da Vigil\u00e2ncia Epidemiol\u00f3gica Estadual M\u00e1rcia S\u00e3o Pedro, a ado\u00e7\u00e3o da dose de refor\u00e7o das vacinas contra covid-19 \u00e9 um importante avan\u00e7o no enfrentamento do v\u00edrus.<\/p>\n\n\n\n<p>\u201cEla garante prote\u00e7\u00e3o ao indiv\u00edduo e bloqueia a transmiss\u00e3o coletiva do v\u00edrus. Depois disso, a orienta\u00e7\u00e3o para quem vai celebrar os festejos juninos \u00e9 dar prefer\u00eancia a espa\u00e7os abertos\u201d, refor\u00e7a a sanitarista.<\/p>\n","protected":false},"excerpt":{"rendered":"<p>Do total de 11,6 milh\u00f5es de baianos vacinados com as 1\u00aa e 2\u00aa doses de vacina contra a Covid-19, cerca de 6,1 milh\u00f5es de pessoas simplesmente n\u00e3o voltaram aos postos para refor\u00e7ar a imuniza\u00e7\u00e3o com as 3\u00aa e 4\u00aa doses. Ou seja, 60% das pessoas est\u00e3o negligenciando a prote\u00e7\u00e3o adicional garantida pelo SUS. \u201cA imunidade [&hellip;]<\/p>\n","protected":false},"author":2,"featured_media":65693,"comment_status":"open","ping_status":"open","sticky":false,"template":"","format":"standard","meta":{"_acf_changed":false,"_monsterinsights_skip_tracking":false,"_monsterinsights_sitenote_active":false,"_monsterinsights_sitenote_note":"","_monsterinsights_sitenote_category":0,"_jetpack_memberships_contains_paid_content":false,"footnotes":"","jetpack_publicize_message":"","jetpack_publicize_feature_enabled":true,"jetpack_social_post_already_shared":true,"jetpack_social_options":{"image_generator_settings":{"template":"highway","default_image_id":0,"font":"","enabled":false},"version":2}},"categories":[7],"tags":[],"class_list":["post-65692","post","type-post","status-publish","format-standard","has-post-thumbnail","hentry","category-saude"],"acf":[],"jetpack_publicize_connections":[],"jetpack_featured_media_url":"https:\/\/i0.wp.com\/blogdoeloiltoncajuhy.com.br\/site\/wp-content\/uploads\/2022\/06\/vacinacao.jpg?fit=2126%2C1417&ssl=1","jetpack_sharing_enabled":true,"publishpress_future_workflow_manual_trigger":{"enabledWorkflows":[]},"_links":{"self":[{"href":"https:\/\/blogdoeloiltoncajuhy.com.br\/site\/wp-json\/wp\/v2\/posts\/65692","targetHints":{"allow":["GET"]}}],"collection":[{"href":"https:\/\/blogdoeloiltoncajuhy.com.br\/site\/wp-json\/wp\/v2\/posts"}],"about":[{"href":"https:\/\/blogdoeloiltoncajuhy.com.br\/site\/wp-json\/wp\/v2\/types\/post"}],"author":[{"embeddable":true,"href":"https:\/\/blogdoeloiltoncajuhy.com.br\/site\/wp-json\/wp\/v2\/users\/2"}],"replies":[{"embeddable":true,"href":"https:\/\/blogdoeloiltoncajuhy.com.br\/site\/wp-json\/wp\/v2\/comments?post=65692"}],"version-history":[{"count":2,"href":"https:\/\/blogdoeloiltoncajuhy.com.br\/site\/wp-json\/wp\/v2\/posts\/65692\/revisions"}],"predecessor-version":[{"id":65695,"href":"https:\/\/blogdoeloiltoncajuhy.com.br\/site\/wp-json\/wp\/v2\/posts\/65692\/revisions\/65695"}],"wp:featuredmedia":[{"embeddable":true,"href":"https:\/\/blogdoeloiltoncajuhy.com.br\/site\/wp-json\/wp\/v2\/media\/65693"}],"wp:attachment":[{"href":"https:\/\/blogdoeloiltoncajuhy.com.br\/site\/wp-json\/wp\/v2\/media?parent=65692"}],"wp:term":[{"taxonomy":"category","embeddable":true,"href":"https:\/\/blogdoeloiltoncajuhy.com.br\/site\/wp-json\/wp\/v2\/categories?post=65692"},{"taxonomy":"post_tag","embeddable":true,"href":"https:\/\/blogdoeloiltoncajuhy.com.br\/site\/wp-json\/wp\/v2\/tags?post=65692"}],"curies":[{"name":"wp","href":"https:\/\/api.w.org\/{rel}","templated":true}]}}