{"id":65688,"date":"2022-06-08T19:58:11","date_gmt":"2022-06-08T22:58:11","guid":{"rendered":"http:\/\/blogdoeloiltoncajuhy.com.br\/site\/?p=65688"},"modified":"2022-06-08T19:58:13","modified_gmt":"2022-06-08T22:58:13","slug":"sesi-bahia-abre-mais-de-2-300-vagas-gratuitas-para-cursos-de-jovens-e-adultos-confira-como-participar","status":"publish","type":"post","link":"https:\/\/blogdoeloiltoncajuhy.com.br\/site\/sesi-bahia-abre-mais-de-2-300-vagas-gratuitas-para-cursos-de-jovens-e-adultos-confira-como-participar\/","title":{"rendered":"Sesi Bahia abre mais de 2.300 vagas gratuitas para cursos de jovens e adultos; confira como participar"},"content":{"rendered":"\n<p class=\"has-text-align-center has-medium-font-size\"><em>Interessados devem efetuar a inscri\u00e7\u00e3o atrav\u00e9s do site at\u00e9 o dia 1\u00aa de agosto. H\u00e1 vagas para Salvador, Feira de Santana e outras quatro cidades do interior.<\/em><\/p>\n\n\n\n<figure class=\"wp-block-image aligncenter size-full is-resized\"><a href=\"https:\/\/i0.wp.com\/blogdoeloiltoncajuhy.com.br\/site\/wp-content\/uploads\/2022\/06\/educacao-de-jovens-e-adultos-foto-sesi.webp\"><img data-recalc-dims=\"1\" fetchpriority=\"high\" decoding=\"async\" src=\"https:\/\/i0.wp.com\/blogdoeloiltoncajuhy.com.br\/site\/wp-content\/uploads\/2022\/06\/educacao-de-jovens-e-adultos-foto-sesi.webp?resize=587%2C391\" alt=\"\" class=\"wp-image-65689\" width=\"587\" height=\"391\" srcset=\"https:\/\/i0.wp.com\/blogdoeloiltoncajuhy.com.br\/site\/wp-content\/uploads\/2022\/06\/educacao-de-jovens-e-adultos-foto-sesi.webp?w=984&amp;ssl=1 984w, https:\/\/i0.wp.com\/blogdoeloiltoncajuhy.com.br\/site\/wp-content\/uploads\/2022\/06\/educacao-de-jovens-e-adultos-foto-sesi.webp?resize=300%2C200&amp;ssl=1 300w, https:\/\/i0.wp.com\/blogdoeloiltoncajuhy.com.br\/site\/wp-content\/uploads\/2022\/06\/educacao-de-jovens-e-adultos-foto-sesi.webp?resize=768%2C512&amp;ssl=1 768w\" sizes=\"(max-width: 587px) 100vw, 587px\" \/><\/a><figcaption><sub>SESI Bahia tem mais de 2.300 vagas gratuitas de EJA abertas \u2014 Foto: SESI<\/sub><\/figcaption><\/figure>\n\n\n\n<p>Os cursos de Educa\u00e7\u00e3o de Jovens e Adultos a Dist\u00e2ncia, do Servi\u00e7o Social da Ind\u00fastria (SESI Bahia), est\u00e3o com 2.380 vagas gratuitas abertas. O curso \u00e9 reconhecido pelo Conselho Estadual de Educa\u00e7\u00e3o.<\/p>\n\n\n\n<p>Estudantes maiores de 18 anos que n\u00e3o conclu\u00edram o Ensino Fundamental II (6\u00ba ao 9\u00ba ano) e o Ensino M\u00e9dio (1\u00ba ao 3\u00ba ano), podem se inscrever nos cursos. Os interessados devem efetuar a inscri\u00e7\u00e3o atrav\u00e9s do site do SESI Bahia, at\u00e9 o dia 1\u00aa de agosto.<\/p>\n\n\n\n<p>As vagas est\u00e3o distribu\u00eddas em diversos munic\u00edpios do estado. Em Salvador, h\u00e1 770 vagas dispon\u00edveis, enquanto Feira de Santana e Ilh\u00e9us contam com 300 oportunidades cada. A cidade de Juazeiro tem 360 vagas, Teixeira de Freitas tem 400 e Vit\u00f3ria da Conquista 250.<\/p>\n\n\n\n<p>Os cursos s\u00e3o realizados na modalidade a dist\u00e2ncia (EaD), com 80% das aulas on-line, em plataforma de estudos do SESI, e 20% presenciais.<\/p>\n\n\n\n<p>Mais informa\u00e7\u00f5es podem ser obtidas pelo e-mail: sesieja@fieb.org.br ou nas Escolas SESI dos munic\u00edpios de Feira de Santana, Ilh\u00e9us, Juazeiro, Salvador, Teixeira de Freitas e Vit\u00f3ria da Conquista.<\/p>\n","protected":false},"excerpt":{"rendered":"<p>Interessados devem efetuar a inscri\u00e7\u00e3o atrav\u00e9s do site at\u00e9 o dia 1\u00aa de agosto. H\u00e1 vagas para Salvador, Feira de Santana e outras quatro cidades do interior. Os cursos de Educa\u00e7\u00e3o de Jovens e Adultos a Dist\u00e2ncia, do Servi\u00e7o Social da Ind\u00fastria (SESI Bahia), est\u00e3o com 2.380 vagas gratuitas abertas. O curso \u00e9 reconhecido pelo [&hellip;]<\/p>\n","protected":false},"author":2,"featured_media":65689,"comment_status":"open","ping_status":"open","sticky":false,"template":"","format":"standard","meta":{"_acf_changed":false,"_monsterinsights_skip_tracking":false,"_monsterinsights_sitenote_active":false,"_monsterinsights_sitenote_note":"","_monsterinsights_sitenote_category":0,"_jetpack_memberships_contains_paid_content":false,"footnotes":"","jetpack_publicize_message":"","jetpack_publicize_feature_enabled":true,"jetpack_social_post_already_shared":true,"jetpack_social_options":{"image_generator_settings":{"template":"highway","default_image_id":0,"font":"","enabled":false},"version":2}},"categories":[14],"tags":[],"class_list":["post-65688","post","type-post","status-publish","format-standard","has-post-thumbnail","hentry","category-educacao"],"acf":[],"jetpack_publicize_connections":[],"jetpack_featured_media_url":"https:\/\/i0.wp.com\/blogdoeloiltoncajuhy.com.br\/site\/wp-content\/uploads\/2022\/06\/educacao-de-jovens-e-adultos-foto-sesi.webp?fit=984%2C656&ssl=1","jetpack_sharing_enabled":true,"publishpress_future_workflow_manual_trigger":{"enabledWorkflows":[]},"_links":{"self":[{"href":"https:\/\/blogdoeloiltoncajuhy.com.br\/site\/wp-json\/wp\/v2\/posts\/65688","targetHints":{"allow":["GET"]}}],"collection":[{"href":"https:\/\/blogdoeloiltoncajuhy.com.br\/site\/wp-json\/wp\/v2\/posts"}],"about":[{"href":"https:\/\/blogdoeloiltoncajuhy.com.br\/site\/wp-json\/wp\/v2\/types\/post"}],"author":[{"embeddable":true,"href":"https:\/\/blogdoeloiltoncajuhy.com.br\/site\/wp-json\/wp\/v2\/users\/2"}],"replies":[{"embeddable":true,"href":"https:\/\/blogdoeloiltoncajuhy.com.br\/site\/wp-json\/wp\/v2\/comments?post=65688"}],"version-history":[{"count":2,"href":"https:\/\/blogdoeloiltoncajuhy.com.br\/site\/wp-json\/wp\/v2\/posts\/65688\/revisions"}],"predecessor-version":[{"id":65691,"href":"https:\/\/blogdoeloiltoncajuhy.com.br\/site\/wp-json\/wp\/v2\/posts\/65688\/revisions\/65691"}],"wp:featuredmedia":[{"embeddable":true,"href":"https:\/\/blogdoeloiltoncajuhy.com.br\/site\/wp-json\/wp\/v2\/media\/65689"}],"wp:attachment":[{"href":"https:\/\/blogdoeloiltoncajuhy.com.br\/site\/wp-json\/wp\/v2\/media?parent=65688"}],"wp:term":[{"taxonomy":"category","embeddable":true,"href":"https:\/\/blogdoeloiltoncajuhy.com.br\/site\/wp-json\/wp\/v2\/categories?post=65688"},{"taxonomy":"post_tag","embeddable":true,"href":"https:\/\/blogdoeloiltoncajuhy.com.br\/site\/wp-json\/wp\/v2\/tags?post=65688"}],"curies":[{"name":"wp","href":"https:\/\/api.w.org\/{rel}","templated":true}]}}