{"id":65682,"date":"2022-06-08T19:25:23","date_gmt":"2022-06-08T22:25:23","guid":{"rendered":"http:\/\/blogdoeloiltoncajuhy.com.br\/site\/?p=65682"},"modified":"2022-06-08T19:25:24","modified_gmt":"2022-06-08T22:25:24","slug":"bahia-registra-791-casos-de-covid-19-e-2-obitos-nas-ultimas-24-horas","status":"publish","type":"post","link":"https:\/\/blogdoeloiltoncajuhy.com.br\/site\/bahia-registra-791-casos-de-covid-19-e-2-obitos-nas-ultimas-24-horas\/","title":{"rendered":"Bahia registra 791 casos de Covid-19 e 2 \u00f3bitos nas \u00faltimas 24 horas"},"content":{"rendered":"\n<figure class=\"wp-block-image aligncenter size-full is-resized\"><a href=\"https:\/\/i0.wp.com\/blogdoeloiltoncajuhy.com.br\/site\/wp-content\/uploads\/2021\/02\/Coronavirus-Boletim-Estado_8860.png\"><img data-recalc-dims=\"1\" fetchpriority=\"high\" decoding=\"async\" src=\"https:\/\/i0.wp.com\/blogdoeloiltoncajuhy.com.br\/site\/wp-content\/uploads\/2021\/02\/Coronavirus-Boletim-Estado_8860.png?resize=576%2C384\" alt=\"Bahia registra 146 novos casos de Covid-19 e mais 3 \u00f3bitos pela doen\u00e7a\" class=\"wp-image-60904\" width=\"576\" height=\"384\"\/><\/a><\/figure>\n\n\n\n<p>Na Bahia, nas \u00faltimas 24 horas, foram registrados 791 casos de Covid-19 (taxa de crescimento de +0,05%) e 511 recuperados (+0,03%). Dos 1.552.199 casos confirmados desde o in\u00edcio da pandemia, 1.520.477 j\u00e1 s\u00e3o considerados recuperados, 1.772 encontram-se ativos e 29.950 tiveram \u00f3bito confirmado. Nas \u00faltimas 24h, o estado registrou 2 \u00f3bitos. Os dados ainda refletem o ac\u00famulo de casos ocorrido nos \u00faltimos quatro dias por conta da inoper\u00e2ncia dos sistemas do Minist\u00e9rio da Sa\u00fade e podem sofrer altera\u00e7\u00f5es. A base ministerial tem, eventualmente, disponibilizado informa\u00e7\u00f5es inconsistentes ou incompletas.<\/p>\n\n\n\n<p>O boletim epidemiol\u00f3gico desta quarta-feira contabiliza ainda 1.892.359 casos descartados e 336.211 em investiga\u00e7\u00e3o. Estes dados representam notifica\u00e7\u00f5es oficiais compiladas pela Diretoria de Vigil\u00e2ncia Epidemiol\u00f3gica em Sa\u00fade da Bahia (Divep-BA), em conjunto com as vigil\u00e2ncias municipais e as bases de dados do Minist\u00e9rio da Sa\u00fade at\u00e9 \u00e0s 17 horas desta quarta-feira. Na Bahia, 63.574 profissionais da sa\u00fade foram confirmados para Covid-19. Para acessar o boletim completo, clique aqui ou acesse o Business Intelligence.<\/p>\n\n\n\n<p class=\"has-black-color has-text-color has-medium-font-size\"><strong>Vacina\u00e7\u00e3o<\/strong><\/p>\n\n\n\n<p>At\u00e9 o momento temos 11.602.887 pessoas vacinadas com a primeira dose, 10.698.065 com a segunda dose ou dose \u00fanica, 5.978.981 com a dose de refor\u00e7o e 327.075 com o segundo refor\u00e7o. Do p\u00fablico de 5 a 11 anos, 953.233 crian\u00e7as j\u00e1 foram imunizadas com a primeira dose e 514.039 j\u00e1 tomaram tamb\u00e9m a segunda dose.<\/p>\n","protected":false},"excerpt":{"rendered":"<p>Na Bahia, nas \u00faltimas 24 horas, foram registrados 791 casos de Covid-19 (taxa de crescimento de +0,05%) e 511 recuperados (+0,03%). Dos 1.552.199 casos confirmados desde o in\u00edcio da pandemia, 1.520.477 j\u00e1 s\u00e3o considerados recuperados, 1.772 encontram-se ativos e 29.950 tiveram \u00f3bito confirmado. Nas \u00faltimas 24h, o estado registrou 2 \u00f3bitos. Os dados ainda refletem [&hellip;]<\/p>\n","protected":false},"author":2,"featured_media":48467,"comment_status":"open","ping_status":"open","sticky":false,"template":"","format":"standard","meta":{"_acf_changed":false,"_monsterinsights_skip_tracking":false,"_monsterinsights_sitenote_active":false,"_monsterinsights_sitenote_note":"","_monsterinsights_sitenote_category":0,"_jetpack_memberships_contains_paid_content":false,"footnotes":"","jetpack_publicize_message":"","jetpack_publicize_feature_enabled":true,"jetpack_social_post_already_shared":true,"jetpack_social_options":{"image_generator_settings":{"template":"highway","default_image_id":0,"font":"","enabled":false},"version":2}},"categories":[7],"tags":[],"class_list":["post-65682","post","type-post","status-publish","format-standard","has-post-thumbnail","hentry","category-saude"],"acf":[],"jetpack_publicize_connections":[],"jetpack_featured_media_url":"https:\/\/i0.wp.com\/blogdoeloiltoncajuhy.com.br\/site\/wp-content\/uploads\/2020\/08\/Coronavirus-22951.jpg?fit=1200%2C833&ssl=1","jetpack_sharing_enabled":true,"publishpress_future_workflow_manual_trigger":{"enabledWorkflows":[]},"_links":{"self":[{"href":"https:\/\/blogdoeloiltoncajuhy.com.br\/site\/wp-json\/wp\/v2\/posts\/65682","targetHints":{"allow":["GET"]}}],"collection":[{"href":"https:\/\/blogdoeloiltoncajuhy.com.br\/site\/wp-json\/wp\/v2\/posts"}],"about":[{"href":"https:\/\/blogdoeloiltoncajuhy.com.br\/site\/wp-json\/wp\/v2\/types\/post"}],"author":[{"embeddable":true,"href":"https:\/\/blogdoeloiltoncajuhy.com.br\/site\/wp-json\/wp\/v2\/users\/2"}],"replies":[{"embeddable":true,"href":"https:\/\/blogdoeloiltoncajuhy.com.br\/site\/wp-json\/wp\/v2\/comments?post=65682"}],"version-history":[{"count":2,"href":"https:\/\/blogdoeloiltoncajuhy.com.br\/site\/wp-json\/wp\/v2\/posts\/65682\/revisions"}],"predecessor-version":[{"id":65684,"href":"https:\/\/blogdoeloiltoncajuhy.com.br\/site\/wp-json\/wp\/v2\/posts\/65682\/revisions\/65684"}],"wp:featuredmedia":[{"embeddable":true,"href":"https:\/\/blogdoeloiltoncajuhy.com.br\/site\/wp-json\/wp\/v2\/media\/48467"}],"wp:attachment":[{"href":"https:\/\/blogdoeloiltoncajuhy.com.br\/site\/wp-json\/wp\/v2\/media?parent=65682"}],"wp:term":[{"taxonomy":"category","embeddable":true,"href":"https:\/\/blogdoeloiltoncajuhy.com.br\/site\/wp-json\/wp\/v2\/categories?post=65682"},{"taxonomy":"post_tag","embeddable":true,"href":"https:\/\/blogdoeloiltoncajuhy.com.br\/site\/wp-json\/wp\/v2\/tags?post=65682"}],"curies":[{"name":"wp","href":"https:\/\/api.w.org\/{rel}","templated":true}]}}