{"id":65673,"date":"2022-06-08T10:44:11","date_gmt":"2022-06-08T13:44:11","guid":{"rendered":"http:\/\/blogdoeloiltoncajuhy.com.br\/site\/?p=65673"},"modified":"2022-06-08T10:44:12","modified_gmt":"2022-06-08T13:44:12","slug":"empreendimento-de-senhor-do-bonfim-atendido-pelo-cesol-e-destaque-no-globo-rural","status":"publish","type":"post","link":"https:\/\/blogdoeloiltoncajuhy.com.br\/site\/empreendimento-de-senhor-do-bonfim-atendido-pelo-cesol-e-destaque-no-globo-rural\/","title":{"rendered":"Empreendimento de Senhor do Bonfim atendido pelo Cesol \u00e9 destaque no Globo Rural"},"content":{"rendered":"\n<figure class=\"wp-block-image aligncenter size-large\"><a href=\"https:\/\/i0.wp.com\/blogdoeloiltoncajuhy.com.br\/site\/wp-content\/uploads\/2022\/06\/Bonfim_Beiju-da-Canavieira-Globo-Rural-01.jpg\"><img data-recalc-dims=\"1\" fetchpriority=\"high\" decoding=\"async\" width=\"800\" height=\"450\" src=\"https:\/\/i0.wp.com\/blogdoeloiltoncajuhy.com.br\/site\/wp-content\/uploads\/2022\/06\/Bonfim_Beiju-da-Canavieira-Globo-Rural-01.jpg?resize=800%2C450\" alt=\"\" class=\"wp-image-65674\" srcset=\"https:\/\/i0.wp.com\/blogdoeloiltoncajuhy.com.br\/site\/wp-content\/uploads\/2022\/06\/Bonfim_Beiju-da-Canavieira-Globo-Rural-01.jpg?resize=1024%2C576&amp;ssl=1 1024w, https:\/\/i0.wp.com\/blogdoeloiltoncajuhy.com.br\/site\/wp-content\/uploads\/2022\/06\/Bonfim_Beiju-da-Canavieira-Globo-Rural-01.jpg?resize=300%2C169&amp;ssl=1 300w, https:\/\/i0.wp.com\/blogdoeloiltoncajuhy.com.br\/site\/wp-content\/uploads\/2022\/06\/Bonfim_Beiju-da-Canavieira-Globo-Rural-01.jpg?resize=768%2C432&amp;ssl=1 768w, https:\/\/i0.wp.com\/blogdoeloiltoncajuhy.com.br\/site\/wp-content\/uploads\/2022\/06\/Bonfim_Beiju-da-Canavieira-Globo-Rural-01.jpg?w=1366&amp;ssl=1 1366w\" sizes=\"(max-width: 800px) 100vw, 800px\" \/><\/a><\/figure>\n\n\n\n<p>A mat\u00e9ria especial foi ao ar no \u00faltimo domingo (05) com cerca de 10 minutos de dura\u00e7\u00e3o, e apresentou as deliciosas iguarias de tapioca produzidas pelo grupo Arte e Cultura da Mandioca do Povoado de Canavieira.<\/p>\n\n\n\n<p>O empreendimento rural \u00e9 atendido pelo Projeto Pr\u00f3-Semi\u00e1rido, atrav\u00e9s da SDR\/CAR\/Governo da Bahia e IDESA &#8211; Instituto de Desenvolvimento do Semi\u00e1rido, al\u00e9m do Centro P\u00fablico de Economia Solid\u00e1ria (Cesol) Piemonte da Diamantina e Mun\u00edcipios.<\/p>\n\n\n\n<p>A reportagem mostra desde o processo de produ\u00e7\u00e3o na casa de farinha de mandioca \u2013 passando pelo fabrico e comercializa\u00e7\u00e3o na feira livre de Senhor do Bonfim.<\/p>\n\n\n\n<p>A identidade visual do empreendimento solid\u00e1rio foi criada recentemente pela equipe t\u00e9cnica do Cesol. Antes, o produto era comercializado sem rotulagem e em sacos pl\u00e1sticos, sem nenhuma identifica\u00e7\u00e3o.<\/p>\n\n\n\n<p>\u2014 A ideia \u00e9 justamente valorizar e fomentar a atividade desenvolvida por eles [empreendimentos da economia solid\u00e1ria], de acordo com sua voca\u00e7\u00e3o, destacou o coordenador-geral do Cesol, Nilo Ramos.<\/p>\n\n\n\n<p>O agr\u00f4nomo do Pr\u00f3-Semi\u00e1rido, Nelson Santana J\u00fanior, participou da mat\u00e9ria ressaltando a efici\u00eancia e a import\u00e2ncia da realiza\u00e7\u00e3o do trabalho como gera\u00e7\u00e3o de renda pelas mulheres da comunidade.<\/p>\n\n\n\n<figure class=\"wp-block-image aligncenter size-large\"><a href=\"https:\/\/i0.wp.com\/blogdoeloiltoncajuhy.com.br\/site\/wp-content\/uploads\/2022\/06\/Bonfim_Beiju-da-Canavieira-Globo-Rural-02.jpg\"><img data-recalc-dims=\"1\" decoding=\"async\" width=\"800\" height=\"450\" src=\"https:\/\/i0.wp.com\/blogdoeloiltoncajuhy.com.br\/site\/wp-content\/uploads\/2022\/06\/Bonfim_Beiju-da-Canavieira-Globo-Rural-02.jpg?resize=800%2C450\" alt=\"\" class=\"wp-image-65675\" srcset=\"https:\/\/i0.wp.com\/blogdoeloiltoncajuhy.com.br\/site\/wp-content\/uploads\/2022\/06\/Bonfim_Beiju-da-Canavieira-Globo-Rural-02.jpg?resize=1024%2C576&amp;ssl=1 1024w, https:\/\/i0.wp.com\/blogdoeloiltoncajuhy.com.br\/site\/wp-content\/uploads\/2022\/06\/Bonfim_Beiju-da-Canavieira-Globo-Rural-02.jpg?resize=300%2C169&amp;ssl=1 300w, https:\/\/i0.wp.com\/blogdoeloiltoncajuhy.com.br\/site\/wp-content\/uploads\/2022\/06\/Bonfim_Beiju-da-Canavieira-Globo-Rural-02.jpg?resize=768%2C432&amp;ssl=1 768w, https:\/\/i0.wp.com\/blogdoeloiltoncajuhy.com.br\/site\/wp-content\/uploads\/2022\/06\/Bonfim_Beiju-da-Canavieira-Globo-Rural-02.jpg?w=1366&amp;ssl=1 1366w\" sizes=\"(max-width: 800px) 100vw, 800px\" \/><\/a><\/figure>\n\n\n\n<p>A produtora Regina e sua m\u00e3e Patr\u00edcia Vieira deram detalhes sobre a produ\u00e7\u00e3o da tapioca colorida. A novidade \u00e9 uma das mais vendidas por elas, e, tamb\u00e9m , chamou a aten\u00e7\u00e3o dos apresentadores do programa.<\/p>\n\n\n\n<p>\u2014 [\u2026] S\u00e3o coloridos com suco de beterraba, maracuj\u00e1 e laranja com couve, ensinou Regina.<\/p>\n\n\n\n<p>O cultivo de mandioca se desenvolve h\u00e1 d\u00e9cadas na comunidade que fica localizada a cerca de 15 quil\u00f4metros de Senhor do Bonfim. A produ\u00e7\u00e3o envolve v\u00e1rias mulheres e \u00e9 ligada a Associa\u00e7\u00e3o de Moradores de Canavieira e Adjac\u00eancia.<\/p>\n\n\n\n<p class=\"has-black-color has-text-color\"><strong>Confira a reportagem:<\/strong><\/p>\n\n\n\n<figure class=\"wp-block-image aligncenter size-large\"><a href=\"https:\/\/i0.wp.com\/blogdoeloiltoncajuhy.com.br\/site\/wp-content\/uploads\/2022\/06\/Bonfim_Beiju-da-Canavieira-Globo-Rural-03.jpg\"><img data-recalc-dims=\"1\" decoding=\"async\" width=\"800\" height=\"450\" src=\"https:\/\/i0.wp.com\/blogdoeloiltoncajuhy.com.br\/site\/wp-content\/uploads\/2022\/06\/Bonfim_Beiju-da-Canavieira-Globo-Rural-03.jpg?resize=800%2C450\" alt=\"\" class=\"wp-image-65676\" srcset=\"https:\/\/i0.wp.com\/blogdoeloiltoncajuhy.com.br\/site\/wp-content\/uploads\/2022\/06\/Bonfim_Beiju-da-Canavieira-Globo-Rural-03.jpg?resize=1024%2C576&amp;ssl=1 1024w, https:\/\/i0.wp.com\/blogdoeloiltoncajuhy.com.br\/site\/wp-content\/uploads\/2022\/06\/Bonfim_Beiju-da-Canavieira-Globo-Rural-03.jpg?resize=300%2C169&amp;ssl=1 300w, https:\/\/i0.wp.com\/blogdoeloiltoncajuhy.com.br\/site\/wp-content\/uploads\/2022\/06\/Bonfim_Beiju-da-Canavieira-Globo-Rural-03.jpg?resize=768%2C432&amp;ssl=1 768w, https:\/\/i0.wp.com\/blogdoeloiltoncajuhy.com.br\/site\/wp-content\/uploads\/2022\/06\/Bonfim_Beiju-da-Canavieira-Globo-Rural-03.jpg?w=1366&amp;ssl=1 1366w\" sizes=\"(max-width: 800px) 100vw, 800px\" \/><\/a><\/figure>\n\n\n\n<p><a href=\"https:\/\/g1.globo.com\/economia\/agronegocios\/globo-rural\/noticia\/2022\/06\/05\/beiju-colorido-melhora-renda-de-mulheres-em-comunidade-no-sertao-da-bahia.ghtml\" target=\"_blank\" rel=\"noreferrer noopener\">https:\/\/g1.globo.com\/economia\/agronegocios\/globo-rural\/noticia\/2022\/06\/05\/beiju-colorido-melhora-renda-de-mulheres-em-comunidade-no-sertao-da-bahia.ghtml<\/a><\/p>\n","protected":false},"excerpt":{"rendered":"<p>A mat\u00e9ria especial foi ao ar no \u00faltimo domingo (05) com cerca de 10 minutos de dura\u00e7\u00e3o, e apresentou as deliciosas iguarias de tapioca produzidas pelo grupo Arte e Cultura da Mandioca do Povoado de Canavieira. O empreendimento rural \u00e9 atendido pelo Projeto Pr\u00f3-Semi\u00e1rido, atrav\u00e9s da SDR\/CAR\/Governo da Bahia e IDESA &#8211; Instituto de Desenvolvimento [&hellip;]<\/p>\n","protected":false},"author":2,"featured_media":65675,"comment_status":"open","ping_status":"open","sticky":false,"template":"","format":"standard","meta":{"_acf_changed":false,"_monsterinsights_skip_tracking":false,"_monsterinsights_sitenote_active":false,"_monsterinsights_sitenote_note":"","_monsterinsights_sitenote_category":0,"_jetpack_memberships_contains_paid_content":false,"footnotes":"","jetpack_publicize_message":"","jetpack_publicize_feature_enabled":true,"jetpack_social_post_already_shared":true,"jetpack_social_options":{"image_generator_settings":{"template":"highway","default_image_id":0,"font":"","enabled":false},"version":2}},"categories":[4],"tags":[],"class_list":["post-65673","post","type-post","status-publish","format-standard","has-post-thumbnail","hentry","category-local"],"acf":[],"jetpack_publicize_connections":[],"jetpack_featured_media_url":"https:\/\/i0.wp.com\/blogdoeloiltoncajuhy.com.br\/site\/wp-content\/uploads\/2022\/06\/Bonfim_Beiju-da-Canavieira-Globo-Rural-02.jpg?fit=1366%2C768&ssl=1","jetpack_sharing_enabled":true,"publishpress_future_workflow_manual_trigger":{"enabledWorkflows":[]},"_links":{"self":[{"href":"https:\/\/blogdoeloiltoncajuhy.com.br\/site\/wp-json\/wp\/v2\/posts\/65673","targetHints":{"allow":["GET"]}}],"collection":[{"href":"https:\/\/blogdoeloiltoncajuhy.com.br\/site\/wp-json\/wp\/v2\/posts"}],"about":[{"href":"https:\/\/blogdoeloiltoncajuhy.com.br\/site\/wp-json\/wp\/v2\/types\/post"}],"author":[{"embeddable":true,"href":"https:\/\/blogdoeloiltoncajuhy.com.br\/site\/wp-json\/wp\/v2\/users\/2"}],"replies":[{"embeddable":true,"href":"https:\/\/blogdoeloiltoncajuhy.com.br\/site\/wp-json\/wp\/v2\/comments?post=65673"}],"version-history":[{"count":2,"href":"https:\/\/blogdoeloiltoncajuhy.com.br\/site\/wp-json\/wp\/v2\/posts\/65673\/revisions"}],"predecessor-version":[{"id":65678,"href":"https:\/\/blogdoeloiltoncajuhy.com.br\/site\/wp-json\/wp\/v2\/posts\/65673\/revisions\/65678"}],"wp:featuredmedia":[{"embeddable":true,"href":"https:\/\/blogdoeloiltoncajuhy.com.br\/site\/wp-json\/wp\/v2\/media\/65675"}],"wp:attachment":[{"href":"https:\/\/blogdoeloiltoncajuhy.com.br\/site\/wp-json\/wp\/v2\/media?parent=65673"}],"wp:term":[{"taxonomy":"category","embeddable":true,"href":"https:\/\/blogdoeloiltoncajuhy.com.br\/site\/wp-json\/wp\/v2\/categories?post=65673"},{"taxonomy":"post_tag","embeddable":true,"href":"https:\/\/blogdoeloiltoncajuhy.com.br\/site\/wp-json\/wp\/v2\/tags?post=65673"}],"curies":[{"name":"wp","href":"https:\/\/api.w.org\/{rel}","templated":true}]}}