{"id":65664,"date":"2022-06-08T09:56:11","date_gmt":"2022-06-08T12:56:11","guid":{"rendered":"http:\/\/blogdoeloiltoncajuhy.com.br\/site\/?p=65664"},"modified":"2022-06-08T09:56:13","modified_gmt":"2022-06-08T12:56:13","slug":"apos-quatro-dias-de-instabilidade-nos-sistemas-do-ministerio-da-saude-bahia-volta-a-divulgar-dados-da-covid-19","status":"publish","type":"post","link":"https:\/\/blogdoeloiltoncajuhy.com.br\/site\/apos-quatro-dias-de-instabilidade-nos-sistemas-do-ministerio-da-saude-bahia-volta-a-divulgar-dados-da-covid-19\/","title":{"rendered":"Ap\u00f3s quatro dias de instabilidade nos sistemas do Minist\u00e9rio da Sa\u00fade, Bahia volta a divulgar dados da Covid-19"},"content":{"rendered":"\n<figure class=\"wp-block-image aligncenter size-full is-resized\"><a href=\"https:\/\/i0.wp.com\/blogdoeloiltoncajuhy.com.br\/site\/wp-content\/uploads\/2022\/01\/Boletim-coronavirus-1_10012022.png\"><img data-recalc-dims=\"1\" fetchpriority=\"high\" decoding=\"async\" src=\"https:\/\/i0.wp.com\/blogdoeloiltoncajuhy.com.br\/site\/wp-content\/uploads\/2022\/01\/Boletim-coronavirus-1_10012022.png?resize=504%2C336\" alt=\"\" class=\"wp-image-62148\" width=\"504\" height=\"336\" srcset=\"https:\/\/i0.wp.com\/blogdoeloiltoncajuhy.com.br\/site\/wp-content\/uploads\/2022\/01\/Boletim-coronavirus-1_10012022.png?w=360&amp;ssl=1 360w, https:\/\/i0.wp.com\/blogdoeloiltoncajuhy.com.br\/site\/wp-content\/uploads\/2022\/01\/Boletim-coronavirus-1_10012022.png?resize=300%2C200&amp;ssl=1 300w\" sizes=\"(max-width: 504px) 100vw, 504px\" \/><\/a><\/figure>\n\n\n\n<p>Ap\u00f3s quatro dias de instabilidade na plataforma e-SUS Notifica e SivepGripe, do Minist\u00e9rio da Sa\u00fade, o registro dos casos da Covid-19 no Brasil voltaram a ser divulgados nesta ter\u00e7a-feira (07). Os n\u00fameros n\u00e3o representam o total de casos das \u00faltimas 24 horas, eles s\u00e3o fruto do ac\u00famulo de notifica\u00e7\u00f5es em virtude da falha nos sistemas do Minist\u00e9rio da Sa\u00fade.<\/p>\n\n\n\n<p>Na Bahia, nas \u00faltimas 96 horas, foram registrados 1.543 casos de Covid-19 (taxa de crescimento de +0,10%) e 996 recuperados (+0,07%). Dos 1.551.408 casos confirmados desde o in\u00edcio da pandemia, 1.519.966 j\u00e1 s\u00e3o considerados recuperados, 1.494 encontram-se ativos e 29.948 tiveram \u00f3bito confirmado. Nas \u00faltimas 24h, o estado registrou 2 \u00f3bitos. Os dados ainda podem sofrer altera\u00e7\u00f5es devido \u00e0 instabilidade do sistema do Minist\u00e9rio da Sa\u00fade. A base ministerial tem, eventualmente, disponibilizado informa\u00e7\u00f5es inconsistentes ou incompletas.<\/p>\n\n\n\n<p>O boletim epidemiol\u00f3gico desta ter\u00e7a contabiliza ainda 1.890.627 casos descartados e 336.220 em investiga\u00e7\u00e3o. Estes dados representam notifica\u00e7\u00f5es oficiais compiladas pela Diretoria de Vigil\u00e2ncia Epidemiol\u00f3gica em Sa\u00fade da Bahia (Divep-BA), em conjunto com as vigil\u00e2ncias municipais e as bases de dados do Minist\u00e9rio da Sa\u00fade at\u00e9 \u00e0s 17 horas desta ter\u00e7a. Na Bahia, 63.525 profissionais da sa\u00fade foram confirmados para Covid-19. Para acessar o boletim completo, clique aqui ou acesse o Business Intelligence.<\/p>\n\n\n\n<p class=\"has-black-color has-text-color has-medium-font-size\"><strong>Vacina\u00e7\u00e3o<\/strong><\/p>\n\n\n\n<p>At\u00e9 o momento temos 11.605.204 pessoas vacinadas com a primeira dose, 10.691.252 com a segunda dose ou dose \u00fanica, 5.925.591 com a dose de refor\u00e7o e 298.967 com o segundo refor\u00e7o. Do p\u00fablico de 5 a 11 anos, 954.267 crian\u00e7as j\u00e1 foram imunizadas com a primeira dose e 507.513 j\u00e1 tomaram tamb\u00e9m a segunda dose.<\/p>\n\n\n\n<p class=\"has-black-color has-text-color has-medium-font-size\"><strong>Instabilidade<\/strong><\/p>\n\n\n\n<p>Desde a \u00faltima sexta-feira (3), uma instabilidade na plataforma e-SUS Notifica e SivepGripe, do Minist\u00e9rio da Sa\u00fade, que realiza o registro dos casos ambulatoriais e interna\u00e7\u00f5es da Covid-19 no Brasil, impossibilitou que a Bahia tivesse acesso aos dados relacionados \u00e0 Covid.<\/p>\n\n\n\n<p>Diversas tentativas para a extra\u00e7\u00e3o de dados foram realizadas sem que houvesse sucesso na opera\u00e7\u00e3o. As equipes de tecnologia da Secretaria da Sa\u00fade do Estado da Bahia (Sesab) e da Companhia de Processamento de Dados do Estado da Bahia (Prodeb), bem como da Diretoria de Vigil\u00e2ncia Epidemiol\u00f3gica do Estado (Divep) contactaram o Minist\u00e9rio da Sa\u00fade, mas o sistema s\u00f3 foi retomado nesta ter\u00e7a.<\/p>\n","protected":false},"excerpt":{"rendered":"<p>Ap\u00f3s quatro dias de instabilidade na plataforma e-SUS Notifica e SivepGripe, do Minist\u00e9rio da Sa\u00fade, o registro dos casos da Covid-19 no Brasil voltaram a ser divulgados nesta ter\u00e7a-feira (07). Os n\u00fameros n\u00e3o representam o total de casos das \u00faltimas 24 horas, eles s\u00e3o fruto do ac\u00famulo de notifica\u00e7\u00f5es em virtude da falha nos sistemas [&hellip;]<\/p>\n","protected":false},"author":2,"featured_media":43990,"comment_status":"open","ping_status":"open","sticky":false,"template":"","format":"standard","meta":{"_acf_changed":false,"_monsterinsights_skip_tracking":false,"_monsterinsights_sitenote_active":false,"_monsterinsights_sitenote_note":"","_monsterinsights_sitenote_category":0,"_jetpack_memberships_contains_paid_content":false,"footnotes":"","jetpack_publicize_message":"","jetpack_publicize_feature_enabled":true,"jetpack_social_post_already_shared":true,"jetpack_social_options":{"image_generator_settings":{"template":"highway","default_image_id":0,"font":"","enabled":false},"version":2}},"categories":[7],"tags":[],"class_list":["post-65664","post","type-post","status-publish","format-standard","has-post-thumbnail","hentry","category-saude"],"acf":[],"jetpack_publicize_connections":[],"jetpack_featured_media_url":"https:\/\/i0.wp.com\/blogdoeloiltoncajuhy.com.br\/site\/wp-content\/uploads\/2020\/05\/SESAB_BoletimCoronavirus.jpeg?fit=1280%2C853&ssl=1","jetpack_sharing_enabled":true,"publishpress_future_workflow_manual_trigger":{"enabledWorkflows":[]},"_links":{"self":[{"href":"https:\/\/blogdoeloiltoncajuhy.com.br\/site\/wp-json\/wp\/v2\/posts\/65664","targetHints":{"allow":["GET"]}}],"collection":[{"href":"https:\/\/blogdoeloiltoncajuhy.com.br\/site\/wp-json\/wp\/v2\/posts"}],"about":[{"href":"https:\/\/blogdoeloiltoncajuhy.com.br\/site\/wp-json\/wp\/v2\/types\/post"}],"author":[{"embeddable":true,"href":"https:\/\/blogdoeloiltoncajuhy.com.br\/site\/wp-json\/wp\/v2\/users\/2"}],"replies":[{"embeddable":true,"href":"https:\/\/blogdoeloiltoncajuhy.com.br\/site\/wp-json\/wp\/v2\/comments?post=65664"}],"version-history":[{"count":2,"href":"https:\/\/blogdoeloiltoncajuhy.com.br\/site\/wp-json\/wp\/v2\/posts\/65664\/revisions"}],"predecessor-version":[{"id":65666,"href":"https:\/\/blogdoeloiltoncajuhy.com.br\/site\/wp-json\/wp\/v2\/posts\/65664\/revisions\/65666"}],"wp:featuredmedia":[{"embeddable":true,"href":"https:\/\/blogdoeloiltoncajuhy.com.br\/site\/wp-json\/wp\/v2\/media\/43990"}],"wp:attachment":[{"href":"https:\/\/blogdoeloiltoncajuhy.com.br\/site\/wp-json\/wp\/v2\/media?parent=65664"}],"wp:term":[{"taxonomy":"category","embeddable":true,"href":"https:\/\/blogdoeloiltoncajuhy.com.br\/site\/wp-json\/wp\/v2\/categories?post=65664"},{"taxonomy":"post_tag","embeddable":true,"href":"https:\/\/blogdoeloiltoncajuhy.com.br\/site\/wp-json\/wp\/v2\/tags?post=65664"}],"curies":[{"name":"wp","href":"https:\/\/api.w.org\/{rel}","templated":true}]}}