{"id":65655,"date":"2022-06-08T09:31:29","date_gmt":"2022-06-08T12:31:29","guid":{"rendered":"http:\/\/blogdoeloiltoncajuhy.com.br\/site\/?p=65655"},"modified":"2022-06-08T09:31:31","modified_gmt":"2022-06-08T12:31:31","slug":"fruticultores-do-vale-do-sao-francisco-advertem-setor-esta-correndo-serio-risco-de-um-colapso","status":"publish","type":"post","link":"https:\/\/blogdoeloiltoncajuhy.com.br\/site\/fruticultores-do-vale-do-sao-francisco-advertem-setor-esta-correndo-serio-risco-de-um-colapso\/","title":{"rendered":"Fruticultores do Vale do S\u00e3o Francisco advertem: setor est\u00e1 correndo s\u00e9rio risco de um colapso"},"content":{"rendered":"\n<figure class=\"wp-block-image aligncenter size-large\"><a href=\"https:\/\/i0.wp.com\/blogdoeloiltoncajuhy.com.br\/site\/wp-content\/uploads\/2022\/06\/Petrolina_Crise-na-fruticultura-01.jpg\"><img data-recalc-dims=\"1\" fetchpriority=\"high\" decoding=\"async\" width=\"800\" height=\"533\" src=\"https:\/\/i0.wp.com\/blogdoeloiltoncajuhy.com.br\/site\/wp-content\/uploads\/2022\/06\/Petrolina_Crise-na-fruticultura-01.jpg?resize=800%2C533\" alt=\"\" class=\"wp-image-65656\" srcset=\"https:\/\/i0.wp.com\/blogdoeloiltoncajuhy.com.br\/site\/wp-content\/uploads\/2022\/06\/Petrolina_Crise-na-fruticultura-01.jpg?resize=1024%2C682&amp;ssl=1 1024w, https:\/\/i0.wp.com\/blogdoeloiltoncajuhy.com.br\/site\/wp-content\/uploads\/2022\/06\/Petrolina_Crise-na-fruticultura-01.jpg?resize=300%2C200&amp;ssl=1 300w, https:\/\/i0.wp.com\/blogdoeloiltoncajuhy.com.br\/site\/wp-content\/uploads\/2022\/06\/Petrolina_Crise-na-fruticultura-01.jpg?resize=768%2C512&amp;ssl=1 768w, https:\/\/i0.wp.com\/blogdoeloiltoncajuhy.com.br\/site\/wp-content\/uploads\/2022\/06\/Petrolina_Crise-na-fruticultura-01.jpg?w=1280&amp;ssl=1 1280w\" sizes=\"(max-width: 800px) 100vw, 800px\" \/><\/a><\/figure>\n\n\n\n<p>O Sindicato dos Produtores Rurais de Petrolina (SPR), divulgou um comunicado, na tarde de segunda-feira (6), no qual pede a uni\u00e3o de esfor\u00e7os para evitar um colapso no setor de fruticultura do Vale do S\u00e3o Francisco. Com preju\u00edzos de R$ 80 milh\u00f5es em fun\u00e7\u00e3o das chuvas que ca\u00edram na regi\u00e3o, entre dezembro do ano passado e abril deste ano, aumento dos pre\u00e7os dos insumos agr\u00edcolas, do frete mar\u00edtimo e da folha de pagamento dos trabalhadores rurais, a categoria alerta para a gravidade da situa\u00e7\u00e3o sem paralelo nos \u00faltimos 15 anos.<\/p>\n\n\n\n<p>Considerada a maior fonte de renda da regi\u00e3o, a produ\u00e7\u00e3o de frutas vem enfrentando s\u00e9rios problemas ainda com a constante falta de energia el\u00e9trica e a demora para o restabelecimento do fornecimento em grande parte das propriedades agr\u00edcolas, que somam mais de 2 mil fruticultores somente em Petrolina-PE.<\/p>\n\n\n\n<p>De acordo com o presidente do SPR, Jailson Lira, como se n\u00e3o bastassem os preju\u00edzos com as chuvas, os produtores tiveram ainda que fazer altos investimentos na cobertura dos pomares e amplia\u00e7\u00e3o dos tratos culturais e drenagem das \u00e1reas afetadas. &#8220;Somente para se ter uma ideia do aumento dos custos de produ\u00e7\u00e3o, os insumos, a exemplo de fertilizantes e defensivos, acumularam altas que superam, em muitos casos, at\u00e9 100%&#8221;, ressaltou.<\/p>\n\n\n\n<p>Lira destacou tamb\u00e9m um aumento de mais de 60% nos pre\u00e7os do frete mar\u00edtimo comparado aos valores praticados em 2020. O exportador de frutas que pagava US$ 4,5 mil para embarcar um container, passou a pagar US$ 5,8 mil pelo mesmo servi\u00e7o e a previs\u00e3o \u00e9 de chegar a US$ 9,7 mil<br>durante a safra de exporta\u00e7\u00e3o no segundo semestre.<\/p>\n\n\n\n<figure class=\"wp-block-image aligncenter size-large\"><a href=\"https:\/\/i0.wp.com\/blogdoeloiltoncajuhy.com.br\/site\/wp-content\/uploads\/2022\/06\/Petrolina_Crise-na-fruticultura-02.jpg\"><img data-recalc-dims=\"1\" decoding=\"async\" width=\"800\" height=\"533\" src=\"https:\/\/i0.wp.com\/blogdoeloiltoncajuhy.com.br\/site\/wp-content\/uploads\/2022\/06\/Petrolina_Crise-na-fruticultura-02.jpg?resize=800%2C533\" alt=\"\" class=\"wp-image-65657\" srcset=\"https:\/\/i0.wp.com\/blogdoeloiltoncajuhy.com.br\/site\/wp-content\/uploads\/2022\/06\/Petrolina_Crise-na-fruticultura-02.jpg?resize=1024%2C682&amp;ssl=1 1024w, https:\/\/i0.wp.com\/blogdoeloiltoncajuhy.com.br\/site\/wp-content\/uploads\/2022\/06\/Petrolina_Crise-na-fruticultura-02.jpg?resize=300%2C200&amp;ssl=1 300w, https:\/\/i0.wp.com\/blogdoeloiltoncajuhy.com.br\/site\/wp-content\/uploads\/2022\/06\/Petrolina_Crise-na-fruticultura-02.jpg?resize=768%2C512&amp;ssl=1 768w, https:\/\/i0.wp.com\/blogdoeloiltoncajuhy.com.br\/site\/wp-content\/uploads\/2022\/06\/Petrolina_Crise-na-fruticultura-02.jpg?w=1280&amp;ssl=1 1280w\" sizes=\"(max-width: 800px) 100vw, 800px\" \/><\/a><\/figure>\n\n\n\n<p>Com rela\u00e7\u00e3o as despesas com a m\u00e3o de obra, o presidente lembrou ainda que o aumento no pagamento da folha dos trabalhadores rurais, com a reposi\u00e7\u00e3o da infla\u00e7\u00e3o em 10,16% sobre o piso salarial da categoria, elevou os sal\u00e1rios para o valor de R$ 1.264,00, al\u00e9m do reajuste nos valores fixos dos tratoristas e irrigantes.<\/p>\n\n\n\n<p>Segundo o Sindicato dos Produtores Rurais de Petrolina, essa situa\u00e7\u00e3o \u00e9 preocupante e amea\u00e7a provocar um colapso no setor que gera 100 mil empregos diretos e movimenta cerca de R$ 2,21 bilh\u00f5es nos mercados internos e externos. Terceiro maior produtor de frutas do mundo, o Vale exportou em 2021 cerca de 245 mil toneladas de mangas e 75,1 mil toneladas de uvas para os mercados norte-americano, europeu, pa\u00edses do Mercosul e Canad\u00e1. As culturas de manga e uva s\u00e3o respons\u00e1veis respectivamente por 96% e 99,9% das exporta\u00e7\u00f5es de frutas brasileiras.<\/p>\n\n\n\n<p>&#8220;Acreditamos na uni\u00e3o de for\u00e7as dos produtores e dos representantes p\u00fablicos nas esferas municipal, estadual e federal para que todo esse patrim\u00f4nio seja conservado e ampliado, visando o crescimento do Vale, desta e das futuras gera\u00e7\u00f5es&#8221;, concluiu.<\/p>\n","protected":false},"excerpt":{"rendered":"<p>O Sindicato dos Produtores Rurais de Petrolina (SPR), divulgou um comunicado, na tarde de segunda-feira (6), no qual pede a uni\u00e3o de esfor\u00e7os para evitar um colapso no setor de fruticultura do Vale do S\u00e3o Francisco. Com preju\u00edzos de R$ 80 milh\u00f5es em fun\u00e7\u00e3o das chuvas que ca\u00edram na regi\u00e3o, entre dezembro do ano passado [&hellip;]<\/p>\n","protected":false},"author":2,"featured_media":65657,"comment_status":"open","ping_status":"open","sticky":false,"template":"","format":"standard","meta":{"_acf_changed":false,"_monsterinsights_skip_tracking":false,"_monsterinsights_sitenote_active":false,"_monsterinsights_sitenote_note":"","_monsterinsights_sitenote_category":0,"_jetpack_memberships_contains_paid_content":false,"footnotes":"","jetpack_publicize_message":"","jetpack_publicize_feature_enabled":true,"jetpack_social_post_already_shared":true,"jetpack_social_options":{"image_generator_settings":{"template":"highway","default_image_id":0,"font":"","enabled":false},"version":2}},"categories":[11],"tags":[],"class_list":["post-65655","post","type-post","status-publish","format-standard","has-post-thumbnail","hentry","category-regional"],"acf":[],"jetpack_publicize_connections":[],"jetpack_featured_media_url":"https:\/\/i0.wp.com\/blogdoeloiltoncajuhy.com.br\/site\/wp-content\/uploads\/2022\/06\/Petrolina_Crise-na-fruticultura-02.jpg?fit=1280%2C853&ssl=1","jetpack_sharing_enabled":true,"publishpress_future_workflow_manual_trigger":{"enabledWorkflows":[]},"_links":{"self":[{"href":"https:\/\/blogdoeloiltoncajuhy.com.br\/site\/wp-json\/wp\/v2\/posts\/65655","targetHints":{"allow":["GET"]}}],"collection":[{"href":"https:\/\/blogdoeloiltoncajuhy.com.br\/site\/wp-json\/wp\/v2\/posts"}],"about":[{"href":"https:\/\/blogdoeloiltoncajuhy.com.br\/site\/wp-json\/wp\/v2\/types\/post"}],"author":[{"embeddable":true,"href":"https:\/\/blogdoeloiltoncajuhy.com.br\/site\/wp-json\/wp\/v2\/users\/2"}],"replies":[{"embeddable":true,"href":"https:\/\/blogdoeloiltoncajuhy.com.br\/site\/wp-json\/wp\/v2\/comments?post=65655"}],"version-history":[{"count":2,"href":"https:\/\/blogdoeloiltoncajuhy.com.br\/site\/wp-json\/wp\/v2\/posts\/65655\/revisions"}],"predecessor-version":[{"id":65659,"href":"https:\/\/blogdoeloiltoncajuhy.com.br\/site\/wp-json\/wp\/v2\/posts\/65655\/revisions\/65659"}],"wp:featuredmedia":[{"embeddable":true,"href":"https:\/\/blogdoeloiltoncajuhy.com.br\/site\/wp-json\/wp\/v2\/media\/65657"}],"wp:attachment":[{"href":"https:\/\/blogdoeloiltoncajuhy.com.br\/site\/wp-json\/wp\/v2\/media?parent=65655"}],"wp:term":[{"taxonomy":"category","embeddable":true,"href":"https:\/\/blogdoeloiltoncajuhy.com.br\/site\/wp-json\/wp\/v2\/categories?post=65655"},{"taxonomy":"post_tag","embeddable":true,"href":"https:\/\/blogdoeloiltoncajuhy.com.br\/site\/wp-json\/wp\/v2\/tags?post=65655"}],"curies":[{"name":"wp","href":"https:\/\/api.w.org\/{rel}","templated":true}]}}