{"id":65650,"date":"2022-06-08T08:52:20","date_gmt":"2022-06-08T11:52:20","guid":{"rendered":"http:\/\/blogdoeloiltoncajuhy.com.br\/site\/?p=65650"},"modified":"2022-06-08T08:52:22","modified_gmt":"2022-06-08T11:52:22","slug":"cantor-que-fez-homenagem-a-senhor-do-bonfim-vai-receber-comenda-2-de-julho-na-alba","status":"publish","type":"post","link":"https:\/\/blogdoeloiltoncajuhy.com.br\/site\/cantor-que-fez-homenagem-a-senhor-do-bonfim-vai-receber-comenda-2-de-julho-na-alba\/","title":{"rendered":"Cantor que fez homenagem a Senhor do Bonfim vai receber Comenda 2 de Julho na Alba"},"content":{"rendered":"\n<figure class=\"wp-block-image aligncenter size-full\"><a href=\"https:\/\/i0.wp.com\/blogdoeloiltoncajuhy.com.br\/site\/wp-content\/uploads\/2022\/06\/delfeliz.jpg\"><img data-recalc-dims=\"1\" fetchpriority=\"high\" decoding=\"async\" width=\"636\" height=\"482\" src=\"https:\/\/i0.wp.com\/blogdoeloiltoncajuhy.com.br\/site\/wp-content\/uploads\/2022\/06\/delfeliz.jpg?resize=636%2C482\" alt=\"\" class=\"wp-image-65651\" srcset=\"https:\/\/i0.wp.com\/blogdoeloiltoncajuhy.com.br\/site\/wp-content\/uploads\/2022\/06\/delfeliz.jpg?w=636&amp;ssl=1 636w, https:\/\/i0.wp.com\/blogdoeloiltoncajuhy.com.br\/site\/wp-content\/uploads\/2022\/06\/delfeliz.jpg?resize=300%2C227&amp;ssl=1 300w\" sizes=\"(max-width: 636px) 100vw, 636px\" \/><\/a><\/figure>\n\n\n\n<p>O cantor e compositor Del Feliz ser\u00e1 homenageado na Assembleia Legislativa da Bahia quando receber\u00e1 a Comenda 2 de Julho, no pr\u00f3ximo dia 13. A homenagem \u00e9 fruto de uma indica\u00e7\u00e3o da Deputada Neusa Cadore (PT).<\/p>\n\n\n\n<p>&#8220;Vou receber a Comenda 2 de Julho, a maior honraria do Estado da Bahia. Vamos celebrar juntos esse momento especial para mim, para minha carreira e que compartilho com toda a na\u00e7\u00e3o forrozeira&#8221;, diz emocionado o cantor.<\/p>\n\n\n\n<p>Natural de Riach\u00e3o do Jacu\u00edpe (BA), em seus 22 anos de carreira, Del Feliz tem contribu\u00eddo para divulgar e valorizar a cultura nordestina e o S\u00e3o Jo\u00e3o da Bahia no pa\u00eds e no mundo. Premiado internacionalmente, \u00e9 padrinho nacional da campanha de Registro do Forr\u00f3 como Patrim\u00f4nio Cultural e Imaterial do Brasil, oficializado em 2021, e luta pelo reconhecimento do forr\u00f3 tamb\u00e9m como patrim\u00f4nio da humanidade.<\/p>\n\n\n\n<p>&#8220;Por toda a contribui\u00e7\u00e3o de Del \u00e0 Bahia e ao Brasil, pelos artistas e fazedores da cultura, por um pa\u00eds que abrace sua diversidade, esperamos voc\u00ea nessa celebra\u00e7\u00e3o&#8221;, falou a deputada.<\/p>\n\n\n\n<p>Del Feliz j\u00e1 homenageou Bonfim em duas oportunidades. Em 2006, quando gravou o single <em>&#8220;Senhor do Bonfim&#8221;<\/em>, por ocasi\u00e3o do anivers\u00e1rio da cidade e, em 2020 com a m\u00fasica <em>&#8220;Sou de Senhor do Bonfim&#8221;<\/em>, que vem sendo bastante tocada na programa\u00e7\u00e3o da Cara\u00edba FM.<\/p>\n\n\n\n<figure class=\"wp-block-embed is-type-video is-provider-youtube wp-block-embed-youtube wp-embed-aspect-16-9 wp-has-aspect-ratio\"><div class=\"wp-block-embed__wrapper\">\n<iframe title=\"Senhor do Bonfim - BA (1a Sess\u00e3o)\" width=\"800\" height=\"450\" src=\"https:\/\/www.youtube.com\/embed\/Zaj7a10QndM?feature=oembed\" frameborder=\"0\" allow=\"accelerometer; autoplay; clipboard-write; encrypted-media; gyroscope; picture-in-picture\" allowfullscreen><\/iframe>\n<\/div><figcaption>Clipe produzido pela Nestl\u00e9 em 2010, tendo como fundo a m\u00fasica &#8220;Senhor do Bonfim&#8221; de Del Feliz<\/figcaption><\/figure>\n\n\n\n<figure class=\"wp-block-embed is-type-rich is-provider-soundcloud wp-block-embed-soundcloud\"><div class=\"wp-block-embed__wrapper\">\n<iframe title=\"DEL FELIZ - SOU DE SENHOR DO BONFIM by Eloilton Cajuhy\" width=\"800\" height=\"400\" scrolling=\"no\" frameborder=\"no\" src=\"https:\/\/w.soundcloud.com\/player\/?visual=true&#038;url=https%3A%2F%2Fapi.soundcloud.com%2Ftracks%2F1283474461&#038;show_artwork=true&#038;maxheight=1000&#038;maxwidth=800\"><\/iframe>\n<\/div><figcaption>Ou\u00e7a &#8220;Sou de Senhor do Bonfim&#8221; com Del Feliz<\/figcaption><\/figure>\n","protected":false},"excerpt":{"rendered":"<p>O cantor e compositor Del Feliz ser\u00e1 homenageado na Assembleia Legislativa da Bahia quando receber\u00e1 a Comenda 2 de Julho, no pr\u00f3ximo dia 13. A homenagem \u00e9 fruto de uma indica\u00e7\u00e3o da Deputada Neusa Cadore (PT). &#8220;Vou receber a Comenda 2 de Julho, a maior honraria do Estado da Bahia. Vamos celebrar juntos esse momento [&hellip;]<\/p>\n","protected":false},"author":2,"featured_media":65652,"comment_status":"open","ping_status":"open","sticky":false,"template":"","format":"standard","meta":{"_acf_changed":false,"_monsterinsights_skip_tracking":false,"_monsterinsights_sitenote_active":false,"_monsterinsights_sitenote_note":"","_monsterinsights_sitenote_category":0,"_jetpack_memberships_contains_paid_content":false,"footnotes":"","jetpack_publicize_message":"","jetpack_publicize_feature_enabled":true,"jetpack_social_post_already_shared":true,"jetpack_social_options":{"image_generator_settings":{"template":"highway","default_image_id":0,"font":"","enabled":false},"version":2}},"categories":[8],"tags":[],"class_list":["post-65650","post","type-post","status-publish","format-standard","has-post-thumbnail","hentry","category-cultura"],"acf":[],"jetpack_publicize_connections":[],"jetpack_featured_media_url":"https:\/\/i0.wp.com\/blogdoeloiltoncajuhy.com.br\/site\/wp-content\/uploads\/2022\/06\/Del-Feliz-08062022.jpg?fit=400%2C400&ssl=1","jetpack_sharing_enabled":true,"publishpress_future_workflow_manual_trigger":{"enabledWorkflows":[]},"_links":{"self":[{"href":"https:\/\/blogdoeloiltoncajuhy.com.br\/site\/wp-json\/wp\/v2\/posts\/65650","targetHints":{"allow":["GET"]}}],"collection":[{"href":"https:\/\/blogdoeloiltoncajuhy.com.br\/site\/wp-json\/wp\/v2\/posts"}],"about":[{"href":"https:\/\/blogdoeloiltoncajuhy.com.br\/site\/wp-json\/wp\/v2\/types\/post"}],"author":[{"embeddable":true,"href":"https:\/\/blogdoeloiltoncajuhy.com.br\/site\/wp-json\/wp\/v2\/users\/2"}],"replies":[{"embeddable":true,"href":"https:\/\/blogdoeloiltoncajuhy.com.br\/site\/wp-json\/wp\/v2\/comments?post=65650"}],"version-history":[{"count":2,"href":"https:\/\/blogdoeloiltoncajuhy.com.br\/site\/wp-json\/wp\/v2\/posts\/65650\/revisions"}],"predecessor-version":[{"id":65654,"href":"https:\/\/blogdoeloiltoncajuhy.com.br\/site\/wp-json\/wp\/v2\/posts\/65650\/revisions\/65654"}],"wp:featuredmedia":[{"embeddable":true,"href":"https:\/\/blogdoeloiltoncajuhy.com.br\/site\/wp-json\/wp\/v2\/media\/65652"}],"wp:attachment":[{"href":"https:\/\/blogdoeloiltoncajuhy.com.br\/site\/wp-json\/wp\/v2\/media?parent=65650"}],"wp:term":[{"taxonomy":"category","embeddable":true,"href":"https:\/\/blogdoeloiltoncajuhy.com.br\/site\/wp-json\/wp\/v2\/categories?post=65650"},{"taxonomy":"post_tag","embeddable":true,"href":"https:\/\/blogdoeloiltoncajuhy.com.br\/site\/wp-json\/wp\/v2\/tags?post=65650"}],"curies":[{"name":"wp","href":"https:\/\/api.w.org\/{rel}","templated":true}]}}